{"id":677564,"date":"2026-02-18T21:36:04","date_gmt":"2026-02-18T21:36:04","guid":{"rendered":"https:\/\/microscopemedia.com\/?p=677564"},"modified":"2026-02-18T21:36:04","modified_gmt":"2026-02-18T21:36:04","slug":"brancusi-in-anul-sau-evenimente-dedicate-lui-brancusi-in-anul-brancusi-in-tara-lui-brancusi","status":"publish","type":"post","link":"https:\/\/microscopemedia.com\/?p=677564","title":{"rendered":"Br\u00e2ncu\u0219i \u00een anul s\u0103u \/ Evenimente dedicate lui Br\u00e2ncu\u0219i \u00een Anul Br\u00e2ncu\u0219i \u00een \u021bara lui Br\u00e2ncu\u0219i"},"content":{"rendered":"<div><img decoding=\"async\" src=\"https:\/\/microscopemedia.com\/wp-content\/uploads\/2026\/02\/brancusi-in-anul-sau-evenimente-dedicate-lui-brancusi-in-anul-brancusi-in-tara-lui-brancusi.jpg\" class=\"ff-og-image-inserted\"><\/div>\n<p id=\"p-0\">Declarat oficial Anul <a href=\"https:\/\/www.mediafax.ro\/cultura-media\/tu-esti-brancusi-oglinda-gigant-poarta-sarutului-la-palatul-cesianu-racovita-brancusi-ne-priveste-pe-toti-23686395\">Constantin Br\u00e2ncu\u0219i<\/a>, 2026 marcheaz\u0103 \u00eemplinirea a 150 de ani de la na\u0219terea unuia dintre cei mai influen\u021bi arti\u0219ti ai modernit\u0103\u021bii.<\/p>\n<p id=\"p-1\">Ministerul Culturii coordoneaz\u0103 un amplu program na\u021bional \u0219i interna\u021bional de evenimente, expozi\u021bii, concerte \u0219i proiecte educa\u021bionale menite s\u0103 aduc\u0103 \u00een aten\u021bia publicului opera, g\u00e2ndirea \u0219i mo\u0219tenirea spiritual\u0103 a marelui sculptor.<\/p>\n<p id=\"p-2\">Programul reune\u0219te ini\u021biative interdisciplinare care pun crea\u021bia lui Br\u00e2ncu\u0219i \u00eentr-un dialog normal cu arta contemporan\u0103 \u0219i cu publicul de ast\u0103zi, confirm\u00e2nd, prin asta, actualitatea \u0219i for\u021ba operei sale.<\/p>\n<h2 id=\"chapter-0\">Premii, expozi\u021bii \u0219i muzic\u0103 la Ministerul Culturii<\/h2>\n<p id=\"p-3\">Primul eveniment dedicat Anului Br\u00e2ncu\u0219i va avea loc joi, 19 februarie 2026, la Ministerul Culturii, unde Filiala de Sculptur\u0103 a Uniunii Arti\u0219tilor Plastici din Bucure\u0219ti va organiza ceremonia de decernare a premiilor anuale.<\/p>\n<p id=\"p-4\">Programul include o prezentare sus\u021binut\u0103 de prof. univ. dr. Cristian-Robert Velescu, un moment muzical live \u0219i vernisajul unei expozi\u021bii de sculptur\u0103 semnate de Paul Barbu, Neculai P\u0103duraru \u0219i Adrian Piorescu.<\/p>\n<h2 id=\"chapter-1\">Expozi\u021bii \u0219i proiecte interna\u021bionale<\/h2>\n<p id=\"p-5\">Evenimentele dedicate lui Br\u00e2ncu\u0219i vor dep\u0103\u0219i grani\u021bele \u021b\u0103rii. Institutul Na\u021bional al Patrimoniului va itinerara expozi\u021bia \u201eBr\u00e2ncu\u0219i \u0219i muzele dansului\u201d \u00een Italia, Fran\u021ba, Marea Britanie \u0219i Spania, explor\u00e2nd dialogul dintre sculptur\u0103, dans \u0219i mod\u0103 inspirat de colaborarea artistului cu dansatoarea Lizica Codreanu.<\/p>\n<p id=\"p-6\">Totodat\u0103, la Bucure\u0219ti va fi organizat\u0103 \u201eCina Br\u00e2ncu\u0219i\u201d, o serat\u0103 cultural\u0103 avangardist\u0103 care recreeaz\u0103 atmosfera atelierului parizian al sculptorului prin dans, muzic\u0103 live \u0219i gastronomie conceptual\u0103.<\/p>\n<h2 id=\"chapter-2\">Muzee \u0219i institu\u021bii culturale<\/h2>\n<p id=\"p-7\">Muzeul Na\u021bional de Art\u0103 al Rom\u00e2niei organizeaz\u0103 expozi\u021bii majore, printre care \u201eBr\u00e2ncu\u0219i ne prive\u0219te pe to\u021bi\u201d (februarie 2026), expozi\u021bia \u201eOriginile Infinitului\u201d la Roma \u0219i participarea la retrospectiva Br\u00e2ncu\u0219i de la Berlin, unde va fi expus\u0103 sculptura <em>Somnul<\/em>.<\/p>\n<p id=\"p-8\">Biblioteca Na\u021bional\u0103 preg\u0103te\u0219te o expozi\u021bie documentar\u0103 cu volume \u0219i publica\u021bii dedicate vie\u021bii \u0219i operei sculptorului.<\/p>\n<p id=\"p-9\">La T\u00e2rgu Jiu, Muzeul Na\u021bional Constantin Br\u00e2ncu\u0219i deschide programul aniversar cu expozi\u021bia \u201eBR\u00c2NCU\u0218I 150\u201d, reunind lucr\u0103rile a 29 de graficieni contemporani dintr-un proiect interna\u021bional desf\u0103\u0219urat \u00een 21 de \u021b\u0103ri. Vernisajul va avea loc \u00een prezen\u021ba ministrului culturii, Andr\u00e1s Istv\u00e1n Demeter.<\/p>\n<p id=\"p-10\">Muzic\u0103, teatru \u0219i mod\u0103 inspirate de Br\u00e2ncu\u0219i<\/p>\n<p id=\"p-11\">Anul aniversar include \u0219i proiecte interdisciplinare:<\/p>\n<ul>\n<li>Festivalul World New Music Days 2026, organizat la Bucure\u0219ti, va avea tema <em>Coloana Infint\u0103<\/em><\/li>\n<li>Muzeul Na\u021bional George Enescu organizeaz\u0103 recitalul Br\u00e2ncu\u0219i 150<\/li>\n<li>Muzeul \u021a\u0103ranului Rom\u00e2n propune expozi\u021bii care traduc formele br\u00e2ncu\u0219iene \u00een limbaj vestimentar \u0219i multimedia<\/li>\n<li>Teatrul Na\u021bional de Operet\u0103 \u201eIon Dacian\u201d integreaz\u0103 simbolistica br\u00e2ncu\u0219ian\u0103 \u00een spectacolul <em>Cantafabule<\/em><\/li>\n<li>Teatrul Na\u021bional Timi\u0219oara \u0219i Opera Na\u021bional\u0103 Bucure\u0219ti preg\u0103tesc o produc\u021bie scenic\u0103 dedicat\u0103 vie\u021bii sculptorului<\/li>\n<\/ul>\n<p id=\"p-12\">Centrul de Cultur\u0103 \u201eGeorge Apostu\u201d organizeaz\u0103 simpozioane, masterclassuri \u0219i expozi\u021bii dedicate genera\u021biei contemporane, iar Muzeul Na\u021bional Pele\u0219 preg\u0103te\u0219te expozi\u021bia \u201eMarele Omagiu adus lui Br\u00e2ncu\u0219i\u201d.<\/p>\n<p id=\"p-13\">Pe parcursul anului, vor avea loc conferin\u021be, trienale \u0219i gale dedicate sculpturii, culmin\u00e2nd cu Gala \u201eConstantin Br\u00e2ncu\u0219i\u201d din noiembrie 2026.<\/p>\n","protected":false},"excerpt":{"rendered":"<p>Declarat oficial Anul Constantin Br\u00e2ncu\u0219i, 2026 marcheaz\u0103 \u00eemplinirea a 150 de ani de la na\u0219terea unuia dintre cei mai influen\u021bi arti\u0219ti ai modernit\u0103\u021bii. Ministerul Culturii coordoneaz\u0103 un amplu program na\u021bional &hellip; <a href=\"https:\/\/microscopemedia.com\/?p=677564\" class=\"more-link\">Read More<\/a><\/p>\n","protected":false},"author":1,"featured_media":677565,"comment_status":"closed","ping_status":"closed","sticky":false,"template":"Default","format":"standard","meta":[],"categories":[1],"tags":[],"_links":{"self":[{"href":"https:\/\/microscopemedia.com\/index.php?rest_route=\/wp\/v2\/posts\/677564"}],"collection":[{"href":"https:\/\/microscopemedia.com\/index.php?rest_route=\/wp\/v2\/posts"}],"about":[{"href":"https:\/\/microscopemedia.com\/index.php?rest_route=\/wp\/v2\/types\/post"}],"author":[{"embeddable":true,"href":"https:\/\/microscopemedia.com\/index.php?rest_route=\/wp\/v2\/users\/1"}],"replies":[{"embeddable":true,"href":"https:\/\/microscopemedia.com\/index.php?rest_route=%2Fwp%2Fv2%2Fcomments&post=677564"}],"version-history":[{"count":0,"href":"https:\/\/microscopemedia.com\/index.php?rest_route=\/wp\/v2\/posts\/677564\/revisions"}],"wp:featuredmedia":[{"embeddable":true,"href":"https:\/\/microscopemedia.com\/index.php?rest_route=\/wp\/v2\/media\/677565"}],"wp:attachment":[{"href":"https:\/\/microscopemedia.com\/index.php?rest_route=%2Fwp%2Fv2%2Fmedia&parent=677564"}],"wp:term":[{"taxonomy":"category","embeddable":true,"href":"https:\/\/microscopemedia.com\/index.php?rest_route=%2Fwp%2Fv2%2Fcategories&post=677564"},{"taxonomy":"post_tag","embeddable":true,"href":"https:\/\/microscopemedia.com\/index.php?rest_route=%2Fwp%2Fv2%2Ftags&post=677564"}],"curies":[{"name":"wp","href":"https:\/\/api.w.org\/{rel}","templated":true}]}}