{"id":677592,"date":"2026-02-19T03:56:03","date_gmt":"2026-02-19T03:56:03","guid":{"rendered":"https:\/\/microscopemedia.com\/?p=677592"},"modified":"2026-02-19T03:56:03","modified_gmt":"2026-02-19T03:56:03","slug":"mark-zuckerberg-a-depus-marturie-in-procesul-privind-impactul-instagram-asupra-copiilor","status":"publish","type":"post","link":"https:\/\/microscopemedia.com\/?p=677592","title":{"rendered":"Mark Zuckerberg a depus m\u0103rturie \u00een procesul privind impactul Instagram asupra copiilor"},"content":{"rendered":"<div><img decoding=\"async\" src=\"https:\/\/microscopemedia.com\/wp-content\/uploads\/2026\/02\/mark-zuckerberg-a-depus-marturie-in-procesul-privind-impactul-instagram-asupra-copiilor.jpg\" class=\"ff-og-image-inserted\"><\/div>\n<h2 id=\"chapter-0\">Un proces f\u0103r\u0103 precedent<\/h2>\n<p id=\"p-0\"><span>Audierea lui Mark Zuckerberg face parte dintr-un proces f\u0103r\u0103 precedent, aflat pe rolul Tribunalului Superior din Los Angeles care analizeaz\u0103 dac\u0103 marile companii de social media au contribuit deliberat la v\u0103t\u0103marea copiilor prin produsele lor.<\/span><\/p>\n<p id=\"p-1\"><span>Procesul, care a debutat la \u00eenceputul lunii februarie, a fost intentat \u00een numele unei tinere, identificat\u0103 prin ini\u021bialele KGM, care sus\u021bine c\u0103 utilizarea timpurie a re\u021belelor sociale a dus la dependen\u021b\u0103, depresie \u0219i g\u00e2nduri suicidare, relateaz\u0103 <span><a href=\"https:\/\/apnews.com\/article\/mark-zuckerberg-trial-testimony-instagram-c8cbaa32ccbf4933ec3a7beebd6cf34b\">Associated Press<\/a><\/span>.&nbsp;<\/span><\/p>\n<p id=\"p-2\"><span>\u00cen prezent, Meta, compania-mam\u0103 a Instagram, \u0219i YouTube, de\u021binut\u0103 de Google, sunt singurii p\u00e2r\u00e2\u021bi r\u0103ma\u0219i \u00een proces, dup\u0103 ce TikTok \u0219i Snap au ajuns la \u00een\u021belegeri pentru sume care nu au fost publicate.&nbsp;<\/span><\/p>\n<p id=\"p-3\"><span>\u00cen cadrul m\u0103rturiei, Zuckerberg a respins ideea c\u0103 Instagram ar fi conceput pentru a crea dependen\u021b\u0103, afirm\u00e2nd c\u0103 nu consider\u0103 c\u0103 acest concept se aplic\u0103 platformei.&nbsp;<\/span><\/p>\n<h2 id=\"chapter-1\">Declara\u021biile lui Zuckerberg \u00een fa\u021ba instan\u021bei<\/h2>\n<p id=\"p-4\"><span>Audierea lui Zuckerberg a fost condus\u0103 de avocatul reclamantei, Mark Lanier, care a deschis seria de \u00eentreb\u0103ri prezent\u00e2nd trei op\u021biuni pe care companiile le au \u00een raport cu persoanele vulnerabile: s\u0103 le ajute, s\u0103 le ignore sau \u201es\u0103 profite de ele\u201d, la care CEO-ul a r\u0103spuns: \u201eCred c\u0103 o companie rezonabil\u0103 ar trebui s\u0103 \u00eencerce s\u0103-i ajute pe cei care folosesc serviciile sale\u201d.&nbsp;<\/span><\/p>\n<p id=\"p-5\"><span>Avocatul l-a mai \u00eentrebat pe Zuckerberg dac\u0103 oamenii tind s\u0103 foloseasc\u0103 mai mult un produs atunci c\u00e2nd acesta este adictiv, acesta r\u0103spunz\u00e2nd: \u201eNu sunt sigur ce s\u0103 spun la asta. Nu cred c\u0103 se aplic\u0103 aici\u201d.&nbsp;<\/span><\/p>\n<p id=\"p-6\"><span>Lanier a prezentat \u0219i documente interne care ar\u0103tau c\u0103 angaja\u021bii Instagram aveau obiective legate de cre\u0219terea timpului petrecut de utilizatori pe platform\u0103, \u00eens\u0103 Zuckerberg a sus\u021binut c\u0103 astfel de obiective au existat \u00een trecut, dar a precizat c\u0103 Meta a decis ulterior s\u0103 renun\u021be la ele, orient\u00e2ndu-se spre utilitatea produselor.&nbsp;<\/span><\/p>\n<p id=\"p-7\"><span>Lanier l-a interogat \u0219i \u00een leg\u0103tur\u0103 cu filtrele de pe Instagram, suger\u00e2nd c\u0103 acestea pot contribui la probleme de imagine corporal\u0103 \u00een r\u00e2ndul tinerilor. Zuckerberg a declarat c\u0103 nu exist\u0103 suficiente dovezi clare privind efectele nocive ale acestor filtre.&nbsp;<\/span><\/p>\n<p id=\"p-8\"><span>De-a lungul audierii, Zuckerberg a contestat \u00een mod repetat \u201ecaracterizarea\u201d f\u0103cut\u0103 de Lanier, r\u0103m\u00e2n\u00e2nd fidel ideii c\u0103 Meta \u00eencearc\u0103 s\u0103 construiasc\u0103 platforme utile utilizatorilor.&nbsp;<\/span><\/p>\n<p id=\"p-9\"><span>Avoca\u021bii Meta sus\u021bin c\u0103, de\u0219i nu contest\u0103 dificult\u0103\u021bile de s\u0103n\u0103tate mintal\u0103 ale reclamantei, nu exist\u0103 dovezi c\u0103 Instagram ar fi fost un factor determinant \u00een apari\u021bia acestora.&nbsp;<\/span><\/p>\n<p id=\"p-10\">&nbsp;<\/p>\n","protected":false},"excerpt":{"rendered":"<p>Un proces f\u0103r\u0103 precedent Audierea lui Mark Zuckerberg face parte dintr-un proces f\u0103r\u0103 precedent, aflat pe rolul Tribunalului Superior din Los Angeles care analizeaz\u0103 dac\u0103 marile companii de social media &hellip; <a href=\"https:\/\/microscopemedia.com\/?p=677592\" class=\"more-link\">Read More<\/a><\/p>\n","protected":false},"author":1,"featured_media":677593,"comment_status":"closed","ping_status":"closed","sticky":false,"template":"Default","format":"standard","meta":[],"categories":[1],"tags":[],"_links":{"self":[{"href":"https:\/\/microscopemedia.com\/index.php?rest_route=\/wp\/v2\/posts\/677592"}],"collection":[{"href":"https:\/\/microscopemedia.com\/index.php?rest_route=\/wp\/v2\/posts"}],"about":[{"href":"https:\/\/microscopemedia.com\/index.php?rest_route=\/wp\/v2\/types\/post"}],"author":[{"embeddable":true,"href":"https:\/\/microscopemedia.com\/index.php?rest_route=\/wp\/v2\/users\/1"}],"replies":[{"embeddable":true,"href":"https:\/\/microscopemedia.com\/index.php?rest_route=%2Fwp%2Fv2%2Fcomments&post=677592"}],"version-history":[{"count":0,"href":"https:\/\/microscopemedia.com\/index.php?rest_route=\/wp\/v2\/posts\/677592\/revisions"}],"wp:featuredmedia":[{"embeddable":true,"href":"https:\/\/microscopemedia.com\/index.php?rest_route=\/wp\/v2\/media\/677593"}],"wp:attachment":[{"href":"https:\/\/microscopemedia.com\/index.php?rest_route=%2Fwp%2Fv2%2Fmedia&parent=677592"}],"wp:term":[{"taxonomy":"category","embeddable":true,"href":"https:\/\/microscopemedia.com\/index.php?rest_route=%2Fwp%2Fv2%2Fcategories&post=677592"},{"taxonomy":"post_tag","embeddable":true,"href":"https:\/\/microscopemedia.com\/index.php?rest_route=%2Fwp%2Fv2%2Ftags&post=677592"}],"curies":[{"name":"wp","href":"https:\/\/api.w.org\/{rel}","templated":true}]}}