{"id":677604,"date":"2026-02-19T05:46:03","date_gmt":"2026-02-19T05:46:03","guid":{"rendered":"https:\/\/microscopemedia.com\/?p=677604"},"modified":"2026-02-19T05:46:03","modified_gmt":"2026-02-19T05:46:03","slug":"imbuteliatorul-coca-cola-din-sua-dat-in-judecata-dupa-organizarea-unui-eveniment-in-care-a-exclus-barbatii","status":"publish","type":"post","link":"https:\/\/microscopemedia.com\/?p=677604","title":{"rendered":"\u00cembuteliatorul Coca-Cola din SUA, dat \u00een judecat\u0103 dup\u0103 organizarea unui eveniment \u00een care a exclus b\u0103rba\u021bii"},"content":{"rendered":"<div><img decoding=\"async\" src=\"https:\/\/microscopemedia.com\/wp-content\/uploads\/2026\/02\/imbuteliatorul-coca-cola-din-sua-dat-in-judecata-dupa-organizarea-unui-eveniment-in-care-a-exclus-barbatii.jpg\" class=\"ff-og-image-inserted\"><\/div>\n<p id=\"p-0\">Este primul proces al agen\u021biei privind programele de diversitate la locul de munc\u0103 de la preluarea mandatului de c\u0103tre Donald Trump, potrivit <a href=\"https:\/\/www.reuters.com\/legal\/government\/us-agency-sues-coca-cola-bottler-over-employee-event-that-excluded-men-2026-02-18\/\" target=\"_blank\" rel=\"noopener\">Reuters<\/a>.<\/p>\n<p id=\"p-1\">Procesul, deschis de Comisia pentru Egalitate \u00een Ocuparea For\u021bei de Munc\u0103 din SUA, sus\u021bine c\u0103 Coca-Cola Beverages Northeast a \u00eenc\u0103lcat legea federal\u0103 c\u00e2nd a organizat evenimentul pentru aproximativ 250 de angajate la un cazinou din Connecticut \u00een septembrie 2024.<\/p>\n<p id=\"p-2\">Compania nu a r\u0103spuns imediat la solicitarea de comentarii. Aceasta este de\u021binut\u0103 de Kirin Holdings, o companie japonez\u0103. Coca-Cola nu este p\u00e2r\u00e2t\u0103 \u00een acest caz.<\/p>\n<p id=\"p-3\">Cazul din instan\u021ba federal\u0103 din New Hampshire este un prim test al afirma\u021biilor oficialilor administra\u021biei Trump, inclusiv ale pre\u0219edintei EEOC, Andrea Lucas, potrivit c\u0103rora multe programe comune de diversitate, echitate \u0219i incluziune la locul de munc\u0103 constituie o discriminare invers\u0103 ilegal\u0103.<\/p>\n<p id=\"p-4\">Trump a ac\u021bionat agresiv pentru a eradica DEI din guvernul federal, sectorul privat \u0219i \u00eenv\u0103\u021b\u0103m\u00e2ntul superior, afirm\u00e2nd c\u0103 este discriminatoriu \u0219i erodeaz\u0103 procesul decizional bazat pe merit.<\/p>\n<p id=\"p-5\">DEI se refer\u0103 la o gam\u0103 larg\u0103 de programe \u0219i politici care, potrivit sus\u021bin\u0103torilor, promoveaz\u0103 tratamentul echitabil \u0219i participarea deplin\u0103 a grupurilor care, din punct de vedere istoric, au fost subreprezentate sau au fost victime ale discrimin\u0103rii.<\/p>\n<h2 id=\"chapter-0\">Alte companii investigate<\/h2>\n<p id=\"p-6\">Comisia investigheaz\u0103 Nike \u0219i Northwestern Mutual Insurance pentru presupusa discriminare \u00eempotriva lucr\u0103torilor albi \u0219i, anul trecut, a cerut ca 20 de firme de avocatur\u0103 importante s\u0103 furnizeze informa\u021bii despre politicile lor DEI.<\/p>\n<p id=\"p-7\">Dar procesul \u00eempotriva \u00eembuteliatorului Coca-Cola este primul intentat de EEOC pentru a sus\u021bine c\u0103 un program la locul de munc\u0103 axat pe diversitate este ilegal.<\/p>\n<p id=\"p-8\">Consilierul general interimar al EEOC, Catherine Eschbach, a declarat c\u0103 excluderea unei categorii protejate de lucr\u0103tori, cum ar fi b\u0103rba\u021bii, de la orice eveniment sponsorizat de angajator este ilegal\u0103.<\/p>\n<p id=\"p-9\">\u201eEEOC r\u0103m\u00e2ne angajat\u0103 s\u0103 se asigure c\u0103 to\u021bi angaja\u021bii \u2013 at\u00e2t b\u0103rba\u021bii, c\u00e2t \u0219i femeile \u2013 beneficiaz\u0103 de acces egal la toate aspectele legate de locul de munc\u0103\u201d, a declarat Eschbach \u00eentr-un comunicat.<\/p>\n<p id=\"p-10\">Comisia a declarat \u00een proces c\u0103 evenimentul de networking de dou\u0103 zile a inclus o recep\u021bie social\u0103, exerci\u021bii de team building, activit\u0103\u021bi recreative \u0219i vorbitori, printre care un director executiv de la Coca-Cola.<\/p>\n<p id=\"p-11\">Coca-Cola Beverages Northeast a scutit angajatele care au participat la eveniment de la \u00eendatoririle lor normale de serviciu, f\u0103r\u0103 a le cere s\u0103 utilizeze concediul pl\u0103tit, \u0219i a acoperit toate cheltuielile de cazare la hotel, potrivit procesului.<\/p>\n","protected":false},"excerpt":{"rendered":"<p>Este primul proces al agen\u021biei privind programele de diversitate la locul de munc\u0103 de la preluarea mandatului de c\u0103tre Donald Trump, potrivit Reuters. Procesul, deschis de Comisia pentru Egalitate \u00een &hellip; <a href=\"https:\/\/microscopemedia.com\/?p=677604\" class=\"more-link\">Read More<\/a><\/p>\n","protected":false},"author":1,"featured_media":677605,"comment_status":"closed","ping_status":"closed","sticky":false,"template":"Default","format":"standard","meta":[],"categories":[1],"tags":[],"_links":{"self":[{"href":"https:\/\/microscopemedia.com\/index.php?rest_route=\/wp\/v2\/posts\/677604"}],"collection":[{"href":"https:\/\/microscopemedia.com\/index.php?rest_route=\/wp\/v2\/posts"}],"about":[{"href":"https:\/\/microscopemedia.com\/index.php?rest_route=\/wp\/v2\/types\/post"}],"author":[{"embeddable":true,"href":"https:\/\/microscopemedia.com\/index.php?rest_route=\/wp\/v2\/users\/1"}],"replies":[{"embeddable":true,"href":"https:\/\/microscopemedia.com\/index.php?rest_route=%2Fwp%2Fv2%2Fcomments&post=677604"}],"version-history":[{"count":0,"href":"https:\/\/microscopemedia.com\/index.php?rest_route=\/wp\/v2\/posts\/677604\/revisions"}],"wp:featuredmedia":[{"embeddable":true,"href":"https:\/\/microscopemedia.com\/index.php?rest_route=\/wp\/v2\/media\/677605"}],"wp:attachment":[{"href":"https:\/\/microscopemedia.com\/index.php?rest_route=%2Fwp%2Fv2%2Fmedia&parent=677604"}],"wp:term":[{"taxonomy":"category","embeddable":true,"href":"https:\/\/microscopemedia.com\/index.php?rest_route=%2Fwp%2Fv2%2Fcategories&post=677604"},{"taxonomy":"post_tag","embeddable":true,"href":"https:\/\/microscopemedia.com\/index.php?rest_route=%2Fwp%2Fv2%2Ftags&post=677604"}],"curies":[{"name":"wp","href":"https:\/\/api.w.org\/{rel}","templated":true}]}}