{"id":677606,"date":"2026-02-19T05:56:03","date_gmt":"2026-02-19T05:56:03","guid":{"rendered":"https:\/\/microscopemedia.com\/?p=677606"},"modified":"2026-02-19T05:56:03","modified_gmt":"2026-02-19T05:56:03","slug":"trafic-in-conditii-de-iarna-la-nivel-national-ceata-densa-pe-a2-si-un-drum-national-inchis","status":"publish","type":"post","link":"https:\/\/microscopemedia.com\/?p=677606","title":{"rendered":"Trafic \u00een condi\u021bii de iarn\u0103 la nivel na\u021bional. Cea\u021b\u0103 dens\u0103 pe A2 \u0219i un drum na\u021bional \u00eenchis"},"content":{"rendered":"<div><img decoding=\"async\" src=\"https:\/\/microscopemedia.com\/wp-content\/uploads\/2026\/02\/trafic-in-conditii-de-iarna-la-nivel-national-ceata-densa-pe-a2-si-un-drum-national-inchis.jpg\" class=\"ff-og-image-inserted\"><\/div>\n<p id=\"p-0\">Potrivit <a href=\"https:\/\/politiaromana.ro\/ro\/info-trafic\/situatia-traficului-la-ora-7-001771477109\" target=\"_blank\" rel=\"noopener\">Centrului INFOTRAFIC<\/a> din cadrul Inspectoratului General al Poli\u021biei Rom\u00e2ne, joi diminea\u021b\u0103, la ora 7:00, nu exist\u0103 autostr\u0103zi cu circula\u021bia oprit\u0103 din cauza condi\u021biilor meteorologice sau a unor evenimente rutiere.<\/p>\n<h2 id=\"chapter-0\">Cea\u021b\u0103 dens\u0103 pe Autostrada Soarelui<\/h2>\n<p id=\"p-1\">Pe autostrada A2 Bucure\u0219ti \u2013 Cernavod\u0103, \u00eentre kilometrii 35 \u0219i 160, este semnalat\u0103 cea\u021b\u0103 care reduce vizibilitatea sub 200 de metri, iar pe alocuri chiar sub 50 de metri. \u0218oferii sunt sf\u0103tui\u021bi s\u0103 circule cu pruden\u021b\u0103 sporit\u0103 \u0219i s\u0103 adapteze viteza la condi\u021biile de drum.<\/p>\n<p id=\"p-2\">Trafic \u00een condi\u021bii de iarn\u0103, cu depuneri de z\u0103pad\u0103 pe partea carosabil\u0103, pe urm\u0103toarele autostr\u0103zi: A1 Bucure\u0219ti\u2013R\u00e2mnicu V\u00e2lcea, A2 Bucure\u0219ti\u2013Cernavod\u0103, A3 Bucure\u0219ti\u2013Bra\u0219ov, A7 Ploie\u0219ti\u2013Adjud \u0219i A0 Centura Bucure\u0219ti.<\/p>\n<p id=\"p-3\">Pe re\u021beaua de drumuri na\u021bionale, DN 23B este \u00eenchis circula\u021biei \u00eentre localit\u0103\u021bile M\u0103ic\u0103ne\u0219ti \u0219i Cior\u0103\u0219ti, \u00een jude\u021bul Vrancea, din cauza condi\u021biilor meteo nefavorabile.<\/p>\n<h2 id=\"chapter-1\">Autocar cu 10 persoane blocat, trafic restric\u021bionat<\/h2>\n<p id=\"p-4\">Un autocar cu 10 cet\u0103\u021beni din Republica Moldovai este blocat pe DJ242A (nu pot urca o pant\u0103 din cauza poleiului), nu au nevoie de ingrijiri medicale. Se deplaseaz\u0103 o s\u0103r\u0103ri\u021b\u0103 de la Drumuri Jude\u021bene.<\/p>\n<p id=\"p-5\">Se men\u021bine circula\u021bia restric\u021bionat\u0103 \u0219i se ac\u021bioneaz\u0103 pentru desz\u0103pezire pe urm\u0103toarele segmente de drum:<\/p>\n<ul>\n<li>DJ 242 D \u00eentre Suceveni \u0219i intersec\u021bia cu DJ 242 E;<\/li>\n<li>DJ 242 E \u00eentre Ro\u0219cani \u0219i Oancea;<\/li>\n<li>DJ 253 \u00eentre B\u0103leni \u0219i Cudalbi;<\/li>\n<li>DJ 253 \u00eentre Umbr\u0103re\u0219ti \u0219i Cudalbi;<\/li>\n<li>DJ 252 G \u00eentre Tecucelu Sec \u0219i \u021aepu;<\/li>\n<li>DJ 255 \u00eentre F\u00e2r\u021b\u0103ne\u0219ti \u0219i Cuca;<\/li>\n<li>DJ 240 A \u00eentre C\u00e2rlom\u0103ne\u0219ti \u0219i G\u00e2rbov\u0103\u021b;<\/li>\n<li>DH 252 H \u00eentre Tecuci \u0219i Furceni;<\/li>\n<li>DJ 243 A Cotoroaia \u2013 limit\u0103 jud. Vaslui;<\/li>\n<li>DJ 255 A \u00eentre P\u0103durea G\u00e2rboavele \u0219i Odaia Manolache;<\/li>\n<li>DJ 254 \u00eentre C\u0103lm\u0103\u021bui \u0219i Ive\u0219ti;<\/li>\n<li>DJ 251 F \u00eentre Dr\u0103gu\u0219eni \u0219i Smul\u021bi;<\/li>\n<li>DJ 242 H \u00eentre Z\u0103rne\u0219ti \u0219i R\u0103de\u0219ti;<\/li>\n<\/ul>\n<h2 id=\"chapter-2\">Trafic naval \u0219i feroviar<\/h2>\n<p id=\"p-6\">\u00cen <a href=\"https:\/\/www.mediafax.ro\/social\/cetatean-georgian-inghetat-in-masina-blocata-in-nametii-din-tulcea-salvat-de-un-trecator-23689446\" target=\"_blank\" rel=\"noopener\">jude\u021bul Tulcea<\/a>, manevrele navale sunt suspendate \u00een Bara Sulina. \u00cen ceea ce prive\u0219te traficul feroviar, trenurile circul\u0103 \u00een condi\u021bii de iarn\u0103, \u00eens\u0103 nu sunt raportate blocaje la aceast\u0103 or\u0103.<\/p>\n<h2 id=\"chapter-3\">Recomand\u0103ri pentru \u0219oferii din trafic<\/h2>\n<p id=\"p-7\">Autorit\u0103\u021bile le recomand\u0103 conduc\u0103torilor auto s\u0103 se informeze \u00eenainte de plecare cu privire la condi\u021biile meteo \u0219i eventualele restric\u021bii de trafic, s\u0103 adapteze viteza la starea carosabilului \u0219i s\u0103 p\u0103streze o distan\u021b\u0103 corespunz\u0103toare fa\u021b\u0103 de vehiculul din fa\u021b\u0103.<\/p>\n<p id=\"p-8\">De asemenea, este important\u0103 folosirea sistemelor de iluminare \u0219i climatizare atunci c\u00e2nd situa\u021bia o impune, evitarea dep\u0103\u0219irilor riscante \u0219i adoptarea unei conduite preventive, f\u0103r\u0103 distrageri la volan. Respectarea regulilor de circula\u021bie \u0219i pruden\u021ba r\u0103m\u00e2n esen\u021biale pentru siguran\u021ba tuturor participan\u021bilor la trafic.<\/p>\n","protected":false},"excerpt":{"rendered":"<p>Potrivit Centrului INFOTRAFIC din cadrul Inspectoratului General al Poli\u021biei Rom\u00e2ne, joi diminea\u021b\u0103, la ora 7:00, nu exist\u0103 autostr\u0103zi cu circula\u021bia oprit\u0103 din cauza condi\u021biilor meteorologice sau a unor evenimente rutiere. &hellip; <a href=\"https:\/\/microscopemedia.com\/?p=677606\" class=\"more-link\">Read More<\/a><\/p>\n","protected":false},"author":1,"featured_media":677607,"comment_status":"closed","ping_status":"closed","sticky":false,"template":"Default","format":"standard","meta":[],"categories":[1],"tags":[],"_links":{"self":[{"href":"https:\/\/microscopemedia.com\/index.php?rest_route=\/wp\/v2\/posts\/677606"}],"collection":[{"href":"https:\/\/microscopemedia.com\/index.php?rest_route=\/wp\/v2\/posts"}],"about":[{"href":"https:\/\/microscopemedia.com\/index.php?rest_route=\/wp\/v2\/types\/post"}],"author":[{"embeddable":true,"href":"https:\/\/microscopemedia.com\/index.php?rest_route=\/wp\/v2\/users\/1"}],"replies":[{"embeddable":true,"href":"https:\/\/microscopemedia.com\/index.php?rest_route=%2Fwp%2Fv2%2Fcomments&post=677606"}],"version-history":[{"count":0,"href":"https:\/\/microscopemedia.com\/index.php?rest_route=\/wp\/v2\/posts\/677606\/revisions"}],"wp:featuredmedia":[{"embeddable":true,"href":"https:\/\/microscopemedia.com\/index.php?rest_route=\/wp\/v2\/media\/677607"}],"wp:attachment":[{"href":"https:\/\/microscopemedia.com\/index.php?rest_route=%2Fwp%2Fv2%2Fmedia&parent=677606"}],"wp:term":[{"taxonomy":"category","embeddable":true,"href":"https:\/\/microscopemedia.com\/index.php?rest_route=%2Fwp%2Fv2%2Fcategories&post=677606"},{"taxonomy":"post_tag","embeddable":true,"href":"https:\/\/microscopemedia.com\/index.php?rest_route=%2Fwp%2Fv2%2Ftags&post=677606"}],"curies":[{"name":"wp","href":"https:\/\/api.w.org\/{rel}","templated":true}]}}