{"id":677608,"date":"2026-02-19T06:07:03","date_gmt":"2026-02-19T06:07:03","guid":{"rendered":"https:\/\/microscopemedia.com\/?p=677608"},"modified":"2026-02-19T06:07:03","modified_gmt":"2026-02-19T06:07:03","slug":"duel-romanesc-in-uefa-europa-league-razvan-lucescu-vs-ionut-radu-la-salonic","status":"publish","type":"post","link":"https:\/\/microscopemedia.com\/?p=677608","title":{"rendered":"Duel rom\u00e2nesc \u00een UEFA Europa League: R\u0103zvan Lucescu vs Ionu\u021b Radu, la Salonic"},"content":{"rendered":"<p id=\"p-0\">Partida de pe stadionul Toumba conteaz\u0103 pentru prima man\u0219\u0103 a play-off-ului. Cele dou\u0103 echipe s-au mai \u00eent\u00e2lnit \u00een faza principal\u0103 a competi\u021biei din acest sezon, c\u00e2nd spaniolii s-au impus cu 3-1 pe teren propriu.<\/p>\n<p id=\"p-1\">PAOK mizeaz\u0103 pe avantajul terenului propriu, unde are un parcurs solid \u00een cupele europene.<\/p>\n<p id=\"p-2\">Grecii nu au pierdut \u00een precedentele \u0219apte meciuri disputate acas\u0103 \u00eempotriva echipelor din Spania (4 victorii, 3 remize) \u0219i au primit un singur gol \u00een ultimele \u0219ase partide europene pe teren propriu.<\/p>\n<p id=\"p-3\">\u00cenaintea confrunt\u0103rii, R\u0103zvan Lucescu a spus c\u0103 echipa sa trebuie s\u0103 arate determinare maxim\u0103 pentru a ob\u021bine un rezultat favorabil.<\/p>\n<p id=\"p-4\">\u201eAcum avem mai mult\u0103 \u00eencredere \u0219i o mentalitate mai bun\u0103. Celta a urcat \u00een clasament \u00een Spania, va fi un meci dificil pentru ambele echipe. Trebuie s\u0103 fim aten\u021bi la fiecare detaliu. Fiecare juc\u0103tor trebuie s\u0103 arate c\u0103 poate face fa\u021b\u0103\u201d, a declarat tehnicianul rom\u00e2n, \u00eentr-o conferin\u021b\u0103 de pres\u0103.<\/p>\n<p id=\"p-5\"><img class=\"aligncenter wp-image-23689476 size-large\" src=\"https:\/\/microscopemedia.com\/wp-content\/uploads\/2026\/02\/duel-romanesc-in-uefa-europa-league-razvan-lucescu-vs-ionut-radu-la-salonic.webp\" alt=\"Ionu\u021b Radu\" width=\"700\" height=\"467\" loading=\"lazy\" decoding=\"async\" srcset=\"https:\/\/microscopemedia.com\/wp-content\/uploads\/2026\/02\/duel-romanesc-in-uefa-europa-league-razvan-lucescu-vs-ionut-radu-la-salonic-1.webp 500w, https:\/\/microscopemedia.com\/wp-content\/uploads\/2026\/02\/duel-romanesc-in-uefa-europa-league-razvan-lucescu-vs-ionut-radu-la-salonic.webp 728w\"><\/p>\n<p id=\"p-6\">De cealalt\u0103 parte, Celta traverseaz\u0103 un sezon solid \u00een La Liga \u0219i este considerat\u0103 de mul\u021bi speciali\u0219ti drept una dintre candidatele la c\u00e2\u0219tigarea trofeului. Cu interna\u021bionalul rom\u00e2n Ionu\u021b Radu titular, Celta ocup\u0103 locul 7 \u00een campionatul Spaniei.<\/p>\n<p id=\"p-7\">Antrenorul Claudio Gir\u00e1ldez a declarat, la r\u00e2ndul s\u0103u, c\u0103 dubla man\u0219\u0103 r\u0103m\u00e2ne deschis\u0103, \u00een ciuda victoriei echipei sale din faza principal\u0103.<\/p>\n<p id=\"p-8\">Man\u0219a retur este programat\u0103 pe 26 februarie, \u00een Spania, iar \u00eenving\u0103toarea va ob\u021bine calificarea \u00een optimile de final\u0103 ale competi\u021biei.<\/p>\n<p id=\"p-9\">Tot joi sear\u0103, mai sunt programate urm\u0103toarele meciuri \u00een play-off-ul din Europa League:<\/p>\n<p id=\"p-10\">Ora 19:45<\/p>\n<p id=\"p-11\">GNK Dinamo Zagreb \u2013 KRC Genk<\/p>\n<p id=\"p-12\">SK Brann \u2013 Bologna FC 1909<\/p>\n<p id=\"p-13\">Fenerbah\u00e7e SK \u2013 Nottingham Forest FC<\/p>\n<p id=\"p-14\">Ora 22:00<\/p>\n<p id=\"p-15\">PFC Ludogorets Razgrad \u2013 Ferencv\u00e1rosi TC<\/p>\n<p id=\"p-16\">Panathinaikos FC \u2013 FC Viktoria Plze\u0148<\/p>\n<p id=\"p-17\">LOSC Lille \u2013 FK Crvena zvezda<\/p>\n<p id=\"p-18\">Celtic FC \u2013 VfB Stuttgart<\/p>\n","protected":false},"excerpt":{"rendered":"<p>Partida de pe stadionul Toumba conteaz\u0103 pentru prima man\u0219\u0103 a play-off-ului. Cele dou\u0103 echipe s-au mai \u00eent\u00e2lnit \u00een faza principal\u0103 a competi\u021biei din acest sezon, c\u00e2nd spaniolii s-au impus cu &hellip; <a href=\"https:\/\/microscopemedia.com\/?p=677608\" class=\"more-link\">Read More<\/a><\/p>\n","protected":false},"author":1,"featured_media":677609,"comment_status":"closed","ping_status":"closed","sticky":false,"template":"Default","format":"standard","meta":[],"categories":[1],"tags":[],"_links":{"self":[{"href":"https:\/\/microscopemedia.com\/index.php?rest_route=\/wp\/v2\/posts\/677608"}],"collection":[{"href":"https:\/\/microscopemedia.com\/index.php?rest_route=\/wp\/v2\/posts"}],"about":[{"href":"https:\/\/microscopemedia.com\/index.php?rest_route=\/wp\/v2\/types\/post"}],"author":[{"embeddable":true,"href":"https:\/\/microscopemedia.com\/index.php?rest_route=\/wp\/v2\/users\/1"}],"replies":[{"embeddable":true,"href":"https:\/\/microscopemedia.com\/index.php?rest_route=%2Fwp%2Fv2%2Fcomments&post=677608"}],"version-history":[{"count":0,"href":"https:\/\/microscopemedia.com\/index.php?rest_route=\/wp\/v2\/posts\/677608\/revisions"}],"wp:featuredmedia":[{"embeddable":true,"href":"https:\/\/microscopemedia.com\/index.php?rest_route=\/wp\/v2\/media\/677609"}],"wp:attachment":[{"href":"https:\/\/microscopemedia.com\/index.php?rest_route=%2Fwp%2Fv2%2Fmedia&parent=677608"}],"wp:term":[{"taxonomy":"category","embeddable":true,"href":"https:\/\/microscopemedia.com\/index.php?rest_route=%2Fwp%2Fv2%2Fcategories&post=677608"},{"taxonomy":"post_tag","embeddable":true,"href":"https:\/\/microscopemedia.com\/index.php?rest_route=%2Fwp%2Fv2%2Ftags&post=677608"}],"curies":[{"name":"wp","href":"https:\/\/api.w.org\/{rel}","templated":true}]}}