{"id":677626,"date":"2026-02-19T08:16:03","date_gmt":"2026-02-19T08:16:03","guid":{"rendered":"https:\/\/microscopemedia.com\/?p=677626"},"modified":"2026-02-19T08:16:03","modified_gmt":"2026-02-19T08:16:03","slug":"ivan-bonurile-de-masa-pentru-ce-oltenia-incluse-in-sedinta-de-guvern-de-astazi","status":"publish","type":"post","link":"https:\/\/microscopemedia.com\/?p=677626","title":{"rendered":"Ivan: Bonurile de mas\u0103 pentru CE Oltenia, incluse \u00een \u0219edin\u021ba de Guvern de ast\u0103zi"},"content":{"rendered":"<div><img decoding=\"async\" src=\"https:\/\/microscopemedia.com\/wp-content\/uploads\/2026\/02\/ivan-bonurile-de-masa-pentru-ce-oltenia-incluse-in-sedinta-de-guvern-de-astazi.jpg\" class=\"ff-og-image-inserted\"><\/div>\n<p id=\"p-0\">Guvernul se \u00eentrune\u0219te ast\u0103zi, la ora 11:00, av\u00e2nd pe ordinea de zi o m\u0103sur\u0103 urgent\u0103 pentru angaja\u021bii din sectorul energetic, menit\u0103 s\u0103 deblocheze acordarea unor drepturi salariale.<\/p>\n<p id=\"p-1\">\u201eAm inclus \u00een \u0219edin\u021ba de Guvern de ast\u0103zi (n.r. \u2013 joi) bonurile de mas\u0103 pentru angaja\u021bii CE Oltenia\u201d, a transmis Ivan.<\/p>\n<p id=\"p-2\">Oficialul a explicat c\u0103 m\u0103sura face parte dintr-o strategie mai larg\u0103 de condi\u021bionare a veniturilor de performan\u021ba companiilor:<\/p>\n<p id=\"p-3\">\u201eVom adopta acest memorandum pentru ca oamenii de la Complexul Energetic Otenia s\u0103-\u0219i primeasc\u0103 \u00een continuare bonurile de mas\u0103 \u0219i lucr\u0103m la acela\u0219i mecanism pentru acele companii care \u00ee\u0219i asum\u0103 \u021binte foarte clare de investi\u021bii, rezultate financiare, profitabilitate \u0219i automat avem nevoie, ca oamenii care lucreaz\u0103, s\u0103 fie foarte bine pl\u0103ti\u021bi\u201d, a mai spus ministrul Energiei.<\/p>\n<h2 id=\"chapter-0\">Protestul minerilor<\/h2>\n<p id=\"p-4\">\u0218edin\u021ba de Guvern coincide cu un protest organizat de sindicatele din energie \u00een fa\u021ba Palatului Victoria. Minerii \u0219i energeticienii din Valea Jiului \u0219i Oltenia, al\u0103turi de colegi de la Cernavod\u0103 \u0219i Hidroelectrica, vor protesta la sediul Guvernului timp de patru ore, \u00eencep\u00e2nd cu ora 13:00.<\/p>\n<p id=\"p-5\">Nemul\u021bumirile protestatarilor vizeaz\u0103 neacordarea voucherelor de vacan\u021b\u0103 \u0219i a tichetelor de mas\u0103 la Complexul Energetic Oltenia, dar \u0219i situa\u021bia incert\u0103 a celor aproximativ 2000 de angaja\u021bi pe perioad\u0103 determinat\u0103 care nu beneficiaz\u0103 de protec\u021bie social\u0103.<\/p>\n<p id=\"p-6\">Totodat\u0103, sindicali\u0219tii cer solu\u021bii pentru viitorul minelor Lupeni \u0219i Lonea. Ace\u0219tia avertizeaz\u0103 asupra riscului de scumpire a energiei prin \u00eenchiderea capacit\u0103\u021bilor pe c\u0103rbune f\u0103r\u0103 a pune \u00een func\u021biune alternative pe gaz sau nucleare la Turceni, I\u0219alni\u021ba \u0219i Cernavod\u0103.<\/p>\n","protected":false},"excerpt":{"rendered":"<p>Guvernul se \u00eentrune\u0219te ast\u0103zi, la ora 11:00, av\u00e2nd pe ordinea de zi o m\u0103sur\u0103 urgent\u0103 pentru angaja\u021bii din sectorul energetic, menit\u0103 s\u0103 deblocheze acordarea unor drepturi salariale. \u201eAm inclus \u00een &hellip; <a href=\"https:\/\/microscopemedia.com\/?p=677626\" class=\"more-link\">Read More<\/a><\/p>\n","protected":false},"author":1,"featured_media":677627,"comment_status":"closed","ping_status":"closed","sticky":false,"template":"Default","format":"standard","meta":[],"categories":[1],"tags":[],"_links":{"self":[{"href":"https:\/\/microscopemedia.com\/index.php?rest_route=\/wp\/v2\/posts\/677626"}],"collection":[{"href":"https:\/\/microscopemedia.com\/index.php?rest_route=\/wp\/v2\/posts"}],"about":[{"href":"https:\/\/microscopemedia.com\/index.php?rest_route=\/wp\/v2\/types\/post"}],"author":[{"embeddable":true,"href":"https:\/\/microscopemedia.com\/index.php?rest_route=\/wp\/v2\/users\/1"}],"replies":[{"embeddable":true,"href":"https:\/\/microscopemedia.com\/index.php?rest_route=%2Fwp%2Fv2%2Fcomments&post=677626"}],"version-history":[{"count":0,"href":"https:\/\/microscopemedia.com\/index.php?rest_route=\/wp\/v2\/posts\/677626\/revisions"}],"wp:featuredmedia":[{"embeddable":true,"href":"https:\/\/microscopemedia.com\/index.php?rest_route=\/wp\/v2\/media\/677627"}],"wp:attachment":[{"href":"https:\/\/microscopemedia.com\/index.php?rest_route=%2Fwp%2Fv2%2Fmedia&parent=677626"}],"wp:term":[{"taxonomy":"category","embeddable":true,"href":"https:\/\/microscopemedia.com\/index.php?rest_route=%2Fwp%2Fv2%2Fcategories&post=677626"},{"taxonomy":"post_tag","embeddable":true,"href":"https:\/\/microscopemedia.com\/index.php?rest_route=%2Fwp%2Fv2%2Ftags&post=677626"}],"curies":[{"name":"wp","href":"https:\/\/api.w.org\/{rel}","templated":true}]}}