{"id":677632,"date":"2026-02-19T08:46:03","date_gmt":"2026-02-19T08:46:03","guid":{"rendered":"https:\/\/microscopemedia.com\/?p=677632"},"modified":"2026-02-19T08:46:03","modified_gmt":"2026-02-19T08:46:03","slug":"raport-european-locuinta-a-devenit-lux-nu-drept-europa-are-o-singura-exceptie-pozitiva","status":"publish","type":"post","link":"https:\/\/microscopemedia.com\/?p=677632","title":{"rendered":"Raport european: locuin\u021ba a devenit lux, nu drept. Europa are o singur\u0103 excep\u021bie pozitiv\u0103"},"content":{"rendered":"<div><img decoding=\"async\" src=\"https:\/\/microscopemedia.com\/wp-content\/uploads\/2026\/02\/raport-european-locuinta-a-devenit-lux-nu-drept-europa-are-o-singura-exceptie-pozitiva.jpg\" class=\"ff-og-image-inserted\"><\/div>\n<p id=\"p-0\">\u00centrebarea a fost simpl\u0103: \u201eC\u00e2nd crede\u021bi c\u0103 ve\u021bi putea cump\u0103ra o locuin\u021b\u0103, dac\u0103 ve\u021bi putea vreodat\u0103?\u201d, conform <a href=\"https:\/\/it.euronews.com\/business\/2026\/02\/19\/quasi-meta-degli-europei-non-puo-o-non-vuole-comprare-casa-dice-il-rapporto\" target=\"_blank\" rel=\"noopener\">Euronews<\/a>.<\/p>\n<p id=\"p-1\">\u00cen medie, 29% dintre responden\u021bi au r\u0103spuns c\u0103 nu vor putea cump\u0103ra niciodat\u0103 o locuin\u021b\u0103. Al\u021bi 15% spun c\u0103 nu sunt interesa\u021bi s\u0103 o fac\u0103. \u00cempreun\u0103, cele dou\u0103 categorii reprezint\u0103 44% dintre europenii f\u0103r\u0103 locuin\u021b\u0103 proprie.<\/p>\n<h2 id=\"chapter-0\">Germania \u0219i Austria, cele mai pesimiste. Cehia \u0219i Olanda, aproape la fel<\/h2>\n<p id=\"p-2\">Propor\u021bia celor care nu pot sau nu doresc s\u0103 cumpere dep\u0103\u0219e\u0219te jum\u0103tate \u00een mai multe \u021b\u0103ri. Germania conduce deta\u0219at, cu 59%, urmat\u0103 de Austria (54%), Cehia (54%), \u021a\u0103rile de Jos (53%) \u0219i Elve\u021bia (52%). Italia \u0219i Malta se apropie de 49%, iar Polonia \u0219i Marea Britanie se situeaz\u0103 la nivelul mediei europene de 44%.<\/p>\n<p id=\"p-3\">Cel pu\u021bin unul din trei responden\u021bi spune c\u0103 nu va cump\u0103ra niciodat\u0103 o locuin\u021b\u0103 \u00een Slovenia (39%), Italia (35%), Malta (34%), Irlanda (33%), Polonia (33%) \u0219i Ungaria (33%).<\/p>\n<h2 id=\"chapter-1\">De ce renun\u021b\u0103 europenii la visul unei locuin\u021be proprii<\/h2>\n<p id=\"p-4\">\u201eCre\u0219terea economic\u0103 lent\u0103 a \u00eencetinit cre\u0219terea veniturilor \u00een multe zone din Europa, \u00een timp ce pre\u021burile imobiliare au continuat s\u0103 creasc\u0103\u201d, explic\u0103 Michael Polzler, CEO al RE\/MAX Europe. Accesibilitatea r\u0103m\u00e2ne o provocare major\u0103, \u00een special pentru genera\u021biile tinere, chiar \u0219i pe pie\u021bele cu \u0219omaj redus.<\/p>\n<p id=\"p-5\">\u00cen Germania \u0219i Austria, \u00eenchirierea este o op\u021biune acceptat\u0103 social \u0219i sus\u021binut\u0103 de o legisla\u021bie puternic\u0103 \u00een favoarea chiria\u0219ilor. Familiile simt mai pu\u021bin\u0103 presiune s\u0103 cumpere devreme, ceea ce explic\u0103 procentele ridicate ale celor neinteresa\u021bi de achizi\u021bie.<\/p>\n<h2 id=\"chapter-2\">De ce nu cump\u0103r\u0103 europenii: mul\u021bumi\u021bi, flexibili sau descuraja\u021bi de pre\u021buri<\/h2>\n<p id=\"p-6\">Dintre cei care nu doresc s\u0103 cumpere, peste jum\u0103tate (53%) spun c\u0103 sunt mul\u021bumi\u021bi de situa\u021bia actual\u0103. Al\u021bi 21% nu vor angajamente pe termen lung ale propriet\u0103\u021bii, iar 19% consider\u0103 c\u0103 locuin\u021bele sunt supraevaluate. Flexibilitatea conteaz\u0103 \u0219i ea: 16% prefer\u0103 s\u0103 se poat\u0103 muta oric\u00e2nd, f\u0103r\u0103 s\u0103 fie lega\u021bi de un loc.<\/p>\n<h2 id=\"chapter-3\">Turcia, singura excep\u021bie pozitiv\u0103 din Europa<\/h2>\n<p id=\"p-7\">La polul opus se afl\u0103 Turcia, unde doar 18% dintre responden\u021bi spun c\u0103 nu pot sau nu doresc s\u0103 cumpere o locuin\u021b\u0103. De\u0219i \u021bara se confrunt\u0103 cu infla\u021bie \u0219i instabilitate financiar\u0103, proprietatea imobiliar\u0103 este v\u0103zut\u0103 ca principalul mijloc de conservare a valorii. Lituania urmeaz\u0103 cu 28%.<\/p>\n<h2 id=\"chapter-4\">Locuin\u021ba, din vis social \u00een strategie financiar\u0103<\/h2>\n<p id=\"p-8\">Polzler subliniaz\u0103 c\u0103 rolul locuin\u021bei s-a schimbat profund \u00een ultimele decenii. Pentru genera\u021biile anterioare, a de\u021bine o cas\u0103 era un obiectiv social. Ast\u0103zi este considerat\u0103 din ce \u00een ce mai mult o strategie financiar\u0103.<\/p>\n<p id=\"p-9\">Potrivit Eurostat, aproape 70% dintre reziden\u021bii UE de\u021bin propria locuin\u021b\u0103, \u00een timp ce restul de 30% locuiesc \u00een chirie.<\/p>\n","protected":false},"excerpt":{"rendered":"<p>\u00centrebarea a fost simpl\u0103: \u201eC\u00e2nd crede\u021bi c\u0103 ve\u021bi putea cump\u0103ra o locuin\u021b\u0103, dac\u0103 ve\u021bi putea vreodat\u0103?\u201d, conform Euronews. \u00cen medie, 29% dintre responden\u021bi au r\u0103spuns c\u0103 nu vor putea cump\u0103ra &hellip; <a href=\"https:\/\/microscopemedia.com\/?p=677632\" class=\"more-link\">Read More<\/a><\/p>\n","protected":false},"author":1,"featured_media":677633,"comment_status":"closed","ping_status":"closed","sticky":false,"template":"Default","format":"standard","meta":[],"categories":[1],"tags":[],"_links":{"self":[{"href":"https:\/\/microscopemedia.com\/index.php?rest_route=\/wp\/v2\/posts\/677632"}],"collection":[{"href":"https:\/\/microscopemedia.com\/index.php?rest_route=\/wp\/v2\/posts"}],"about":[{"href":"https:\/\/microscopemedia.com\/index.php?rest_route=\/wp\/v2\/types\/post"}],"author":[{"embeddable":true,"href":"https:\/\/microscopemedia.com\/index.php?rest_route=\/wp\/v2\/users\/1"}],"replies":[{"embeddable":true,"href":"https:\/\/microscopemedia.com\/index.php?rest_route=%2Fwp%2Fv2%2Fcomments&post=677632"}],"version-history":[{"count":0,"href":"https:\/\/microscopemedia.com\/index.php?rest_route=\/wp\/v2\/posts\/677632\/revisions"}],"wp:featuredmedia":[{"embeddable":true,"href":"https:\/\/microscopemedia.com\/index.php?rest_route=\/wp\/v2\/media\/677633"}],"wp:attachment":[{"href":"https:\/\/microscopemedia.com\/index.php?rest_route=%2Fwp%2Fv2%2Fmedia&parent=677632"}],"wp:term":[{"taxonomy":"category","embeddable":true,"href":"https:\/\/microscopemedia.com\/index.php?rest_route=%2Fwp%2Fv2%2Fcategories&post=677632"},{"taxonomy":"post_tag","embeddable":true,"href":"https:\/\/microscopemedia.com\/index.php?rest_route=%2Fwp%2Fv2%2Ftags&post=677632"}],"curies":[{"name":"wp","href":"https:\/\/api.w.org\/{rel}","templated":true}]}}