{"id":677636,"date":"2026-02-19T09:16:03","date_gmt":"2026-02-19T09:16:03","guid":{"rendered":"https:\/\/microscopemedia.com\/?p=677636"},"modified":"2026-02-19T09:16:03","modified_gmt":"2026-02-19T09:16:03","slug":"fostul-presedinte-al-coreei-de-sud-yoon-suk-yeol-a-fost-condamnat-la-inchisoare-pe-viata","status":"publish","type":"post","link":"https:\/\/microscopemedia.com\/?p=677636","title":{"rendered":"Fostul pre\u0219edinte al Coreei de Sud, Yoon Suk Yeol a fost condamnat la \u00eenchisoare pe via\u021b\u0103"},"content":{"rendered":"<div><img decoding=\"async\" src=\"https:\/\/microscopemedia.com\/wp-content\/uploads\/2026\/02\/fostul-presedinte-al-coreei-de-sud-yoon-suk-yeol-a-fost-condamnat-la-inchisoare-pe-viata.jpg\" class=\"ff-og-image-inserted\"><\/div>\n<p data-start=\"184\" data-end=\"643\" id=\"p-0\">Decizia vine ca urmare a tentativei din decembrie 2024 de a impune legea mar\u021bial\u0103, relateaz\u0103 Reuters. Procurorii solicitaser\u0103 pedeapsa capital\u0103, \u00eentr-un dosar urm\u0103rit cu maxim interes.<\/p>\n<p data-start=\"721\" data-end=\"1257\" id=\"p-1\">Potrivit acuz\u0103rii, declararea legii mar\u021biale a declan\u0219at o criz\u0103 politic\u0103 major\u0103 \u00een Coreea de Sud \u0219i a pus la \u00eencercare fundamentele democra\u021biei. \u00cen ianuarie, procurorii au sus\u021binut c\u0103 \u201elegea mar\u021bial\u0103 de urgen\u021b\u0103, neconstitu\u021bional\u0103 \u0219i ilegal\u0103\u201d, a subminat func\u021bionarea Adun\u0103rii Na\u021bionale&nbsp;\u0219i a Comisiei Electorale, afect\u00e2nd grav ordinea constitu\u021bional\u0103 liberal-democratic\u0103.<\/p>\n<p data-start=\"721\" data-end=\"1257\" id=\"p-2\">Conform legisla\u021biei sud-coreene, organizarea unei insurec\u021bii se pedepse\u0219te cu moartea sau cu \u00eenchisoare pe via\u021b\u0103.<\/p>\n<p data-start=\"1324\" data-end=\"1681\" id=\"p-3\">Procesul s-a desf\u0103\u0219urat la Tribunalul Central din Seul, unde autorit\u0103\u021bile au instituit m\u0103suri stricte de securitate. Zeci de poli\u021bi\u0219ti \u0219i autobuze au format un cordon \u00een jurul cl\u0103dirii, pe fondul tensiunilor publice generate de caz. Coreea de Sud a pronun\u021bat ultima condamnare la moarte \u00een 2016, \u00eens\u0103 nu a mai efectuat nicio execu\u021bie din 1997.<\/p>\n<h2 data-start=\"1683\" data-end=\"1750\" id=\"chapter-0\">Alte acuza\u021bii \u0219i pozi\u021bia ap\u0103r\u0103rii<\/h2>\n<p data-start=\"1751\" data-end=\"2162\" id=\"p-4\">Instan\u021ba urmeaz\u0103 s\u0103 se pronun\u021be \u0219i asupra acuza\u021biilor potrivit c\u0103rora Yoon ar fi ordonat luarea cu asalt a parlamentului pentru a aresta oponen\u021bi politici \u0219i ar fi trimis solda\u021bi \u0219i poli\u021bi\u0219ti pentru a bloca \u0219i controla sedii ale opozi\u021biei.<\/p>\n<p data-start=\"1751\" data-end=\"2162\" id=\"p-5\">Fostul \u0219ef de stat, \u00een v\u00e2rst\u0103 de 65 de ani, a negat acuza\u021biile, afirm\u00e2nd c\u0103 a ac\u021bionat \u00een limitele autorit\u0103\u021bii preziden\u021biale pentru a semnala blocajele create de opozi\u021bie.<\/p>\n<p data-start=\"2236\" data-end=\"2796\" id=\"p-6\">Yoon se afl\u0103 \u00een deten\u021bie la Centrul de deten\u021bie din Seul \u0219i este implicat \u00een opt procese.<\/p>\n<p data-start=\"2236\" data-end=\"2796\" id=\"p-7\">\u00cen ianuarie, a fost condamnat separat la cinci ani de \u00eenchisoare pentru obstruc\u021bionarea \u00eencerc\u0103rilor de arestare, decizie contestat\u0103 prin apel. Este de a\u0219teptat ca fostul pre\u0219edinte s\u0103 atace verdictul actual la Curtea Suprem\u0103.<\/p>\n<p data-start=\"2236\" data-end=\"2796\" id=\"p-8\">De\u0219i tentativa de lege mar\u021bial\u0103 a durat aproximativ \u0219ase ore, respins\u0103 rapid de parlament \u0219i de proteste masive, efectele politice \u0219i reputa\u021bionale sunt profunde pentru a patra economie a Asiei \u0219i aliat-cheie al SUA.<\/p>\n","protected":false},"excerpt":{"rendered":"<p>Decizia vine ca urmare a tentativei din decembrie 2024 de a impune legea mar\u021bial\u0103, relateaz\u0103 Reuters. Procurorii solicitaser\u0103 pedeapsa capital\u0103, \u00eentr-un dosar urm\u0103rit cu maxim interes. Potrivit acuz\u0103rii, declararea legii &hellip; <a href=\"https:\/\/microscopemedia.com\/?p=677636\" class=\"more-link\">Read More<\/a><\/p>\n","protected":false},"author":1,"featured_media":677637,"comment_status":"closed","ping_status":"closed","sticky":false,"template":"Default","format":"standard","meta":[],"categories":[1],"tags":[],"_links":{"self":[{"href":"https:\/\/microscopemedia.com\/index.php?rest_route=\/wp\/v2\/posts\/677636"}],"collection":[{"href":"https:\/\/microscopemedia.com\/index.php?rest_route=\/wp\/v2\/posts"}],"about":[{"href":"https:\/\/microscopemedia.com\/index.php?rest_route=\/wp\/v2\/types\/post"}],"author":[{"embeddable":true,"href":"https:\/\/microscopemedia.com\/index.php?rest_route=\/wp\/v2\/users\/1"}],"replies":[{"embeddable":true,"href":"https:\/\/microscopemedia.com\/index.php?rest_route=%2Fwp%2Fv2%2Fcomments&post=677636"}],"version-history":[{"count":0,"href":"https:\/\/microscopemedia.com\/index.php?rest_route=\/wp\/v2\/posts\/677636\/revisions"}],"wp:featuredmedia":[{"embeddable":true,"href":"https:\/\/microscopemedia.com\/index.php?rest_route=\/wp\/v2\/media\/677637"}],"wp:attachment":[{"href":"https:\/\/microscopemedia.com\/index.php?rest_route=%2Fwp%2Fv2%2Fmedia&parent=677636"}],"wp:term":[{"taxonomy":"category","embeddable":true,"href":"https:\/\/microscopemedia.com\/index.php?rest_route=%2Fwp%2Fv2%2Fcategories&post=677636"},{"taxonomy":"post_tag","embeddable":true,"href":"https:\/\/microscopemedia.com\/index.php?rest_route=%2Fwp%2Fv2%2Ftags&post=677636"}],"curies":[{"name":"wp","href":"https:\/\/api.w.org\/{rel}","templated":true}]}}