{"id":677638,"date":"2026-02-19T09:26:04","date_gmt":"2026-02-19T09:26:04","guid":{"rendered":"https:\/\/microscopemedia.com\/?p=677638"},"modified":"2026-02-19T09:26:04","modified_gmt":"2026-02-19T09:26:04","slug":"doua-mari-mituri-despre-brancusi-facute-praf-chiar-de-ziua-maestrului","status":"publish","type":"post","link":"https:\/\/microscopemedia.com\/?p=677638","title":{"rendered":"Dou\u0103 mari mituri despre Br\u00e2ncu\u0219i, f\u0103cute praf chiar de ziua Maestrului"},"content":{"rendered":"<div><img decoding=\"async\" src=\"https:\/\/microscopemedia.com\/wp-content\/uploads\/2026\/02\/doua-mari-mituri-despre-brancusi-facute-praf-chiar-de-ziua-maestrului.jpg\" class=\"ff-og-image-inserted\"><\/div>\n<p id=\"p-0\">Este ziua lui Br\u00e2ncu\u0219i \u2013 150 de ani de la na\u0219terea Maestrului \u2013 \u0219i se cuvine s\u0103-l cinstim cum se cuvine. O metod\u0103 ar fi aceasta: \u00eencerc\u00e2nd s\u0103 demont\u0103m miturile care-l \u00eenconjoar\u0103.<\/p>\n<p id=\"p-1\">Prin urmare, nu!<\/p>\n<p id=\"p-2\">\u00cen 1904 Br\u00e2ncu\u0219i nu s-a dus pe jos p\u00e2n\u0103 la Paris!<\/p>\n<p id=\"p-3\">Nu a f\u0103cut deci, pe jos 2000 de km \u0219i nu, nu a fost o aventur\u0103 \u00een sine!<\/p>\n<p id=\"p-4\">Mitul este distrus bucat\u0103 cu bucat\u0103 de scriitorul \u0219i jurnalistul Dan Alexe \u00eentr-un text postat pe re\u021beaua LinkedIn.<\/p>\n<h2 id=\"chapter-0\">\u201eBr\u00e2ncu\u0219i \u0219tia foarte bine s\u0103 se pun\u0103 \u00een scen\u0103\u201d<\/h2>\n<p id=\"p-5\">\u201eE fals, desigur, <a href=\"https:\/\/www.mediafax.ro\/cultura-media\/tu-esti-brancusi-oglinda-gigant-poarta-sarutului-la-palatul-cesianu-racovita-brancusi-ne-priveste-pe-toti-23686395\">Br\u00e2ncu\u0219i<\/a> a f\u0103cut mare parte din traseu cu trenul, dar asta arat\u0103 cum \u0219tia el sa creeze o legend\u0103 \u00een jurul lui. C\u0103 \u0219tia foarte bine s\u0103 se pun\u0103 \u00een scen\u0103 s-a v\u0103zut la Paris, unde el a \u00eenceput de altfel s\u0103 se fotografieze \u00eembr\u0103cat ca un pelerin, sau un preot, sau sp\u0103l\u0103tor de vase etc., \u00eenainte de a \u00eenv\u0103\u021ba singur s\u0103 fotografieze, dup\u0103 ce luase c\u00e2teva indica\u021bii de la Man Ray\u201d, scrie Dan Alexe.<\/p>\n<p id=\"p-6\">Dan Alexe care, mai mult dec\u00e2t at\u00e2t, invoc\u0103, spre argument, orarul trenurilor din 1904 \u2013 \u201eOrient Express avea curs\u0103 zilnic\u0103, f\u0103cea exact 24 de ore \u00eentre Viena \u0219i Paris. Dou\u0103zeci \u0219i patru de ore, nu un an.<\/p>\n<h2 id=\"chapter-1\">Mersul pe jos un an de zile nu e pentru s\u0103raci<\/h2>\n<p id=\"p-7\">Alt argument: s\u0103r\u0103cia! Pentru un s\u0103rac, mersul pe jos, timp de un an de zile nu e c\u00e2tu\u0219i de pu\u021bin un efort care nu cost\u0103, ci cost\u0103 mai mult dec\u00e2t dac\u0103 ai merge cu trenul.<\/p>\n<p id=\"p-8\">Din ciclul \u201esunt prea s\u0103rac s\u0103-mi permit lucruri ieftine\u201d, Dan Alexe argumenteaz\u0103 economic c\u0103 e mai scump s\u0103 mergi pe jos un an \u00eentreg dec\u00e2t s\u0103 mergi cu trenul o zi sau dou\u0103.<\/p>\n<p id=\"p-9\">\u201eCa s\u0103 nu mai zic c\u0103 pentru s\u0103r\u0103ntoc nici nu-i economic s\u0103 mearg\u0103 pe jos, c\u0103ci o s\u0103-l coste nesf\u00e2r\u0219it mai mult (f\u0103r\u0103 a mai vorbi de anul pierdut). \u00cen loc s\u0103 g\u0103seasc\u0103 de m\u00e2ncare de vreo trei-patru ori, \u00een alea 3-4 zile c\u00e2t ar p\u00e2ndi prin g\u0103ri un tren f\u0103r\u0103 s\u0103 pl\u0103teasc\u0103, un an pe jos \u00eenseamn\u0103 c\u0103 artistul h\u0103mesit trebuie s\u0103 m\u0103n\u00e2nce de 365 de ori\u201d.<\/p>\n<h2 id=\"chapter-2\">Aia cu \u201eV-am l\u0103sat s\u0103raci\u2026.\u201d nu e adev\u0103rat\u0103!<\/h2>\n<p id=\"p-10\">Nici vorba aia celebr\u0103, atribuit\u0103 lui, nu este real\u0103: \u201eV-am l\u0103sat s\u0103raci \u0219i pro\u0219ti, v\u0103 g\u0103sesc \u0219i mai s\u0103raci, \u0219i mai pro\u0219ti!\u201d.<\/p>\n<p id=\"p-11\">\u201eDar, ce s\u0103-i faci, e mai romantic s\u0103 \u021bi-l imaginezi descul\u021b prin praf, cu t\u0103lpile fisurate \u00een crevase ad\u00e2nci \u0219i pe um\u0103r o boccelu\u021b\u0103 cu un ciocan \u0219i un m\u0103r, g\u00e2ndindu-se c\u00e2t de pro\u0219ti sunt \u0103ia l\u0103sa\u021bi acas\u0103\u2026 Dar, la fel, Br\u00e2ncu\u0219i nu le-a spus niciodat\u0103 rom\u00e2nilor: \u201eV-am l\u0103sat s\u0103raci \u015fi pro\u015fti, v\u0103 g\u0103sesc \u015fi mai s\u0103raci, \u015fi mai pro\u015fti!\u201d<\/p>\n<p id=\"p-12\">Nimeni n-a indicat vreodat\u0103 sursa citatului apocrif.<\/p>\n<p id=\"p-13\">Doar v\u0103 place s\u0103 prelua\u021bi asta la infinit, acela fiind un citat pentru pompo\u0219ii care cred c\u0103 autoderiziunea \u00eenseamn\u0103 s\u0103-\u021bi spui prost, chicotind \u00een spate c\u0103 de fapt nu e\u0219ti. (Cam ca \u00een citatul similar al lui \u021au\u021bea.)\u201d, scrie Dan Alexe.<\/p>\n","protected":false},"excerpt":{"rendered":"<p>Este ziua lui Br\u00e2ncu\u0219i \u2013 150 de ani de la na\u0219terea Maestrului \u2013 \u0219i se cuvine s\u0103-l cinstim cum se cuvine. O metod\u0103 ar fi aceasta: \u00eencerc\u00e2nd s\u0103 demont\u0103m miturile &hellip; <a href=\"https:\/\/microscopemedia.com\/?p=677638\" class=\"more-link\">Read More<\/a><\/p>\n","protected":false},"author":1,"featured_media":677639,"comment_status":"closed","ping_status":"closed","sticky":false,"template":"Default","format":"standard","meta":[],"categories":[1],"tags":[],"_links":{"self":[{"href":"https:\/\/microscopemedia.com\/index.php?rest_route=\/wp\/v2\/posts\/677638"}],"collection":[{"href":"https:\/\/microscopemedia.com\/index.php?rest_route=\/wp\/v2\/posts"}],"about":[{"href":"https:\/\/microscopemedia.com\/index.php?rest_route=\/wp\/v2\/types\/post"}],"author":[{"embeddable":true,"href":"https:\/\/microscopemedia.com\/index.php?rest_route=\/wp\/v2\/users\/1"}],"replies":[{"embeddable":true,"href":"https:\/\/microscopemedia.com\/index.php?rest_route=%2Fwp%2Fv2%2Fcomments&post=677638"}],"version-history":[{"count":0,"href":"https:\/\/microscopemedia.com\/index.php?rest_route=\/wp\/v2\/posts\/677638\/revisions"}],"wp:featuredmedia":[{"embeddable":true,"href":"https:\/\/microscopemedia.com\/index.php?rest_route=\/wp\/v2\/media\/677639"}],"wp:attachment":[{"href":"https:\/\/microscopemedia.com\/index.php?rest_route=%2Fwp%2Fv2%2Fmedia&parent=677638"}],"wp:term":[{"taxonomy":"category","embeddable":true,"href":"https:\/\/microscopemedia.com\/index.php?rest_route=%2Fwp%2Fv2%2Fcategories&post=677638"},{"taxonomy":"post_tag","embeddable":true,"href":"https:\/\/microscopemedia.com\/index.php?rest_route=%2Fwp%2Fv2%2Ftags&post=677638"}],"curies":[{"name":"wp","href":"https:\/\/api.w.org\/{rel}","templated":true}]}}