{"id":677640,"date":"2026-02-19T09:36:04","date_gmt":"2026-02-19T09:36:04","guid":{"rendered":"https:\/\/microscopemedia.com\/?p=677640"},"modified":"2026-02-19T09:36:04","modified_gmt":"2026-02-19T09:36:04","slug":"explozie-de-teorii-pe-internet-despre-varsta-reala-a-lui-meghan-markle-ce-arata-documentele-oficiale","status":"publish","type":"post","link":"https:\/\/microscopemedia.com\/?p=677640","title":{"rendered":"Explozie de teorii pe internet despre v\u00e2rsta real\u0103 a lui Meghan Markle. Ce arat\u0103 documentele oficiale"},"content":{"rendered":"<div><img decoding=\"async\" src=\"https:\/\/microscopemedia.com\/wp-content\/uploads\/2026\/02\/explozie-de-teorii-pe-internet-despre-varsta-reala-a-lui-meghan-markle-ce-arata-documentele-oficiale.jpg\" class=\"ff-og-image-inserted\"><\/div>\n<p id=\"p-0\">De c\u00e2nd este \u00een aten\u021bia public\u0103, teorii ale conspira\u021biei privind v\u00e2rsta real\u0103 a Ducesei de Sussex, Meghan Markle, au ap\u0103rut \u00een mediul online. \u00cen 2025, aceste teorii au reap\u0103rut pe internet chiar \u00een perioada \u00een care <span class=\"hover:entity-accent entity-underline inline cursor-pointer align-baseline\"><span class=\"whitespace-normal\">Markle<\/span><\/span>&nbsp;\u0219i-a aniversat ziua de na\u0219tere.<\/p>\n<p id=\"p-1\">Ducesa de Sussex a \u00eemplinit 44 de ani pe 4 august, anul acesta, \u00eens\u0103 vocile din online au venit cu o serie de afirma\u021bii care pun la \u00eendoial\u0103 anul real al na\u0219terii sale.<\/p>\n<p data-start=\"359\" data-end=\"642\" id=\"p-2\">Pe platforma Reddit, un utilizator a sus\u021binut recent c\u0103 Meghan Markle nu s-a n\u0103scut \u00een 1981, ci c\u00e2\u021biva ani mai devreme. Postarea sa pe populara platforma era astfel: \u201eMM sus\u021bine c\u0103 s-a n\u0103scut pe 4 august 1981, ceea ce o face s\u0103 aib\u0103 43 de ani. Specula\u021biile de pe re\u021belele de socializare spun c\u0103\u2026 de fapt este mai \u00een v\u00e2rst\u0103 de 43 de ani.\u201d<\/p>\n<p data-start=\"644\" data-end=\"830\" id=\"p-3\">Al\u021bi comentatori au invocat declara\u021biile unui YouTuber \u0219i jurnalist care a descris-o ca av\u00e2nd \u201esf\u00e2r\u0219itul anilor 40\u201d, interpretare pe care internau\u021bii o consider\u0103 o dovad\u0103 c\u0103 Ducesa de Sussex ar avea peste 44 de ani.<\/p>\n<p data-start=\"832\" data-end=\"1293\" id=\"p-4\">\u00cen 2023, <a href=\"https:\/\/www.newsweek.com\/fact-check-meghan-markle-lie-age-youtube-1786019\"><span class=\"hover:entity-accent entity-underline inline cursor-pointer align-baseline\"><span class=\"whitespace-normal\">Newsweek<\/span><\/span><\/a> a relatat c\u0103 un alt creator de con\u021binut online a afirmat c\u0103 Meghan s-ar fi n\u0103scut, de fapt, \u00een anul 1977. Totu\u0219i, potrivit publica\u021biei, ducesa \u0219i-a celebrat 40 de ani \u00een august 2021 \u0219i a indicat ca dat\u0103 de na\u0219tere ziua de 4 august 1981 \u00een documentele oficiale.<\/p>\n<p data-start=\"832\" data-end=\"1293\" id=\"p-5\">Aceast\u0103 dat\u0103 arat\u0103 c\u0103 Meghan Markle este cu trei ani mai mare dec\u00e2t <span class=\"hover:entity-accent entity-underline inline cursor-pointer align-baseline\"><span class=\"whitespace-normal\">Prin\u021bul Harry<\/span><\/span> \u0219i cu un an peste <span class=\"hover:entity-accent entity-underline inline cursor-pointer align-baseline\"><span class=\"whitespace-normal\">Prin\u021bul William<\/span><\/span> \u0219i <span class=\"hover:entity-accent entity-underline inline cursor-pointer align-baseline\"><span class=\"whitespace-normal\">Kate Middleton<\/span><\/span>.<\/p>\n<p data-start=\"1295\" data-end=\"1707\" id=\"p-6\">Un videoclip publicat pe YouTube, la data de 9 februarie 2023,<span class=\"knownFragmentElementNode\">&nbsp;<\/span>intitulat \u201eMeg Is Really 45 Years Old! Samantha Exposes Meghan\u2019s True Age In Court: She Was Born In 1977\u201d, sus\u021bine c\u0103 documente judiciare ar indica anul 1977 ca cel al na\u0219terii ducesei.<\/p>\n<p data-start=\"1295\" data-end=\"1707\" id=\"p-7\">\u00cen cadrul acelui videoclip publicat, creatorul de con\u021binut declar\u0103 c\u0103 \u201edocumentele judiciare depuse de sora (Samantha Markle) sa arat\u0103 c\u0103 Meghan s-a n\u0103scut \u00een 1977. Meghan \u0219i-a dezv\u0103luit, de asemenea, v\u00e2rsta real\u0103 anterior, \u00een cel\u0103lalt proces al s\u0103u din Londra, \u00een 2021.\u201d<\/p>\n<p data-start=\"1709\" data-end=\"2219\" id=\"p-8\">Acela\u0219i videoclip citeaz\u0103 un mesaj de pe Twitter \u00een care Meghan Markle este numit\u0103 \u201ePinocchio\u201d, iar v\u00e2rsta sa este dezb\u0103tut\u0103.<\/p>\n<p data-start=\"1709\" data-end=\"2219\" id=\"p-9\">\u201eOMG. \u00ce\u021bi dai seama c\u0103 \u0219i-a dezv\u0103luit adev\u0103rata v\u00e2rst\u0103. Pinocchio a declarat \u00een documentul pe care l-ai ar\u0103tat c\u0103 avea doi ani c\u00e2nd Samantha avea 15 ani c\u00e2nd s-a mutat \u00een cealalt\u0103 parte a ora\u0219ului. Ceea ce \u00eenseamn\u0103 c\u0103 exist\u0103 o diferen\u021b\u0103 de 13 ani \u00eentre ei. Samantha, n\u0103scut\u0103 \u00een noiembrie 1964, are 57 de ani ast\u0103zi. Pinocchio este cu 13 ani mai t\u00e2n\u0103r. Aceast\u0103 mic\u0103 dezv\u0103luire gre\u0219it\u0103 \u00eenseamn\u0103 c\u0103 Pinocchio are 44 de ani.\u201d<\/p>\n<p data-start=\"2221\" data-end=\"2455\" id=\"p-10\">Videoclipul men\u021bioneaz\u0103 \u0219i un e-mail care ar con\u021bine \u201efaptele\u201d pe care Meghan dorea ca fostul secretar de comunicare al Palatului Kensington, <span class=\"hover:entity-accent entity-underline inline cursor-pointer align-baseline\"><span class=\"whitespace-normal\">Jason Knauf<\/span><\/span>, \u201es\u0103 le discute cu autorii c\u0103r\u021bii FF Finding Freedom\u201d.<\/p>\n<p data-start=\"2750\" data-end=\"3034\" id=\"p-11\">La \u00eemplinirea v\u00e2rstei de 40 de ani, Meghan Markle a publicat un mesaj emo\u021bionant pe site-ul Archewell despre tr\u0103irile sale de la momentul respectiv privind v\u00e2rsta pe care o avea.<\/p>\n<p data-start=\"2750\" data-end=\"3034\" id=\"p-12\">\u201eReflect\u00e2nd asupra celei de-a 40-a anivers\u0103ri a mele \u0219i asupra numeroaselor lucruri pentru care sunt recunosc\u0103toare, sunt uimit\u0103 c\u0103 timpul se num\u0103r\u0103 printre cele mai mari \u0219i mai esen\u021biale daruri ale noastre.\u201d, a scris atunci Meghan.<\/p>\n<h2 data-start=\"2750\" data-end=\"3034\" id=\"chapter-0\">Care este v\u00e2rsta real\u0103 a lui Meghan Markle<\/h2>\n<p data-start=\"3036\" data-end=\"3382\" id=\"p-13\">Cu toate acestea, \u00een ciuda teoriilor conspira\u021bioniste, datele oficiale contrazic teoriile online.<\/p>\n<p data-start=\"3036\" data-end=\"3382\" id=\"p-14\">Numele complet Rachel Meghan Markle apare cu data de 4 august 1981 \u00een California Birth Index, informa\u021bie care coincide cu declara\u021biile sale publice. Aceea\u0219i dat\u0103 figureaz\u0103 \u0219i \u00een documentele depuse la Companies House din Regatul Unit, \u00een perioada \u00een care ea \u0219i Harry au administrat compania Sussex Royal.<\/p>\n<p data-start=\"3384\" data-end=\"4098\" id=\"p-15\">Sora ei vitreg\u0103, <span class=\"hover:entity-accent entity-underline inline cursor-pointer align-baseline\"><span class=\"whitespace-normal\">Samantha Markle<\/span><\/span>, a intentat un proces de calomnie \u00een leg\u0103tur\u0103 cu biografia \u201eFinding Freedom\u201d \u0219i interviul acordat lui <span class=\"hover:entity-accent entity-underline inline cursor-pointer align-baseline\"><span class=\"whitespace-normal\">Oprah Winfrey<\/span><\/span>. Totu\u0219i, cartea scris\u0103 de Samantha, \u201eJurnalul surorii prin\u021besei Pushy\u201d, indic\u0103 luna august 1981 ca moment al na\u0219terii lui Meghan, chiar dac\u0103 men\u021bioneaz\u0103 o alt\u0103 zi.<\/p>\n<p data-start=\"3384\" data-end=\"4098\" id=\"p-16\">Volumul scris de Samantha Markle include, de altfel, urm\u0103torul pasaj: \u201eMarea Migra\u021bie din 1632 i-a adus pe str\u0103mo\u0219ii no\u0219tri timpurii \u00een Statele Unite din Anglia pe Mayflower \u0219i pe nava Lyon, dar marea migra\u021bie a genelor a adus nava \u00abMeghan Flower\u00bb s\u0103 acosteze la casa noastr\u0103 pe 31 august 1981. Sora mea mai mic\u0103 era bi-rasial\u0103, frumoas\u0103 \u0219i avea at\u00e2t culoarea unei piersici, c\u00e2t \u0219i a unui trandafir.\u201d<\/p>\n<p data-start=\"4100\" data-end=\"4287\" id=\"p-17\">\u00centr-un document depus la instan\u021b\u0103, avoca\u021bii Samanthei precizeaz\u0103: \u201e\u00cen timpul copil\u0103riei lor, Ducesa a fost foarte apropiat\u0103 de sora ei mai mare, \u00een ciuda diferen\u021bei de v\u00e2rst\u0103 de 17 ani.\u201d<\/p>\n<p data-start=\"4289\" data-end=\"4709\" id=\"p-18\">De asemenea, afirma\u021biile legate de acel e-mail men\u021bionat provin dintr-un alt proces, cel dintre Meghan Markle \u0219i <span class=\"hover:entity-accent entity-underline inline cursor-pointer align-baseline\"><span class=\"whitespace-normal\">The Mail on Sunday<\/span><\/span>, \u00een ceea ce prive\u0219te publicarea unei scrisori adresate tat\u0103lui s\u0103u, mai relateaz\u0103 Newsweek.<\/p>\n<p data-start=\"4900\" data-end=\"5063\" data-is-last-node data-is-only-node id=\"p-19\">De\u0219i au ap\u0103rut multe specula\u021bii de-a lungul anilor, \u00een mediul online, privind v\u00e2rsta real\u0103 a ducesei, p\u00e2n\u0103 \u00een anul curent, documentele oficiale \u0219i registrele publice indic\u0103 anul 1981 ca dat\u0103 a na\u0219terii lui Meghan Markle.<\/p>\n","protected":false},"excerpt":{"rendered":"<p>De c\u00e2nd este \u00een aten\u021bia public\u0103, teorii ale conspira\u021biei privind v\u00e2rsta real\u0103 a Ducesei de Sussex, Meghan Markle, au ap\u0103rut \u00een mediul online. \u00cen 2025, aceste teorii au reap\u0103rut pe &hellip; <a href=\"https:\/\/microscopemedia.com\/?p=677640\" class=\"more-link\">Read More<\/a><\/p>\n","protected":false},"author":1,"featured_media":677641,"comment_status":"closed","ping_status":"closed","sticky":false,"template":"Default","format":"standard","meta":[],"categories":[1],"tags":[],"_links":{"self":[{"href":"https:\/\/microscopemedia.com\/index.php?rest_route=\/wp\/v2\/posts\/677640"}],"collection":[{"href":"https:\/\/microscopemedia.com\/index.php?rest_route=\/wp\/v2\/posts"}],"about":[{"href":"https:\/\/microscopemedia.com\/index.php?rest_route=\/wp\/v2\/types\/post"}],"author":[{"embeddable":true,"href":"https:\/\/microscopemedia.com\/index.php?rest_route=\/wp\/v2\/users\/1"}],"replies":[{"embeddable":true,"href":"https:\/\/microscopemedia.com\/index.php?rest_route=%2Fwp%2Fv2%2Fcomments&post=677640"}],"version-history":[{"count":0,"href":"https:\/\/microscopemedia.com\/index.php?rest_route=\/wp\/v2\/posts\/677640\/revisions"}],"wp:featuredmedia":[{"embeddable":true,"href":"https:\/\/microscopemedia.com\/index.php?rest_route=\/wp\/v2\/media\/677641"}],"wp:attachment":[{"href":"https:\/\/microscopemedia.com\/index.php?rest_route=%2Fwp%2Fv2%2Fmedia&parent=677640"}],"wp:term":[{"taxonomy":"category","embeddable":true,"href":"https:\/\/microscopemedia.com\/index.php?rest_route=%2Fwp%2Fv2%2Fcategories&post=677640"},{"taxonomy":"post_tag","embeddable":true,"href":"https:\/\/microscopemedia.com\/index.php?rest_route=%2Fwp%2Fv2%2Ftags&post=677640"}],"curies":[{"name":"wp","href":"https:\/\/api.w.org\/{rel}","templated":true}]}}