{"id":678985,"date":"2026-02-27T06:56:03","date_gmt":"2026-02-27T06:56:03","guid":{"rendered":"https:\/\/microscopemedia.com\/?p=678985"},"modified":"2026-02-27T06:56:03","modified_gmt":"2026-02-27T06:56:03","slug":"pakistanul-declara-razboi-deschis-cu-afganistanul-dupa-lovituri-reciproce-iata-cum-s-a-ajuns-la-razboi","status":"publish","type":"post","link":"https:\/\/microscopemedia.com\/?p=678985","title":{"rendered":"Pakistanul declar\u0103 \u201er\u0103zboi deschis\u201d cu Afganistanul dup\u0103 lovituri reciproce. Iat\u0103 cum s-a ajuns la r\u0103zboi"},"content":{"rendered":"<div><img decoding=\"async\" src=\"https:\/\/microscopemedia.com\/wp-content\/uploads\/2026\/02\/pakistanul-declara-razboi-deschis-cu-afganistanul-dupa-lovituri-reciproce-iata-cum-s-a-ajuns-la-razboi.png\" class=\"ff-og-image-inserted\"><\/div>\n<p id=\"p-0\">\u201ePaharul r\u0103bd\u0103rii noastre a dat pe dinafar\u0103. Acum este r\u0103zboi deschis \u00eentre noi \u0219i voi (Afganistan)\u201d, a scris Asif \u00eentr-o postare pe re\u021belele sociale. Oficialul pakistanez a acuzat talibanii c\u0103 au transformat Afganistanul \u201e\u00eentr-o colonie a Indiei\u201d, c\u0103 ar fi adunat militan\u021bi \u201edin \u00eentreaga lume\u201d \u0219i c\u0103 ar \u201eexporta terorism\u201d.<\/p>\n<p id=\"p-1\">\u00cen acela\u0219i timp, purt\u0103torul de cuv\u00e2nt al guvernului afgan, Zabihullah Mujahid, a afirmat c\u0103 Pakistanul a efectuat lovituri \u00een capitala Kabul \u0219i \u00een alte dou\u0103 provincii afgane, la doar c\u00e2teva ore dup\u0103 ce Afganistanul a lansat un atac transfrontalier asupra Pakistanului. Surse de securitate pakistaneze au sus\u021binut c\u0103 opera\u021biunile au inclus lovituri aeriene \u0219i la sol, viz\u00e2nd posturi talibane, sedii \u0219i depozite de muni\u021bii de-a lungul frontierei.<\/p>\n<p id=\"p-2\">\u00cen Kabul, un martor a relatat c\u0103 s-au auzit mai multe explozii puternice, urmate de numeroase sirene de ambulan\u021b\u0103.<\/p>\n<p id=\"p-3\">Ambele p\u0103r\u021bi au raportat pierderi \u201egrele\u201d, \u00eens\u0103 cifrele difer\u0103 semnificativ \u0219i nu au putut fi verificate independent.<\/p>\n<h2 id=\"chapter-0\">Cum s-a ajuns la r\u0103zboi?<\/h2>\n<p id=\"p-4\">Escaladarea vine dup\u0103 luni de tensiuni \u0219i ciocniri sporadice \u00eentre cele dou\u0103 state vecine, pun\u00e2nd \u00een pericol un armisti\u021biu fragil de-a lungul frontierei de aproximativ 2.600 km. Disputa este alimentat\u0103 de acuza\u021biile Islamabadului c\u0103 autorit\u0103\u021bile de la Kabul ar ad\u0103posti militan\u021bi ai Tehreek-e-Taliban Pakistan (TTP), acuza\u021bie respins\u0103 de talibani.<\/p>\n<p id=\"p-5\">Ultimul episod de intensificare major\u0103 a violen\u021belor a \u00eenceput atunci c\u00e2nd guvernul taliban a anun\u021bat c\u0103 a declan\u0219at o ofensiv\u0103 ampl\u0103 \u00eempotriva unor posturi militare pakistaneze din apropierea grani\u021bei, joi seara. Potrivit autorit\u0103\u021bilor afgane, ac\u021biunea ar fi fost un r\u0103spuns la lovituri aeriene pakistaneze anterioare, la \u00eenceputul lunii februarie, \u00een urma c\u0103rora ONU a indicat c\u0103 au murit cel pu\u021bin 13 civili.<\/p>\n<p id=\"p-6\">Pakistanul a afirmat c\u0103 loviturile din februarie au vizat ascunz\u0103tori ale militan\u021bilor pe care \u00eei consider\u0103 responsabili pentru atacuri sinuciga\u0219e \u00een ora\u0219e pakistaneze. De aceast\u0103 dat\u0103 \u00eens\u0103, Pakistanul a lansat noi lovituri aeriene, care, potrivit Kabulului, au vizat inclusiv capitala afgan\u0103.<\/p>\n<p id=\"p-7\">\u00cen octombrie 2025, un episod similar de escaladare a fost urmat de un proces diplomatic, cu Turcia \u0219i Qatar \u00eencerc\u00e2nd s\u0103 medieze. De\u0219i a fost stabilit un armisti\u021biu fragil, negocierile nu au dus la un acord mai amplu pentru \u00eencetarea complet\u0103 a ostilit\u0103\u021bilor, cele dou\u0103 p\u0103r\u021bi acuz\u00e2ndu-se reciproc de lips\u0103 de seriozitate \u00een dialog.<\/p>\n<p id=\"p-8\">Talibanii sus\u021bin c\u0103 teritoriul Afganistanului nu este folosit pentru a amenin\u021ba securitatea altor state \u0219i acuz\u0103 Pakistanul de atacuri neprovocate soldate cu victime civile. Islamabadul respinge acuza\u021biile \u0219i afirm\u0103 c\u0103 \u021binte\u0219te exclusiv infrastructura militan\u021bilor.<\/p>\n","protected":false},"excerpt":{"rendered":"<p>\u201ePaharul r\u0103bd\u0103rii noastre a dat pe dinafar\u0103. Acum este r\u0103zboi deschis \u00eentre noi \u0219i voi (Afganistan)\u201d, a scris Asif \u00eentr-o postare pe re\u021belele sociale. Oficialul pakistanez a acuzat talibanii c\u0103 &hellip; <a href=\"https:\/\/microscopemedia.com\/?p=678985\" class=\"more-link\">Read More<\/a><\/p>\n","protected":false},"author":1,"featured_media":678986,"comment_status":"closed","ping_status":"closed","sticky":false,"template":"Default","format":"standard","meta":[],"categories":[1],"tags":[],"_links":{"self":[{"href":"https:\/\/microscopemedia.com\/index.php?rest_route=\/wp\/v2\/posts\/678985"}],"collection":[{"href":"https:\/\/microscopemedia.com\/index.php?rest_route=\/wp\/v2\/posts"}],"about":[{"href":"https:\/\/microscopemedia.com\/index.php?rest_route=\/wp\/v2\/types\/post"}],"author":[{"embeddable":true,"href":"https:\/\/microscopemedia.com\/index.php?rest_route=\/wp\/v2\/users\/1"}],"replies":[{"embeddable":true,"href":"https:\/\/microscopemedia.com\/index.php?rest_route=%2Fwp%2Fv2%2Fcomments&post=678985"}],"version-history":[{"count":0,"href":"https:\/\/microscopemedia.com\/index.php?rest_route=\/wp\/v2\/posts\/678985\/revisions"}],"wp:featuredmedia":[{"embeddable":true,"href":"https:\/\/microscopemedia.com\/index.php?rest_route=\/wp\/v2\/media\/678986"}],"wp:attachment":[{"href":"https:\/\/microscopemedia.com\/index.php?rest_route=%2Fwp%2Fv2%2Fmedia&parent=678985"}],"wp:term":[{"taxonomy":"category","embeddable":true,"href":"https:\/\/microscopemedia.com\/index.php?rest_route=%2Fwp%2Fv2%2Fcategories&post=678985"},{"taxonomy":"post_tag","embeddable":true,"href":"https:\/\/microscopemedia.com\/index.php?rest_route=%2Fwp%2Fv2%2Ftags&post=678985"}],"curies":[{"name":"wp","href":"https:\/\/api.w.org\/{rel}","templated":true}]}}