{"id":678987,"date":"2026-02-27T07:06:04","date_gmt":"2026-02-27T07:06:04","guid":{"rendered":"https:\/\/microscopemedia.com\/?p=678987"},"modified":"2026-02-27T07:06:04","modified_gmt":"2026-02-27T07:06:04","slug":"update-ro-alert-in-nordul-judetului-tulcea-dupa-semnalarea-unor-tinte-aeriene-langa-granita-cu-ucraina-aste-mentionat-caracterul-de-alerta-extrema","status":"publish","type":"post","link":"https:\/\/microscopemedia.com\/?p=678987","title":{"rendered":"UPDATE: RO-Alert \u00een nordul jude\u021bului Tulcea, dup\u0103 semnalarea unor \u021binte aeriene l\u00e2ng\u0103 grani\u021ba cu Ucraina. Aste men\u021bionat caracterul de \u201ealert\u0103 extrem\u0103\u201d"},"content":{"rendered":"<h2 id=\"chapter-0\">UPDATE 08:48 \u2013 <span>Un nou mesaj RO-Alert emis \u00een nordul jude\u021bului Tulcea<\/span><\/h2>\n<p id=\"p-0\">Autorit\u0103\u021bile au transmis un nou mesaj RO-Alert la ora 08:48 pentru zona de nord a jude\u021bului Tulcea, avertiz\u00e2nd din nou popula\u021bia cu privire la posibilitatea c\u0103derii unor obiecte din spa\u021biul aerian.<\/p>\n<p id=\"p-1\">\u00cen mesajul transmis este men\u021bionat caracterul de <strong>alert\u0103 extrem\u0103<\/strong>, iar cet\u0103\u021benii sunt sf\u0103tui\u021bi s\u0103 \u00ee\u0219i p\u0103streze calmul \u0219i s\u0103 se ad\u0103posteasc\u0103 \u00een beciuri sau \u00een ad\u0103posturi de protec\u021bie civil\u0103. \u00cen lipsa acestora, oamenii sunt \u00eendemna\u021bi s\u0103 r\u0103m\u00e2n\u0103 \u00een interiorul locuin\u021bei, departe de geamuri \u0219i pere\u021bi exteriori.<\/p>\n<p id=\"p-2\">Durata estimat\u0103 a alertei este de 90 de minute, potrivit informa\u021biilor transmise de ISU.<\/p>\n<p id=\"p-3\"><img loading=\"lazy\" fetchpriority=\"high\" decoding=\"async\" class=\"aligncenter size-full wp-image-23693850\" src=\"https:\/\/microscopemedia.com\/wp-content\/uploads\/2026\/02\/update-ro-alert-in-nordul-judetului-tulcea-dupa-semnalarea-unor-tinte-aeriene-langa-granita-cu-ucraina-aste-mentionat-caracterul-de-alerta-extrema.jpg\" alt width=\"332\" height=\"273\" srcset=\"https:\/\/microscopemedia.com\/wp-content\/uploads\/2026\/02\/update-ro-alert-in-nordul-judetului-tulcea-dupa-semnalarea-unor-tinte-aeriene-langa-granita-cu-ucraina-aste-mentionat-caracterul-de-alerta-extrema.jpg 332w, https:\/\/www.mediafax.ro\/wp-content\/uploads\/2026\/02\/ro-alert-isu-tulcea-300x247.jpg 300w\" sizes=\"(max-width: 332px) 100vw, 332px\"><\/p>\n<p id=\"p-4\">Autorit\u0103\u021bile precizeaz\u0103 c\u0103<strong> m\u0103surile au caracter preventiv<\/strong> \u0219i sunt luate \u00een contextul monitoriz\u0103rii situa\u021biei din proximitatea grani\u021bei cu Ucraina.<\/p>\n<h2 id=\"chapter-1\">\u0218tirea ini\u021bial\u0103:<\/h2>\n<p id=\"p-5\">Potrivit comunicatului transmis de <a href=\"https:\/\/isutl.igsu.ro\/\" target=\"_blank\" rel=\"noopener\">ISU Tulcea<\/a>, mesajul RO-Alert a fost trimis prin sistemul na\u021bional de avertizare la solicitarea autorit\u0103\u021bilor competente \u00een monitorizarea spa\u021biului aerian, \u00een baza inform\u0103rilor primite de la Statul Major al For\u021belor Aeriene.<\/p>\n<p id=\"p-6\">Autorit\u0103\u021bile au precizat c\u0103 m\u0103sura a avut un caracter strict preventiv, pentru a permite cet\u0103\u021benilor s\u0103 adopte eventuale m\u0103suri de autoprotec\u021bie \u00een cazul apari\u021biei unor riscuri.<\/p>\n<p id=\"p-7\">Conform ISU Tulcea, \u00eencep\u00e2nd cu ora 07:47, m\u0103sura de alertare aerian\u0103 a fost ridicat\u0103.<\/p>\n<p id=\"p-8\">Pe durata situa\u021biei nu au fost \u00eenregistrate apeluri la num\u0103rul unic de urgen\u021b\u0103 112, iar autorit\u0103\u021bile au subliniat c\u0103 mesajele RO-Alert sunt utilizate pentru informarea rapid\u0103 a popula\u021biei \u00een situa\u021bii care pot genera pericole.<\/p>\n<p id=\"p-9\">\u201e<a href=\"https:\/\/www.mediafax.ro\/social\/analiza-media-roalertul-de-saptamana-trecuta-mai-mult-a-enervat-decat-a-ajutat-23692070\" target=\"_blank\" rel=\"noopener\">Mesajele RO-Alert<\/a> au <strong>un rol preventiv<\/strong> \u0219i sunt utilizate pentru a informa rapid popula\u021bia \u00een situa\u021bii care pot genera riscuri, astfel \u00eenc\u00e2t cet\u0103\u021benii s\u0103 poat\u0103 adopta din timp m\u0103suri de autoprotec\u021bie\u201d, a transmis ISU Tulcea.<\/p>\n","protected":false},"excerpt":{"rendered":"<p>UPDATE 08:48 \u2013 Un nou mesaj RO-Alert emis \u00een nordul jude\u021bului Tulcea Autorit\u0103\u021bile au transmis un nou mesaj RO-Alert la ora 08:48 pentru zona de nord a jude\u021bului Tulcea, avertiz\u00e2nd &hellip; <a href=\"https:\/\/microscopemedia.com\/?p=678987\" class=\"more-link\">Read More<\/a><\/p>\n","protected":false},"author":1,"featured_media":678988,"comment_status":"closed","ping_status":"closed","sticky":false,"template":"Default","format":"standard","meta":[],"categories":[1],"tags":[],"_links":{"self":[{"href":"https:\/\/microscopemedia.com\/index.php?rest_route=\/wp\/v2\/posts\/678987"}],"collection":[{"href":"https:\/\/microscopemedia.com\/index.php?rest_route=\/wp\/v2\/posts"}],"about":[{"href":"https:\/\/microscopemedia.com\/index.php?rest_route=\/wp\/v2\/types\/post"}],"author":[{"embeddable":true,"href":"https:\/\/microscopemedia.com\/index.php?rest_route=\/wp\/v2\/users\/1"}],"replies":[{"embeddable":true,"href":"https:\/\/microscopemedia.com\/index.php?rest_route=%2Fwp%2Fv2%2Fcomments&post=678987"}],"version-history":[{"count":0,"href":"https:\/\/microscopemedia.com\/index.php?rest_route=\/wp\/v2\/posts\/678987\/revisions"}],"wp:featuredmedia":[{"embeddable":true,"href":"https:\/\/microscopemedia.com\/index.php?rest_route=\/wp\/v2\/media\/678988"}],"wp:attachment":[{"href":"https:\/\/microscopemedia.com\/index.php?rest_route=%2Fwp%2Fv2%2Fmedia&parent=678987"}],"wp:term":[{"taxonomy":"category","embeddable":true,"href":"https:\/\/microscopemedia.com\/index.php?rest_route=%2Fwp%2Fv2%2Fcategories&post=678987"},{"taxonomy":"post_tag","embeddable":true,"href":"https:\/\/microscopemedia.com\/index.php?rest_route=%2Fwp%2Fv2%2Ftags&post=678987"}],"curies":[{"name":"wp","href":"https:\/\/api.w.org\/{rel}","templated":true}]}}