{"id":678989,"date":"2026-02-27T07:26:04","date_gmt":"2026-02-27T07:26:04","guid":{"rendered":"https:\/\/microscopemedia.com\/?p=678989"},"modified":"2026-02-27T07:26:04","modified_gmt":"2026-02-27T07:26:04","slug":"nicusor-dan-a-promulgat-legea-privind-pensiile-magistratilor-un-gest-de-echitate-asteptat-de-societate","status":"publish","type":"post","link":"https:\/\/microscopemedia.com\/?p=678989","title":{"rendered":"Nicu\u0219or Dan a promulgat legea privind pensiile magistra\u021bilor: Un gest de echitate a\u0219teptat de societate"},"content":{"rendered":"<div><img decoding=\"async\" src=\"https:\/\/microscopemedia.com\/wp-content\/uploads\/2026\/02\/nicusor-dan-a-promulgat-legea-privind-pensiile-magistratilor-un-gest-de-echitate-asteptat-de-societate.jpg\" class=\"ff-og-image-inserted\"><\/div>\n<p id=\"p-0\">Nicu\u0219or Dan a anun\u021bat vineri diminea\u021b\u0103 c\u0103 a promulgat legea privind pensiile magistra\u021bilor, \u00een urma public\u0103rii \u00een Monitorul Oficial a deciziei Cur\u021bii Constitu\u021bionale.<\/p>\n<p data-start=\"907\" data-end=\"1210\" id=\"p-1\">\u201e<strong>Recalibrarea modului de calcul al acestor pensii este un gest de echitate, a\u0219teptat de societatea noastr\u0103. \u00cencrederea cet\u0103\u021benilor \u00een stat se rec\u00e2\u0219tig\u0103 atunci c\u00e2nd reformele a\u0219teptate de societate devin realitate, c\u00e2nd exist\u0103 coeren\u021b\u0103 \u00eentre ceea ce se promite \u0219i ceea ce se face<\/strong>\u201d, a afirmat Nicu\u0219or Dan.<\/p>\n<p data-start=\"1212\" data-end=\"1385\" id=\"p-2\">\u00cen acela\u0219i timp, \u0219eful statului a transmis un mesaj clar c\u0103tre sistemul judiciar, ar\u0103t\u00e2nd c\u0103 reforma nu pune sub semnul \u00eentreb\u0103rii importan\u021ba sau independen\u021ba magistra\u021bilor.<\/p>\n<p data-start=\"1387\" data-end=\"1615\" id=\"p-3\">\u201e<strong>\u00cei asigur pe magistra\u021bi c\u0103 munca lor este respectat\u0103, iar importan\u021ba lor \u00een arhitectura statului este pe deplin recunoscut\u0103. Independen\u021ba justi\u021biei r\u0103m\u00e2ne un pilon fundamental al democra\u021biei rom\u00e2ne\u0219ti<\/strong>\u201d, a precizat pre\u0219edintele.<\/p>\n<p data-start=\"1617\" data-end=\"1707\" id=\"p-4\">De asemenea, acesta a promis sprijin pentru \u00eembun\u0103t\u0103\u021birea condi\u021biilor de lucru din sistem.<\/p>\n<p data-start=\"1709\" data-end=\"1992\" id=\"p-5\">\u201eVoi sus\u021bine m\u0103surile legislative \u0219i administrative cerute de corpul profesional pentru optimizarea condi\u021biilor \u00een care \u00ee\u0219i desf\u0103\u0219oar\u0103 activitatea. Reforma trebuie s\u0103 mearg\u0103 m\u00e2n\u0103 \u00een m\u00e2n\u0103 cu respectul fa\u021b\u0103 de profesioni\u0219tii care asigur\u0103 func\u021bionarea justi\u021biei\u201d, a ad\u0103ugat Nicu\u0219or Dan.<\/p>\n<p data-start=\"1709\" data-end=\"1992\" id=\"p-6\"><a href=\"https:\/\/www.mediafax.ro\/stirile-zilei\/ccr-a-publicat-motivarea-pe-pensiile-magistratilor-legea-merge-la-promulgare-la-presedintele-nicusor-dan-23693447\">Curtea Constitu\u021bional\u0103<\/a> a trimis joi, spre publicare \u00een Monitorul Oficial, motivarea pe controversata lege a pensiilor de serviciu ale magistra\u021bilor, declarat\u0103 constitu\u021bional\u0103 zilele trecute. Mai mul\u021bi judec\u0103tori CCR au formulat opinii separate, av\u00e2nd \u00een vedere c\u0103 votul \u00een CCR pentru declararea constitu\u021bionalit\u0103\u021bii a fost 6 la 3.<\/p>\n<p data-start=\"1709\" data-end=\"1992\" id=\"p-7\">\u00cen&nbsp;<strong><a href=\"https:\/\/www.ccr.ro\/wp-content\/uploads\/2026\/02\/Decizie_153_2026.pdf\">motivarea de 40 de pagini<\/a><\/strong>,&nbsp;judec\u0103torii CCR spun de ce au respins sesizarea CJUE \u0219i sus\u021bin c\u0103 instan\u021ba european\u0103 nu se pronun\u021b\u0103 dac\u0103 o norm\u0103 de drept intern este \u00een conformitate cu dreptul UE \u0219i nici nu ofer\u0103 avize consultative cu caracter general. CCR spune c\u0103 admisibilitatea \u00eentreb\u0103rilor preliminare \u021bin de o cauz\u0103 aflat\u0103 pe rolul unei instan\u021be na\u021bionale \u0219i de \u201eutilitatea real\u0103\u201d a r\u0103spunsului oferit de CJUE.<\/p>\n<p id=\"p-8\" class=\"p1\"><strong><a href=\"https:\/\/www.mediafax.ro\/stirile-zilei\/16-sefi-de-curti-de-apel-din-romania-ii-cer-presedintelui-nicusor-dan-sa-intoarca-la-parlament-reforma-pensiilor-magistratilor-cum-a-ajuns-un-politist-dna-sa-aiba-pensie-mai-mare-decat-un-procuror-dn-23690337\">Zilele trecute, \u0219efii celor 16 Cur\u021bi de Apel din Rom\u00e2nia, <\/a><\/strong>dar \u0219i&nbsp;<strong><a href=\"https:\/\/www.mediafax.ro\/stirile-zilei\/unjr-ii-cere-presedintelui-nicusor-dan-sa-retrimita-in-parlament-legea-privind-pensiile-magistratilor-acuzatii-pentru-premierul-ilie-bolojan-ministrul-radu-miruta-si-cristian-ghinea-23692766\">UNJR, i-au cerut<\/a><\/strong>&nbsp;pre\u0219edintelui Rom\u00e2niei, Nicu\u0219or Dan, s\u0103 \u00eentoarc\u0103 la Parlament, spre reexaminare, legea, judec\u0103torii consider\u00e2nd c\u0103 proiectul \u00eencalc\u0103 statutul magistratului, genereaz\u0103 trei categorii de pensionari speciali \u0219i discrimin\u0103ri \u00een Justi\u021bie.<\/p>\n<p id=\"p-9\" class=\"p1\">Administra\u021bia Preziden\u021bial\u0103 a comunicat c\u0103 Nicu\u0219or Dan a\u0219teapt\u0103 motivarea CCR pentru a promulga legea pentru ca aceasta s\u0103 intre \u00een vigoare.<\/p>\n<p id=\"p-10\" class=\"p1\">Curtea Suprem\u0103 de Justi\u021bie, autoarea sesiz\u0103rii de neconstitu\u021bionalitate,&nbsp;<strong><a href=\"https:\/\/www.mediafax.ro\/stirile-zilei\/csm-anunta-ca-lupta-prin-instante-pentru-sesizarea-cjue-pe-reforma-pensiilor-magistratilor-suntem-obligati-sa-identificam-masuri-ca-justitia-sa-nu-intre-in-colaps-sistemic-23689051\">a anun\u021bat<\/a><\/strong>, dup\u0103 decizia CCR, c\u0103&nbsp;<b>\u201e<\/b>va utiliza toate mijloacele legale \u0219i institu\u021bionale\u201d pentru a ap\u0103ra independen\u021ba Justi\u021biei, \u201einclusiv prin sesizarea institu\u021biilor europene competente\u201d.<\/p>\n","protected":false},"excerpt":{"rendered":"<p>Nicu\u0219or Dan a anun\u021bat vineri diminea\u021b\u0103 c\u0103 a promulgat legea privind pensiile magistra\u021bilor, \u00een urma public\u0103rii \u00een Monitorul Oficial a deciziei Cur\u021bii Constitu\u021bionale. \u201eRecalibrarea modului de calcul al acestor pensii &hellip; <a href=\"https:\/\/microscopemedia.com\/?p=678989\" class=\"more-link\">Read More<\/a><\/p>\n","protected":false},"author":1,"featured_media":678990,"comment_status":"closed","ping_status":"closed","sticky":false,"template":"Default","format":"standard","meta":[],"categories":[1],"tags":[],"_links":{"self":[{"href":"https:\/\/microscopemedia.com\/index.php?rest_route=\/wp\/v2\/posts\/678989"}],"collection":[{"href":"https:\/\/microscopemedia.com\/index.php?rest_route=\/wp\/v2\/posts"}],"about":[{"href":"https:\/\/microscopemedia.com\/index.php?rest_route=\/wp\/v2\/types\/post"}],"author":[{"embeddable":true,"href":"https:\/\/microscopemedia.com\/index.php?rest_route=\/wp\/v2\/users\/1"}],"replies":[{"embeddable":true,"href":"https:\/\/microscopemedia.com\/index.php?rest_route=%2Fwp%2Fv2%2Fcomments&post=678989"}],"version-history":[{"count":0,"href":"https:\/\/microscopemedia.com\/index.php?rest_route=\/wp\/v2\/posts\/678989\/revisions"}],"wp:featuredmedia":[{"embeddable":true,"href":"https:\/\/microscopemedia.com\/index.php?rest_route=\/wp\/v2\/media\/678990"}],"wp:attachment":[{"href":"https:\/\/microscopemedia.com\/index.php?rest_route=%2Fwp%2Fv2%2Fmedia&parent=678989"}],"wp:term":[{"taxonomy":"category","embeddable":true,"href":"https:\/\/microscopemedia.com\/index.php?rest_route=%2Fwp%2Fv2%2Fcategories&post=678989"},{"taxonomy":"post_tag","embeddable":true,"href":"https:\/\/microscopemedia.com\/index.php?rest_route=%2Fwp%2Fv2%2Ftags&post=678989"}],"curies":[{"name":"wp","href":"https:\/\/api.w.org\/{rel}","templated":true}]}}