{"id":678993,"date":"2026-02-27T07:46:03","date_gmt":"2026-02-27T07:46:03","guid":{"rendered":"https:\/\/microscopemedia.com\/?p=678993"},"modified":"2026-02-27T07:46:03","modified_gmt":"2026-02-27T07:46:03","slug":"guvernul-se-reuneste-in-sedinta-pentru-a-discuta-mai-multe-acte-normative-modificari-fiscal-bugetare-si-cheltuieli-pentru-prefecti-pe-agenda-de-astazi","status":"publish","type":"post","link":"https:\/\/microscopemedia.com\/?p=678993","title":{"rendered":"Guvernul se reune\u0219te \u00een \u0219edin\u021b\u0103 pentru a discuta mai multe acte normative. Modific\u0103ri fiscal-bugetare \u0219i cheltuieli pentru prefec\u021bi, pe agenda de ast\u0103zi"},"content":{"rendered":"<div><img decoding=\"async\" src=\"https:\/\/microscopemedia.com\/wp-content\/uploads\/2026\/02\/guvernul-se-reuneste-in-sedinta-pentru-a-discuta-mai-multe-acte-normative-modificari-fiscal-bugetare-si-cheltuieli-pentru-prefecti-pe-agenda-de-astazi.jpg\" class=\"ff-og-image-inserted\"><\/div>\n<p data-start=\"193\" data-end=\"522\" id=\"p-0\">Ast\u0103zi, Guvernul se va \u00eent\u00e2lni \u00een \u0219edin\u021b\u0103, de la ora 11:00, pentru a analiza mai multe <strong>acte normative<\/strong>, care includ modific\u0103ri \u00een domeniul fiscal-bugetar, stabilirea plafonului cheltuielilor pentru locuin\u021bele de serviciu, cheltuielilor pentru cazare \u0219i deplas\u0103ri ale prefec\u021bilor \u0219i subprefec\u021bilor, \u0219i m\u0103suri pentru sprijinirea producerii de biometan.<\/p>\n<p data-start=\"524\" data-end=\"1105\" id=\"p-1\">Un proiect de ordonan\u021b\u0103 de urgen\u021b\u0103 privind fiscalitatea propune m\u0103suri care s\u0103 reduc\u0103 <strong>riscul nepl\u0103\u021bii accizelor<\/strong> \u0219i <strong>TVA<\/strong> de c\u0103tre operatorii economici care comercializeaz\u0103 produse accizabile, \u00een special produse energetice.<\/p>\n<p data-start=\"524\" data-end=\"1105\" id=\"p-2\">Documentul prevede c\u0103 prin ordin comun al pre\u0219edintelui ANAF \u0219i al pre\u0219edintelui Autorit\u0103\u021bii Vamale Rom\u00e2ne se vor stabili condi\u021biile pentru ob\u021binerea <strong>atestatului de distribu\u021bie<\/strong> \u0219i <strong>comercializare angro<\/strong> pentru b\u0103uturi alcoolice, tutun prelucrat \u0219i produse energetice precum benzin\u0103, motorin\u0103, petrol lampant, gaz petrolier lichefiat, p\u0103cur\u0103 \u0219i biocombustibili.<\/p>\n<p data-start=\"1107\" data-end=\"1505\" id=\"p-3\">Totodat\u0103, un alt proiect de ordonan\u021b\u0103 modific\u0103 reglement\u0103rile din domeniul energiei pentru a sus\u021bine <strong>producerea biometanului<\/strong>.<\/p>\n<p data-start=\"1107\" data-end=\"1505\" id=\"p-4\">Actul stabile\u0219te obliga\u021biile \u0219i drepturile produc\u0103torilor, condi\u021biile tehnice \u0219i financiare pentru injectarea biometanului \u00een sistemele de transport \u0219i distribu\u021bie a gazelor naturale, comercializarea acestuia, racordarea la re\u021bele \u0219i colaborarea cu operatorii de sistem.<\/p>\n<p data-start=\"1507\" data-end=\"1904\" id=\"p-5\">Guvernul va analiza \u0219i un proiect de hot\u0103r\u00e2re pentru <strong>suplimentarea sumei<\/strong> acordate desp\u0103gubirilor proprietarilor afecta\u021bi de lucr\u0103rile de interes na\u021bional pentru dezvoltarea carierei Tismana I, jude\u021bul Gorj, cu capacitatea de 5.000.000 tone\/an lignit.<\/p>\n<p data-start=\"1507\" data-end=\"1904\" id=\"p-6\">De asemenea, se propune modificarea hot\u0103r\u00e2rii privind clasificarea drumurilor publice \u0219i a drumurilor de utilitate privat\u0103 deschise circula\u021biei.<\/p>\n<p data-start=\"1906\" data-end=\"2214\" id=\"p-7\">\u00cen 2026, pentru fiecare <strong>func\u021bie de prefect<\/strong> sau <strong>subprefect<\/strong>, plafonul anual pentru cheltuielile legate de locuin\u021ba de serviciu, cazare \u0219i deplasarea dus-\u00eentors va fi de 18.000 lei, respectiv 1.500 lei lunar.<\/p>\n<p data-start=\"1906\" data-end=\"2214\" id=\"p-8\">Excep\u021bia apare \u00een cazul \u00een care chiria dep\u0103\u0219e\u0219te plafonul, deoarece suma decontat\u0103 nu va putea dep\u0103\u0219i valoarea contractului.<\/p>\n<p data-start=\"2216\" data-end=\"2503\" id=\"p-9\">Pe ordinea de zi se afl\u0103 \u0219i eliber\u0103ri sau numiri de prefec\u021bi \u0219i subprefec\u021bi, declararea unui teren ca bun de interes public na\u021bional \u0219i \u00eencredin\u021barea acestuia Teatrului Na\u021bional \u201eMarin Sorescu\u201d din Craiova. Guvernul va discuta \u0219i un memorandum privind Programul legislativ pentru 2026.<\/p>\n","protected":false},"excerpt":{"rendered":"<p>Ast\u0103zi, Guvernul se va \u00eent\u00e2lni \u00een \u0219edin\u021b\u0103, de la ora 11:00, pentru a analiza mai multe acte normative, care includ modific\u0103ri \u00een domeniul fiscal-bugetar, stabilirea plafonului cheltuielilor pentru locuin\u021bele de &hellip; <a href=\"https:\/\/microscopemedia.com\/?p=678993\" class=\"more-link\">Read More<\/a><\/p>\n","protected":false},"author":1,"featured_media":678994,"comment_status":"closed","ping_status":"closed","sticky":false,"template":"Default","format":"standard","meta":[],"categories":[1],"tags":[],"_links":{"self":[{"href":"https:\/\/microscopemedia.com\/index.php?rest_route=\/wp\/v2\/posts\/678993"}],"collection":[{"href":"https:\/\/microscopemedia.com\/index.php?rest_route=\/wp\/v2\/posts"}],"about":[{"href":"https:\/\/microscopemedia.com\/index.php?rest_route=\/wp\/v2\/types\/post"}],"author":[{"embeddable":true,"href":"https:\/\/microscopemedia.com\/index.php?rest_route=\/wp\/v2\/users\/1"}],"replies":[{"embeddable":true,"href":"https:\/\/microscopemedia.com\/index.php?rest_route=%2Fwp%2Fv2%2Fcomments&post=678993"}],"version-history":[{"count":0,"href":"https:\/\/microscopemedia.com\/index.php?rest_route=\/wp\/v2\/posts\/678993\/revisions"}],"wp:featuredmedia":[{"embeddable":true,"href":"https:\/\/microscopemedia.com\/index.php?rest_route=\/wp\/v2\/media\/678994"}],"wp:attachment":[{"href":"https:\/\/microscopemedia.com\/index.php?rest_route=%2Fwp%2Fv2%2Fmedia&parent=678993"}],"wp:term":[{"taxonomy":"category","embeddable":true,"href":"https:\/\/microscopemedia.com\/index.php?rest_route=%2Fwp%2Fv2%2Fcategories&post=678993"},{"taxonomy":"post_tag","embeddable":true,"href":"https:\/\/microscopemedia.com\/index.php?rest_route=%2Fwp%2Fv2%2Ftags&post=678993"}],"curies":[{"name":"wp","href":"https:\/\/api.w.org\/{rel}","templated":true}]}}