{"id":678997,"date":"2026-02-27T08:06:04","date_gmt":"2026-02-27T08:06:04","guid":{"rendered":"https:\/\/microscopemedia.com\/?p=678997"},"modified":"2026-02-27T08:06:04","modified_gmt":"2026-02-27T08:06:04","slug":"jd-vance-spune-ca-nu-exista-nicio-sansa-ca-un-atac-impotriva-iranului-sa-declanseze-un-razboi-prelungit","status":"publish","type":"post","link":"https:\/\/microscopemedia.com\/?p=678997","title":{"rendered":"JD Vance spune c\u0103 nu exist\u0103 \u201enicio \u0219ans\u0103\u201d ca un atac \u00eempotriva Iranului s\u0103 declan\u0219eze un r\u0103zboi prelungit"},"content":{"rendered":"<div><img decoding=\"async\" src=\"https:\/\/microscopemedia.com\/wp-content\/uploads\/2026\/02\/jd-vance-spune-ca-nu-exista-nicio-sansa-ca-un-atac-impotriva-iranului-sa-declanseze-un-razboi-prelungit.jpg\" class=\"ff-og-image-inserted\"><\/div>\n<p id=\"p-0\">\u201eIdeea c\u0103 vom fi angaja\u021bi \u00eentr-un r\u0103zboi \u00een Orientul Mijlociu timp de ani de zile, f\u0103r\u0103 a se \u00eentrevedea un sf\u00e2r\u0219it, nu exist\u0103 nicio \u0219ans\u0103 ca acest lucru s\u0103 se \u00eent\u00e2mple\u201d, a spus JD Vance \u00een interviul acordat publica\u021biei americane, citat\u0103 de <a href=\"https:\/\/www.lefigaro.fr\/international\/vance-dit-qu-il-n-y-a-aucune-chance-qu-une-frappe-contre-l-iran-declenche-une-guerre-durable-20260227\" target=\"_blank\" rel=\"noopener\">Le Figaro<\/a>.<\/p>\n<p id=\"p-1\">\u201eCred c\u0103 to\u021bi prefer\u0103m op\u021biunea diplomatic\u0103\u201d, a ad\u0103ugat vicepre\u0219edintele, afirm\u00e2nd \u00een acela\u0219i timp c\u0103 \u201edepinde cu adev\u0103rat de ceea ce fac \u0219i spun iranienii\u201d. Administra\u021bia Trump a organizat joi, la Geneva, o a treia rund\u0103 de discu\u021bii cu Iranul, mediate de oficiali omanezi.<\/p>\n<p id=\"p-2\">Ministrul iranian de externe, Abbas Araghchi, a indicat c\u0103 a avut \u201ecele mai intense\u201d discu\u021bii de p\u00e2n\u0103 acum cu americanii dup\u0103 aceast\u0103 zi de discu\u021bii.<\/p>\n","protected":false},"excerpt":{"rendered":"<p>\u201eIdeea c\u0103 vom fi angaja\u021bi \u00eentr-un r\u0103zboi \u00een Orientul Mijlociu timp de ani de zile, f\u0103r\u0103 a se \u00eentrevedea un sf\u00e2r\u0219it, nu exist\u0103 nicio \u0219ans\u0103 ca acest lucru s\u0103 se &hellip; <a href=\"https:\/\/microscopemedia.com\/?p=678997\" class=\"more-link\">Read More<\/a><\/p>\n","protected":false},"author":1,"featured_media":678998,"comment_status":"closed","ping_status":"closed","sticky":false,"template":"Default","format":"standard","meta":[],"categories":[1],"tags":[],"_links":{"self":[{"href":"https:\/\/microscopemedia.com\/index.php?rest_route=\/wp\/v2\/posts\/678997"}],"collection":[{"href":"https:\/\/microscopemedia.com\/index.php?rest_route=\/wp\/v2\/posts"}],"about":[{"href":"https:\/\/microscopemedia.com\/index.php?rest_route=\/wp\/v2\/types\/post"}],"author":[{"embeddable":true,"href":"https:\/\/microscopemedia.com\/index.php?rest_route=\/wp\/v2\/users\/1"}],"replies":[{"embeddable":true,"href":"https:\/\/microscopemedia.com\/index.php?rest_route=%2Fwp%2Fv2%2Fcomments&post=678997"}],"version-history":[{"count":0,"href":"https:\/\/microscopemedia.com\/index.php?rest_route=\/wp\/v2\/posts\/678997\/revisions"}],"wp:featuredmedia":[{"embeddable":true,"href":"https:\/\/microscopemedia.com\/index.php?rest_route=\/wp\/v2\/media\/678998"}],"wp:attachment":[{"href":"https:\/\/microscopemedia.com\/index.php?rest_route=%2Fwp%2Fv2%2Fmedia&parent=678997"}],"wp:term":[{"taxonomy":"category","embeddable":true,"href":"https:\/\/microscopemedia.com\/index.php?rest_route=%2Fwp%2Fv2%2Fcategories&post=678997"},{"taxonomy":"post_tag","embeddable":true,"href":"https:\/\/microscopemedia.com\/index.php?rest_route=%2Fwp%2Fv2%2Ftags&post=678997"}],"curies":[{"name":"wp","href":"https:\/\/api.w.org\/{rel}","templated":true}]}}