{"id":679005,"date":"2026-02-27T08:57:03","date_gmt":"2026-02-27T08:57:03","guid":{"rendered":"https:\/\/microscopemedia.com\/?p=679005"},"modified":"2026-02-27T08:57:03","modified_gmt":"2026-02-27T08:57:03","slug":"polonia-intentioneaza-sa-blocheze-accesul-la-retelele-sociale-pentru-copiii-sub-15-ani","status":"publish","type":"post","link":"https:\/\/microscopemedia.com\/?p=679005","title":{"rendered":"Polonia inten\u021bioneaz\u0103 s\u0103 blocheze accesul la re\u021belele sociale pentru copiii sub 15 ani"},"content":{"rendered":"<div><img decoding=\"async\" src=\"https:\/\/microscopemedia.com\/wp-content\/uploads\/2026\/02\/polonia-intentioneaza-sa-blocheze-accesul-la-retelele-sociale-pentru-copiii-sub-15-ani.jpg\" class=\"ff-og-image-inserted\"><\/div>\n<p data-start=\"74\" data-end=\"334\" id=\"p-0\">Polonia preg\u0103te\u0219te o lege care s\u0103 interzic\u0103 accesul minorilor sub 15 ani la re\u021belele sociale \u0219i s\u0103 oblige platformele s\u0103 verifice v\u00e2rsta utilizatorilor, a declarat ministrul Educa\u021biei, Barbara Nowacka, \u00eentr-un interviu pentru Bloomberg, publicat vineri.<\/p>\n<p data-start=\"336\" data-end=\"754\" id=\"p-1\">Proiectul de lege urmeaz\u0103 s\u0103 fie prezentat vineri de Coali\u021bia civic\u0103 aflat\u0103 la guvernare \u0219i prevede amenzi pentru platformele care permit accesul copiilor mai mici de 15 ani, scrie <a href=\"https:\/\/www.reuters.com\/business\/media-telecom\/poland-plans-social-media-ban-children-under-15-bloomberg-news-reports-2026-02-27\/\">Reuters<\/a>.<\/p>\n<p data-start=\"336\" data-end=\"754\" id=\"p-2\">\u201eObserv\u0103m o deteriorare a s\u0103n\u0103t\u0103\u021bii mentale a copiilor \u0219i tinerilor, observ\u0103m o sc\u0103dere a competen\u021belor lor intelectuale\u201d, a spus Barbara Nowacka. Ea a spus c\u0103 nivelul sanc\u021biunilor pe care companiile ar trebui s\u0103 le achite este \u00eenc\u0103 \u00een discu\u021bie.<\/p>\n<p data-start=\"756\" data-end=\"1104\" id=\"p-3\">Legea ar putea intra \u00een vigoare la \u00eenceputul anului 2027, iar ini\u021biativa Poloniei urmeaz\u0103 modelul altor guverne europene, printre care Danemarca, Grecia, Fran\u021ba, Spania \u0219i Marea Britanie.<\/p>\n<p data-start=\"756\" data-end=\"1104\" id=\"p-4\">Toate aceste state au analizat m\u0103suri similare pentru protec\u021bia minorilor, din cauza numeroaselor preocup\u0103ri legate de efectele negative sau dependen\u021ba provocat\u0103 de re\u021belele sociale.<\/p>\n<p data-start=\"1106\" data-end=\"1484\" data-is-last-node data-is-only-node id=\"p-5\">Guvernul britanic a anun\u021bat \u00een ianuarie c\u0103 ia \u00een calcul restric\u021bii pentru protejarea copiilor online, \u00een timp ce Australia a adoptat deja legi similare \u00een decembrie 2025.<\/p>\n<p data-start=\"1106\" data-end=\"1484\" data-is-last-node data-is-only-node id=\"p-6\">Barbara Nowacka a anun\u021bat c\u0103 ini\u021biativa Poloniei ar putea intra \u00een conflict cu mari companii americane de tehnologie, precum Meta \u0219i X, care s-au opus restric\u021biilor dup\u0103 implementarea lor \u00een Australia.<\/p>\n","protected":false},"excerpt":{"rendered":"<p>Polonia preg\u0103te\u0219te o lege care s\u0103 interzic\u0103 accesul minorilor sub 15 ani la re\u021belele sociale \u0219i s\u0103 oblige platformele s\u0103 verifice v\u00e2rsta utilizatorilor, a declarat ministrul Educa\u021biei, Barbara Nowacka, \u00eentr-un &hellip; <a href=\"https:\/\/microscopemedia.com\/?p=679005\" class=\"more-link\">Read More<\/a><\/p>\n","protected":false},"author":1,"featured_media":679006,"comment_status":"closed","ping_status":"closed","sticky":false,"template":"Default","format":"standard","meta":[],"categories":[1],"tags":[],"_links":{"self":[{"href":"https:\/\/microscopemedia.com\/index.php?rest_route=\/wp\/v2\/posts\/679005"}],"collection":[{"href":"https:\/\/microscopemedia.com\/index.php?rest_route=\/wp\/v2\/posts"}],"about":[{"href":"https:\/\/microscopemedia.com\/index.php?rest_route=\/wp\/v2\/types\/post"}],"author":[{"embeddable":true,"href":"https:\/\/microscopemedia.com\/index.php?rest_route=\/wp\/v2\/users\/1"}],"replies":[{"embeddable":true,"href":"https:\/\/microscopemedia.com\/index.php?rest_route=%2Fwp%2Fv2%2Fcomments&post=679005"}],"version-history":[{"count":0,"href":"https:\/\/microscopemedia.com\/index.php?rest_route=\/wp\/v2\/posts\/679005\/revisions"}],"wp:featuredmedia":[{"embeddable":true,"href":"https:\/\/microscopemedia.com\/index.php?rest_route=\/wp\/v2\/media\/679006"}],"wp:attachment":[{"href":"https:\/\/microscopemedia.com\/index.php?rest_route=%2Fwp%2Fv2%2Fmedia&parent=679005"}],"wp:term":[{"taxonomy":"category","embeddable":true,"href":"https:\/\/microscopemedia.com\/index.php?rest_route=%2Fwp%2Fv2%2Fcategories&post=679005"},{"taxonomy":"post_tag","embeddable":true,"href":"https:\/\/microscopemedia.com\/index.php?rest_route=%2Fwp%2Fv2%2Ftags&post=679005"}],"curies":[{"name":"wp","href":"https:\/\/api.w.org\/{rel}","templated":true}]}}