{"id":679009,"date":"2026-02-27T09:26:03","date_gmt":"2026-02-27T09:26:03","guid":{"rendered":"https:\/\/microscopemedia.com\/?p=679009"},"modified":"2026-02-27T09:26:03","modified_gmt":"2026-02-27T09:26:03","slug":"claudiu-nasui-sare-la-gatul-lui-grindeanu-vrea-sa-blocheze-orice-reforma","status":"publish","type":"post","link":"https:\/\/microscopemedia.com\/?p=679009","title":{"rendered":"Claudiu N\u0103sui sare la g\u00e2tul lui Grindeanu: \u201eVrea s\u0103 blocheze orice reform\u0103\u201d"},"content":{"rendered":"<div><img decoding=\"async\" src=\"https:\/\/microscopemedia.com\/wp-content\/uploads\/2026\/02\/claudiu-nasui-sare-la-gatul-lui-grindeanu-vrea-sa-blocheze-orice-reforma.jpg\" class=\"ff-og-image-inserted\"><\/div>\n<p id=\"p-0\">Interviul lui Sorin Grindeanu pentru G4Media este comentat pe toate p\u0103r\u021bile de lumea politic\u0103. Deputatul USR Claudiu N\u0103sui a comentat pentru RFI c\u0103 Sorin Grindeanu ar vrea s\u0103 blocheze orice poten\u021bial\u0103 reform\u0103:<\/p>\n<p id=\"p-1\">\u201eMi se pare c\u0103 sunt declara\u021biile unui om care vrea s\u0103 blocheze absolut orice poten\u021bial\u0103 reform\u0103, dar lucrurile acestea erau clare \u00eenc\u0103 de acum \u0219apte luni, adic\u0103 era clar de acum \u0219apte luni c\u0103 puterea Guvernului Bolojan era mare atunci \u0219i va fi erodat\u0103 cu timpul, mai ales c\u0103 primele m\u0103suri care au fost luate au fost unele de natur\u0103 s\u0103-i scad\u0103 popularitatea\u201d, a spus acesta la RFI.<\/p>\n<h2 id=\"chapter-0\">\u201eDac\u0103 domnului Grindeanu i-ar fi p\u0103sat, ar fi propus el reforme\u201d<\/h2>\n<p id=\"p-2\">Comentariul lui N\u0103sui se bazeaz\u0103 pe replica lui Grindeanu, potrivit c\u0103reia Rom\u00e2nia nu poate fi guvernat\u0103 prin arogan\u021b\u0103, urmat\u0103 de anun\u021bul s\u0103u ca PSD s\u0103 decid\u0103 dac\u0103-l mai vrea pe Bolojan premier \u0219i dac\u0103 mai vrea alian\u021b\u0103 cu USR, \u00een ideea c\u0103, \u00een orice variant\u0103, PSD vrea s\u0103 r\u0103m\u00e2n\u0103 \u00een coali\u021bie.<\/p>\n<p id=\"p-3\"><a href=\"https:\/\/www.mediafax.ro\/politic\/nasui-despre-e-factura-pentru-persoane-fizice-guvernul-incurajeaza-evaziunea-prin-birocratie-23678355\">Claudiu N\u0103sui<\/a> a avut un comentariu \u0219i pentru afirma\u021bia lui Grindeanu potrivit c\u0103reia Ilie Bolojan nu este premierul Rom\u00e2niei, ci mai degrab\u0103 al USR:<\/p>\n<p id=\"p-4\">\u201dAsta e o judecat\u0103 personal\u0103 a domnului Grindeanu.<\/p>\n<p id=\"p-5\">Deocamdat\u0103, ce pot s\u0103 spun este c\u0103 pe partea de implement\u0103ri de reforme, Guvernul Bolojan a stat foarte slab, t\u0103ierile de cheltuieli nu sunt o reform\u0103 \u0219i \u00eenc\u0103 n-am ajuns la punctul acela \u00een care s\u0103 vedem vreo reform\u0103 semnificativ\u0103.<\/p>\n<p id=\"p-6\">Dac\u0103 domnului Grindeanu chiar i-ar fi p\u0103sat de lucrurile acestea, ar fi propus el reforme, ar fi fost el sau PSD-ul ar fi spus lucruri \u0219i atunci l-ar fi pus pe domnul Bolojan \u00een situa\u021bia de a le refuza, dar aici vedem doar o critic\u0103 politic\u0103, f\u0103r\u0103 prea mare impact pe vie\u021bile oamenilor\u201d, a spus acesta la RFI.<\/p>\n<h2 id=\"chapter-1\">\u201eNu-l laud des pe Bolojan, dar aici \u00eel laud\u201d<\/h2>\n<p id=\"p-7\">Din perspectiva lui N\u0103sui, faptul c\u0103 Bolojan \u00eent\u00e2rzie bugetul produce efecte benefice, pentru c\u0103 \u021bine sub control cheltuielile: \u201edomnul Bolojan reu\u0219e\u0219te prin a \u00eent\u00e2rzia bugetul s\u0103 \u021bin\u0103 sub control cheltuielile \u0219i lucrul acesta este un lucru bun.<\/p>\n<p id=\"p-8\">Nu-l laud des pe domnul Bolojan, dar aici \u00eel laud, este foarte bine ce face, pentru c\u0103 \u021bin\u00e2nd cheltuielile sub control, aju\u021bi pu\u021bin la t\u0103ierea aceea de cheltuieli, care de fapt nu s-a \u00eent\u00e2mplat pe cale juridic\u0103 \u0219i acum se \u00eent\u00e2mpl\u0103 printr-un tertip\u201d.<\/p>\n","protected":false},"excerpt":{"rendered":"<p>Interviul lui Sorin Grindeanu pentru G4Media este comentat pe toate p\u0103r\u021bile de lumea politic\u0103. Deputatul USR Claudiu N\u0103sui a comentat pentru RFI c\u0103 Sorin Grindeanu ar vrea s\u0103 blocheze orice &hellip; <a href=\"https:\/\/microscopemedia.com\/?p=679009\" class=\"more-link\">Read More<\/a><\/p>\n","protected":false},"author":1,"featured_media":679010,"comment_status":"closed","ping_status":"closed","sticky":false,"template":"Default","format":"standard","meta":[],"categories":[1],"tags":[],"_links":{"self":[{"href":"https:\/\/microscopemedia.com\/index.php?rest_route=\/wp\/v2\/posts\/679009"}],"collection":[{"href":"https:\/\/microscopemedia.com\/index.php?rest_route=\/wp\/v2\/posts"}],"about":[{"href":"https:\/\/microscopemedia.com\/index.php?rest_route=\/wp\/v2\/types\/post"}],"author":[{"embeddable":true,"href":"https:\/\/microscopemedia.com\/index.php?rest_route=\/wp\/v2\/users\/1"}],"replies":[{"embeddable":true,"href":"https:\/\/microscopemedia.com\/index.php?rest_route=%2Fwp%2Fv2%2Fcomments&post=679009"}],"version-history":[{"count":0,"href":"https:\/\/microscopemedia.com\/index.php?rest_route=\/wp\/v2\/posts\/679009\/revisions"}],"wp:featuredmedia":[{"embeddable":true,"href":"https:\/\/microscopemedia.com\/index.php?rest_route=\/wp\/v2\/media\/679010"}],"wp:attachment":[{"href":"https:\/\/microscopemedia.com\/index.php?rest_route=%2Fwp%2Fv2%2Fmedia&parent=679009"}],"wp:term":[{"taxonomy":"category","embeddable":true,"href":"https:\/\/microscopemedia.com\/index.php?rest_route=%2Fwp%2Fv2%2Fcategories&post=679009"},{"taxonomy":"post_tag","embeddable":true,"href":"https:\/\/microscopemedia.com\/index.php?rest_route=%2Fwp%2Fv2%2Ftags&post=679009"}],"curies":[{"name":"wp","href":"https:\/\/api.w.org\/{rel}","templated":true}]}}