{"id":679017,"date":"2026-02-27T10:06:04","date_gmt":"2026-02-27T10:06:04","guid":{"rendered":"https:\/\/microscopemedia.com\/?p=679017"},"modified":"2026-02-27T10:06:04","modified_gmt":"2026-02-27T10:06:04","slug":"alegeri-in-danemarca-sondajele-indica-o-apropiere-de-majoritate-pentru-blocul-de-stanga-condus-de-mette-frederiksen","status":"publish","type":"post","link":"https:\/\/microscopemedia.com\/?p=679017","title":{"rendered":"Alegeri \u00een Danemarca. Sondajele indic\u0103 o apropiere de majoritate pentru blocul de st\u00e2nga condus de Mette Frederiksen"},"content":{"rendered":"<div><img decoding=\"async\" src=\"https:\/\/microscopemedia.com\/wp-content\/uploads\/2026\/02\/alegeri-in-danemarca-sondajele-indica-o-apropiere-de-majoritate-pentru-blocul-de-stanga-condus-de-mette-frederiksen.jpg\" class=\"ff-og-image-inserted\"><\/div>\n<p data-start=\"106\" data-end=\"376\" id=\"p-0\">Noile sondaje realizate \u00eenaintea <a href=\"https:\/\/www.mediafax.ro\/externe\/danemarca-va-organiza-alegeri-parlamentare-pe-24-martie-premierul-danez-vor-fi-alegeri-decisive-23693474\">alegerilor parlamentare din 24 martie<\/a> arat\u0103 c\u0103 social-democra\u021bii premierului danez, Mette Frederiksen, \u0219i partidele de st\u00e2nga, se apropie de majoritate.<\/p>\n<p data-start=\"378\" data-end=\"649\" id=\"p-1\">Alegerile vor decide dac\u0103 aleg\u0103torii vor vota \u00een favoarea lui Frederiksen, av\u00e2nd \u00een vederea c\u0103 a ap\u0103rat suveranitatea danez\u0103 asupra Groenlandei sau dac\u0103 vor sanc\u021biona Guvernul pentru ceea ce criticii consider\u0103 a fi neglijarea problemelor interne.<\/p>\n<p data-start=\"378\" data-end=\"649\" id=\"p-2\">Conform <a href=\"https:\/\/www.reuters.com\/world\/europe\/denmarks-left-wing-bloc-led-by-pm-frederiksen-edges-towards-majority-2026-02-27\/\">Reuters<\/a>, dou\u0103 sondaje arat\u0103 c\u0103 blocul de st\u00e2nga condus de Frederiksen ar putea ob\u021bine 87-88 de mandate \u00een parlamentul danez de 179 de locuri, conform datelor oferite de Epinion \u0219i Megafon pentru DR \u0219i TV2.<\/p>\n<p data-start=\"378\" data-end=\"649\" id=\"p-3\">Cifrele acestea ar indica cu pu\u021bin sub pragul de 90 de mandate necesar pentru majoritate.<\/p>\n<p data-start=\"378\" data-end=\"649\" id=\"p-4\">Blocul de dreapta condus de ministrul Ap\u0103r\u0103rii, Troels Lund Poulsen, din Partidul Liberal, este de a\u0219teptat s\u0103 ob\u021bin\u0103 \u00eentre 73 \u0219i 77 de mandate.<\/p>\n<p data-start=\"1062\" data-end=\"1246\" id=\"p-5\">Parlamentul include patru locuri din Groenlanda \u0219i Insulele Feroe, care de obicei se ab\u021bin de la politica intern\u0103 danez\u0103, dar ar putea influen\u021ba rezultatul \u00een cadrul acestei competi\u021bii.<\/p>\n<p data-start=\"1248\" data-end=\"1619\" id=\"p-6\">De\u0219i partidele s-au aliniat tradi\u021bional \u00een blocuri de st\u00e2nga \u0219i dreapta, alegerile din 2022 au dus la o coali\u021bie \u00eentre social-democra\u021bi, Partidul Liberal \u0219i Modera\u021bi, condus\u0103 de fostul prim-ministru \u0219i ministru de externe, Lars Lokke Rasmussen.<\/p>\n<p data-start=\"1248\" data-end=\"1619\" id=\"p-7\">A\u0219adar, conform ultimelor sondaje, coali\u021bia din Danemarca ar urma s\u0103 \u00ee\u0219i piard\u0103 majoritatea, dup\u0103 o sc\u0103dere a sprijinului cu 13 \u0219i 15 puncte procentuale.<\/p>\n<p data-start=\"1621\" data-end=\"1815\" id=\"p-8\">Prima dezbatere a liderilor, desf\u0103\u0219urat\u0103 joi, a ar\u0103tat diferen\u021be mari \u00een privin\u021ba propunerii lui Frederiksen de a introduce un impozit pe avere pentru finan\u021barea educa\u021biei \u0219i a bun\u0103st\u0103rii.<\/p>\n<p data-start=\"1817\" data-end=\"1983\" id=\"p-9\">\u201eMeschin\u0103rie\u201d, a spus Alex Vanopslagh, liderul Alian\u021bei Liberale din opozi\u021bie, iar Lars Lokke Rasmussen, liderul Modera\u021bilor, a calificat m\u0103sura drept \u201eprosteasc\u0103\u201d.<\/p>\n","protected":false},"excerpt":{"rendered":"<p>Noile sondaje realizate \u00eenaintea alegerilor parlamentare din 24 martie arat\u0103 c\u0103 social-democra\u021bii premierului danez, Mette Frederiksen, \u0219i partidele de st\u00e2nga, se apropie de majoritate. Alegerile vor decide dac\u0103 aleg\u0103torii vor &hellip; <a href=\"https:\/\/microscopemedia.com\/?p=679017\" class=\"more-link\">Read More<\/a><\/p>\n","protected":false},"author":1,"featured_media":679018,"comment_status":"closed","ping_status":"closed","sticky":false,"template":"Default","format":"standard","meta":[],"categories":[1],"tags":[],"_links":{"self":[{"href":"https:\/\/microscopemedia.com\/index.php?rest_route=\/wp\/v2\/posts\/679017"}],"collection":[{"href":"https:\/\/microscopemedia.com\/index.php?rest_route=\/wp\/v2\/posts"}],"about":[{"href":"https:\/\/microscopemedia.com\/index.php?rest_route=\/wp\/v2\/types\/post"}],"author":[{"embeddable":true,"href":"https:\/\/microscopemedia.com\/index.php?rest_route=\/wp\/v2\/users\/1"}],"replies":[{"embeddable":true,"href":"https:\/\/microscopemedia.com\/index.php?rest_route=%2Fwp%2Fv2%2Fcomments&post=679017"}],"version-history":[{"count":0,"href":"https:\/\/microscopemedia.com\/index.php?rest_route=\/wp\/v2\/posts\/679017\/revisions"}],"wp:featuredmedia":[{"embeddable":true,"href":"https:\/\/microscopemedia.com\/index.php?rest_route=\/wp\/v2\/media\/679018"}],"wp:attachment":[{"href":"https:\/\/microscopemedia.com\/index.php?rest_route=%2Fwp%2Fv2%2Fmedia&parent=679017"}],"wp:term":[{"taxonomy":"category","embeddable":true,"href":"https:\/\/microscopemedia.com\/index.php?rest_route=%2Fwp%2Fv2%2Fcategories&post=679017"},{"taxonomy":"post_tag","embeddable":true,"href":"https:\/\/microscopemedia.com\/index.php?rest_route=%2Fwp%2Fv2%2Ftags&post=679017"}],"curies":[{"name":"wp","href":"https:\/\/api.w.org\/{rel}","templated":true}]}}