{"id":679021,"date":"2026-02-27T10:36:03","date_gmt":"2026-02-27T10:36:03","guid":{"rendered":"https:\/\/microscopemedia.com\/?p=679021"},"modified":"2026-02-27T10:36:03","modified_gmt":"2026-02-27T10:36:03","slug":"pislaru-despre-reforma-pensiilor-vom-comunica-comisiei-europene-indeplinirea-acestui-jalon","status":"publish","type":"post","link":"https:\/\/microscopemedia.com\/?p=679021","title":{"rendered":"P\u00eeslaru, despre reforma pensiilor: Vom comunica Comisiei Europene \u00eendeplinirea acestui jalon"},"content":{"rendered":"<div><img decoding=\"async\" src=\"https:\/\/microscopemedia.com\/wp-content\/uploads\/2026\/02\/pislaru-despre-reforma-pensiilor-vom-comunica-comisiei-europene-indeplinirea-acestui-jalon.jpg\" class=\"ff-og-image-inserted\"><\/div>\n<div class=\"x14z9mp xat24cr x1lziwak x1vvkbs xtlvy1s x126k92a\" readability=\"12\">\n<p><em><em>\u201e<\/em><\/em><em>Odat\u0103 cu publicarea \u00een Monitorul Oficial, vom comunica Comisiei Europene \u00eendeplinirea acestui jalon PNRR in valoare de 231 milioane Euro, respect\u00e2nd procedura formal\u0103\u201d,<\/em> a scris P\u00eeslaru pe Facebook.<\/p>\n<\/div>\n<p>P\u00eeslaru a preciza a anun\u021bat c\u0103 luni, se va \u00eent\u00e2lni cu C\u00e9line Gauer, coordonatoarea PNRR din partea Comisiei Europene.<\/p>\n<p><em>\u201ePasul final: luni voi avea \u00eent\u00e2lnirea oficial\u0103 de lucru cu doamna C\u00e9line Gauer, coordonatoarea PNRR din partea Comisiei Europene, discu\u021bie care ne va oferi claritate pe marginea acestui subiect\u201d<\/em>, a declarat P\u00eeslaru.<\/p>\n<p>P\u00eeslaru a precizat c\u0103 va depune \u201etoate eforturile necesare pentru ca Rom\u00e2nia s\u0103 beneficieze de to\u021bi banii europeni aloca\u021bi\u201d.<\/p>\n<div dir=\"auto\" readability=\"15.63503649635\">Potrivit declara\u021biilor date anterior de premierul Ilie Bolojan, Rom\u00e2nia are la dispozi\u021bie \u0219ase luni pentru a debloca totalul de 2,6 miliarde de euro, bani din PNRR, dac\u0103 cele dou\u0103 janoane vor fi \u00eendeplinite. Primul viza reforma pensiilor magistra\u021bilor, iar al doilea este decarbonizarea \u00een sectorul energetic. Reamintim c\u0103 Nicu\u0219or Dan a anun\u021bat, vineri, promulgarea <a href=\"https:\/\/www.mediafax.ro\/politic\/nicusor-dan-a-promulgat-legea-privind-pensiile-magistratilor-un-gest-de-echitate-asteptat-de-societate-23693854\">legii pensiilor magistra\u021bilor.&nbsp;<\/a><\/div>\n<p>Premierul Ilie Bolojan ca Guvernul s\u0103 primeasc\u0103 un r\u0103spuns favorabil p\u00e2n\u0103 la jum\u0103tatea lunii martie.<\/p>\n<p id=\"p-0\">&nbsp;<\/p>\n","protected":false},"excerpt":{"rendered":"<p>\u201eOdat\u0103 cu publicarea \u00een Monitorul Oficial, vom comunica Comisiei Europene \u00eendeplinirea acestui jalon PNRR in valoare de 231 milioane Euro, respect\u00e2nd procedura formal\u0103\u201d, a scris P\u00eeslaru pe Facebook. P\u00eeslaru a &hellip; <a href=\"https:\/\/microscopemedia.com\/?p=679021\" class=\"more-link\">Read More<\/a><\/p>\n","protected":false},"author":1,"featured_media":679022,"comment_status":"closed","ping_status":"closed","sticky":false,"template":"Default","format":"standard","meta":[],"categories":[1],"tags":[],"_links":{"self":[{"href":"https:\/\/microscopemedia.com\/index.php?rest_route=\/wp\/v2\/posts\/679021"}],"collection":[{"href":"https:\/\/microscopemedia.com\/index.php?rest_route=\/wp\/v2\/posts"}],"about":[{"href":"https:\/\/microscopemedia.com\/index.php?rest_route=\/wp\/v2\/types\/post"}],"author":[{"embeddable":true,"href":"https:\/\/microscopemedia.com\/index.php?rest_route=\/wp\/v2\/users\/1"}],"replies":[{"embeddable":true,"href":"https:\/\/microscopemedia.com\/index.php?rest_route=%2Fwp%2Fv2%2Fcomments&post=679021"}],"version-history":[{"count":0,"href":"https:\/\/microscopemedia.com\/index.php?rest_route=\/wp\/v2\/posts\/679021\/revisions"}],"wp:featuredmedia":[{"embeddable":true,"href":"https:\/\/microscopemedia.com\/index.php?rest_route=\/wp\/v2\/media\/679022"}],"wp:attachment":[{"href":"https:\/\/microscopemedia.com\/index.php?rest_route=%2Fwp%2Fv2%2Fmedia&parent=679021"}],"wp:term":[{"taxonomy":"category","embeddable":true,"href":"https:\/\/microscopemedia.com\/index.php?rest_route=%2Fwp%2Fv2%2Fcategories&post=679021"},{"taxonomy":"post_tag","embeddable":true,"href":"https:\/\/microscopemedia.com\/index.php?rest_route=%2Fwp%2Fv2%2Ftags&post=679021"}],"curies":[{"name":"wp","href":"https:\/\/api.w.org\/{rel}","templated":true}]}}