{"id":679029,"date":"2026-02-27T11:16:03","date_gmt":"2026-02-27T11:16:03","guid":{"rendered":"https:\/\/microscopemedia.com\/?p=679029"},"modified":"2026-02-27T11:16:03","modified_gmt":"2026-02-27T11:16:03","slug":"liderii-uniunii-salvador-romania-au-obligatia-sa-explice-numirea-unui-sef-de-centru-chinologic-la-conducerea-unei-companii-strategice-din-sistemul-de-aparare-al-tarii","status":"publish","type":"post","link":"https:\/\/microscopemedia.com\/?p=679029","title":{"rendered":"Liderii \u201eUniunii Salvador Rom\u00e2nia\u201d au obliga\u021bia s\u0103 explice numirea unui \u0219ef de centru chinologic la conducerea unei companii strategice din sistemul de ap\u0103rare al \u021b\u0103rii"},"content":{"rendered":"<div><img decoding=\"async\" src=\"https:\/\/microscopemedia.com\/wp-content\/uploads\/2026\/02\/liderii-uniunii-salvador-romania-au-obligatia-sa-explice-numirea-unui-sef-de-centru-chinologic-la-conducerea-unei-companii-strategice-din-sistemul-de-aparare-al-tarii.webp\" class=\"ff-og-image-inserted\"><\/div>\n<p class=\"western\" lang=\"en-US\" align=\"justify\" id=\"p-0\"><span><span lang=\"ro-RO\">PSD cere conducerii USR s\u0103 dispun\u0103, \u00een regim de urgen\u021b\u0103, o verificare a circumstan\u021belor \u00een care prietenul de familie al ministrului USR al Ap\u0103r\u0103rii, Radu Dinel Miru\u021b\u0103, a fost numit la conducerea Uzinei Mecanice Sadu, de c\u0103tre colegul s\u0103u de partid, ministrul Economiei, Ambrozie-Irineu Dar\u0103u. <\/span><\/span><\/p>\n<p class=\"western\" lang=\"en-US\" align=\"justify\" id=\"p-1\"><span><span lang=\"ro-RO\">\u201eInadecvarea profesional\u0103 total\u0103 a persoanei numite, \u00een raport cu func\u021bia de conducere a unei companii de stat, cu rol strategic \u00een sistemul de ap\u0103rare al Rom\u00e2niei, constituie o suspiciune rezonabil\u0103 major\u0103 privind existen\u021ba unui conflict de interese, cu implica\u021bii inclusiv de natur\u0103 penal\u0103. Trebuie subliniat c\u0103 Ministerul Ap\u0103r\u0103rii Na\u021bionale, condus de ministrul Radu Dinel Miru\u021b\u0103, este clientul principal al companiei la care a fost instalat prietenul s\u0103u de familie.<\/span><\/span><\/p>\n<p class=\"western\" lang=\"en-US\" align=\"justify\" id=\"p-2\"><span><span lang=\"ro-RO\">Ca atare, conducerea USR are obliga\u021bia s\u0103 l\u0103mureasc\u0103 public cum a fost posibil ca mini\u0219trii s\u0103i s\u0103 faciliteze numirea unui fost \u0219ef centru de dresaj de c\u00e2ini \u00eentr-o func\u021bie-cheie din sistemul de securitate na\u021bional\u0103, av\u00e2nd \u00een vedere c\u0103 Uzina Mecanic\u0103 Sadu produce muni\u021bie de tip NATO, necesar\u0103 pentru asigurarea capacit\u0103\u021bii de lupt\u0103 pentru ap\u0103rarea Flancului Estic<\/span><\/span><span><span lang=\"ro-RO\">\u201d, potrivit unui comunicat de pres\u0103.<\/span><\/span><\/p>\n<p class=\"western\" lang=\"en-US\" align=\"justify\" id=\"p-3\"><span><span lang=\"ro-RO\"> Verific\u0103rile \u0219i l\u0103muririle din partea conducerii USR, adaug\u0103 social-democra\u021bii, sunt absolut necesare \u00eentruc\u00e2t <strong>numirea mijlocit\u0103 de <a href=\"https:\/\/www.mediafax.ro\/politic\/usr-insista-cu-numirea-lui-salvador-caragea-la-fabrica-de-armament-in-ciuda-numeroaselor-controverse-se-cunoaste-cu-ministrul-miruta-23693722\">mini\u0219trii USR<\/a> afecteaz\u0103 grav imaginea Guvernului Rom\u00e2niei \u00een ansamblul s\u0103u. <\/strong><\/span><\/span><\/p>\n<p class=\"western\" lang=\"en-US\" align=\"justify\" id=\"p-4\"><span><span lang=\"ro-RO\">\u201eT\u0103cerea liderilor USR \u00een aceast\u0103 chestiune nu face dec\u00e2t s\u0103 ad\u00e2nceasc\u0103 starea de ne\u00eencredere, \u00een condi\u021biile \u00een care ministrul Miru\u021b\u0103 insist\u0103 s\u0103-l sus\u021bin\u0103 pe Salvador Caragea, \u00een pofida incompeten\u021bei sale evidente \u00een raport cu func\u021bia \u00een care a fost numit\u201d, se arat\u0103 \u00een finalul comunicatului.<\/span><\/span><\/p>\n<p lang=\"en-US\" align=\"justify\" id=\"p-5\">Viorel Salvador Caragea, noul adminstrator special al uzinei de armament Sadu, numit de ministrul USR al Economiei Irineu Dar\u0103u, a fost protagonistul unui episod ciudat \u00een anul 2010, pe vremea c\u00e2nd era \u0219eful Poli\u021biei Jude\u021bene Gorj. A fost suspectat c\u0103 a compromis o ac\u021biune de prindere flagrant delict a unui individ din T\u00e2rgu Jiu, opera\u021biune organizat\u0103 la Bucure\u0219ti, de Parchetul Sectorului 4.<\/p>\n","protected":false},"excerpt":{"rendered":"<p>PSD cere conducerii USR s\u0103 dispun\u0103, \u00een regim de urgen\u021b\u0103, o verificare a circumstan\u021belor \u00een care prietenul de familie al ministrului USR al Ap\u0103r\u0103rii, Radu Dinel Miru\u021b\u0103, a fost numit &hellip; <a href=\"https:\/\/microscopemedia.com\/?p=679029\" class=\"more-link\">Read More<\/a><\/p>\n","protected":false},"author":1,"featured_media":679030,"comment_status":"closed","ping_status":"closed","sticky":false,"template":"Default","format":"standard","meta":[],"categories":[1],"tags":[],"_links":{"self":[{"href":"https:\/\/microscopemedia.com\/index.php?rest_route=\/wp\/v2\/posts\/679029"}],"collection":[{"href":"https:\/\/microscopemedia.com\/index.php?rest_route=\/wp\/v2\/posts"}],"about":[{"href":"https:\/\/microscopemedia.com\/index.php?rest_route=\/wp\/v2\/types\/post"}],"author":[{"embeddable":true,"href":"https:\/\/microscopemedia.com\/index.php?rest_route=\/wp\/v2\/users\/1"}],"replies":[{"embeddable":true,"href":"https:\/\/microscopemedia.com\/index.php?rest_route=%2Fwp%2Fv2%2Fcomments&post=679029"}],"version-history":[{"count":0,"href":"https:\/\/microscopemedia.com\/index.php?rest_route=\/wp\/v2\/posts\/679029\/revisions"}],"wp:featuredmedia":[{"embeddable":true,"href":"https:\/\/microscopemedia.com\/index.php?rest_route=\/wp\/v2\/media\/679030"}],"wp:attachment":[{"href":"https:\/\/microscopemedia.com\/index.php?rest_route=%2Fwp%2Fv2%2Fmedia&parent=679029"}],"wp:term":[{"taxonomy":"category","embeddable":true,"href":"https:\/\/microscopemedia.com\/index.php?rest_route=%2Fwp%2Fv2%2Fcategories&post=679029"},{"taxonomy":"post_tag","embeddable":true,"href":"https:\/\/microscopemedia.com\/index.php?rest_route=%2Fwp%2Fv2%2Ftags&post=679029"}],"curies":[{"name":"wp","href":"https:\/\/api.w.org\/{rel}","templated":true}]}}