{"id":679033,"date":"2026-02-27T11:36:03","date_gmt":"2026-02-27T11:36:03","guid":{"rendered":"https:\/\/microscopemedia.com\/?p=679033"},"modified":"2026-02-27T11:36:03","modified_gmt":"2026-02-27T11:36:03","slug":"off-the-record-roxana-petcu-sefa-inspectiei-judiciare-din-romania-a-modifica-pensiile-magistratilor-este-o-scadere-a-statutului","status":"publish","type":"post","link":"https:\/\/microscopemedia.com\/?p=679033","title":{"rendered":"OFF The Record. Roxana Petcu, \u0219efa Inspec\u021biei Judiciare din Rom\u00e2nia: A modifica pensiile magistra\u021bilor este o sc\u0103dere a statutului"},"content":{"rendered":"<div><img decoding=\"async\" src=\"https:\/\/microscopemedia.com\/wp-content\/uploads\/2026\/02\/off-the-record-roxana-petcu-sefa-inspectiei-judiciare-din-romania-a-modifica-pensiile-magistratilor-este-o-scadere-a-statutului.png\" class=\"ff-og-image-inserted\"><\/div>\n<p id=\"p-0\">Judec\u0103toarea <strong data-start=\"114\" data-end=\"155\"><span class=\"hover:entity-accent entity-underline inline cursor-pointer align-baseline\"><span class=\"whitespace-normal\">Roxana Petcu<\/span><\/span><\/strong>, \u0219efa Inspec\u021biei Judiciare, a vorbit despre reforma pensiilor de serviciu ale magistra\u021bilor \u00een cadrul emisiunii OFF The Record de la Mediafax.<\/p>\n<p id=\"p-1\">Declara\u021biile au venit dup\u0103 ce pre\u0219edintele <strong data-start=\"342\" data-end=\"383\"><span class=\"hover:entity-accent entity-underline inline cursor-pointer align-baseline\"><span class=\"whitespace-normal\">Nicusor Dan<\/span><\/span><\/strong> a promulgat vineri<a href=\"https:\/\/www.mediafax.ro\/politic\/nicusor-dan-a-promulgat-legea-privind-pensiile-magistratilor-un-gest-de-echitate-asteptat-de-societate-23693854\"> legea privind pensiile speciale ale magistra\u021bilor<\/a>, \u00een ciuda solicit\u0103rilor venite din partea sistemului judiciar de a retrimite proiectul \u00een Parlament.<\/p>\n<p data-start=\"548\" data-end=\"881\" id=\"p-2\">Roxana Petcu a explicat c\u0103 dezbaterea despre pensiile magistra\u021bilor nu este una nou\u0103 \u0219i c\u0103 tema a fost intens politizat\u0103 \u00een ultimii ani.<\/p>\n<p data-start=\"548\" data-end=\"881\" id=\"p-3\">Ea a spus c\u0103 discu\u021bia a ap\u0103rut ini\u021bial \u00een contextul Planului Na\u021bional de Redresare \u0219i Rezilien\u021b\u0103 \u0219i c\u0103 leg\u0103tura dintre relansarea economic\u0103 \u0219i pensiile magistra\u021bilor nu a fost clar explicat\u0103.<\/p>\n<p data-start=\"883\" data-end=\"1193\" id=\"p-4\">\u201eCred c\u0103 chestiunea legat\u0103 de pensii a ap\u0103rut prima oar\u0103 \u00een PNRR, dac\u0103 re\u021bin eu bine. Nu \u0219tiu dac\u0103 la vremea respectiv\u0103\u2026 n-a \u00een\u021beles nimeni, eu cel pu\u021bin n-am ascultat o explica\u021bie plauzibil\u0103, coerent\u0103 \u0219i clar\u0103, ce leg\u0103tur\u0103 avea relansarea economic\u0103 de dup\u0103 post-Covid cu pensiile magistra\u021bilor\u201d, a spus Petcu.<\/p>\n<h2 data-start=\"1195\" data-end=\"1234\" id=\"chapter-0\">Nemul\u021bumiri \u00een r\u00e2ndul magistra\u021bilor<\/h2>\n<p data-start=\"1236\" data-end=\"1415\" id=\"p-5\">\u0218efa Inspec\u021biei Judiciare consider\u0103 c\u0103 modific\u0103rile legislative \u00eenseamn\u0103 o diminuare a statutului magistra\u021bilor \u0219i a explicat \u00een cadrul emisiunii de ce exist\u0103 o reac\u021bie puternic\u0103 \u00een sistemul judiciar.<\/p>\n<p data-start=\"1417\" data-end=\"1829\" id=\"p-6\">\u201eDincolo de orice fel de discu\u021bii legate de condi\u021bii de pensie, cuantum \u0219i a\u0219a mai departe, a modifica, fie \u0219i doar condi\u021biile de pensionare ale magistra\u021bilor, \u00een felul \u00een care a fost f\u0103cut\u0103, este o sc\u0103dere a statutului. Nu are cum s\u0103 ne mul\u021bumeasc\u0103 o sc\u0103dere a statutului. Eu sunt la r\u00e2ndul meu magistrat. Eu nu pot s\u0103 discut din perspectiva a\u0219tept\u0103rilor societ\u0103\u021bii, a\u0219tept\u0103ri repede create \u00eentr-un anumit fel.\u201d, a spus ea.<\/p>\n<p data-start=\"1831\" data-end=\"1987\" id=\"p-7\">Ea a amintit c\u0103 magistra\u021bii au avut o pozi\u021bie comun\u0103 privind aceast\u0103 situa\u021bie \u0219i c\u0103 nemul\u021bumirea a fost exprimat\u0103 public de numero\u0219i reprezentan\u021bi ai sistemului.<\/p>\n<p data-start=\"1989\" data-end=\"2233\" id=\"p-8\">\u201eMi se pare firesc c\u0103 \u00een r\u00e2ndul magistraturii s\u0103 existe o nemul\u021bumire evident\u0103 cu privire la acest aspect. De altfel, reamintim c\u0103 a fost o solidaritate extraordinar\u0103 a corpului magistraturii atunci c\u00e2nd erau pline discu\u021biile legate de pensii.\u201d<\/p>\n<h2 data-start=\"2235\" data-end=\"2267\" id=\"chapter-1\">Reac\u021bia la promulgarea legii<\/h2>\n<p data-start=\"2269\" data-end=\"2460\" id=\"p-9\">\u00centrebat\u0103 dac\u0103 se a\u0219tepta ca legea s\u0103 fie promulgat\u0103, Roxana Petcu a spus c\u0103 nu a fost surprins\u0103 de decizia pre\u0219edintelui, Nicu\u0219or Dan, dar a ridicat semne de \u00eentrebare privind aplicarea noilor prevederi.<\/p>\n<p data-start=\"2462\" data-end=\"2691\" id=\"p-10\">\u201eNu pot s\u0103 spun c\u0103 nu m-am a\u0219teptat s\u0103 promulge legea. Sigur, n-am \u00een\u021beles \u0219i cred c\u0103 nimeni n-a \u00een\u021beles la ora aceasta cum ar putea o lege publicat\u0103 ast\u0103zi s\u0103 intre \u00een vigoare de la 1 ianuarie. Cred c\u0103 suntem \u00een februarie \u00eenc\u0103.\u201d, a spus Roxana Petcu.<\/p>\n<p data-start=\"2462\" data-end=\"2691\" id=\"p-11\">\u201eAu fost prezentate cam toate argumentele care se puteau prezenta, toate contraargumentele noastre au fost prezentate, \u00eentr-un mod absolut profesionist, din partea judec\u0103torilor \u0219i din partea \u00cenaltei Cur\u021bi. Au fost f\u0103cute toate ap\u0103r\u0103rile, s-au invocat toate argumentele.\u201d<\/p>\n<h2 data-start=\"3075\" data-end=\"3106\" id=\"chapter-2\">Rolul magistra\u021bilor \u00een stat<\/h2>\n<p data-start=\"3108\" data-end=\"3267\" id=\"p-12\">Roxana Petcu a f\u0103cut o afirma\u021bie important\u0103, mai exact, faptul c\u0103 magistra\u021bii nu pot fi trata\u021bi doar ca o categorie profesional\u0103 obi\u0219nuit\u0103, deoarece fac parte dintr-o putere a statului.<\/p>\n<p data-start=\"3269\" data-end=\"3544\" id=\"p-13\">\u201eEste o etern\u0103 compara\u021bie, care este absolut nedreapt\u0103 \u0219i care nu \u00ee\u0219i are rostul, pentru c\u0103 vorbim despre dou\u0103 planuri care nu se intersecteaz\u0103. Vorbim despre puterea judec\u0103toreasc\u0103. A trata judec\u0103torii \u0219i procurorii strict ca o categorie profesional\u0103 este, evident, gre\u0219it.\u201d, a declarat ea.<\/p>\n<p data-start=\"3546\" data-end=\"3718\" id=\"p-14\">\u0218efa Inspec\u021biei Judiciare a explicat c\u0103 fiecare judec\u0103tor exercit\u0103 direct puterea judec\u0103toreasc\u0103, ceea ce face ca statutul acestora s\u0103 fie diferit de cel al altor profesii.<\/p>\n<p data-start=\"3720\" data-end=\"4055\" id=\"p-15\">\u201eJudec\u0103torii \u0219i procurorii fac parte din autoritatea judec\u0103toreasc\u0103. Vorbind de judec\u0103tori, ei exercit\u0103 puterea judec\u0103toreasc\u0103. Avem puterea legislativ\u0103, puterea executiv\u0103 \u0219i puterea judec\u0103toreasc\u0103. Puterea judec\u0103toreasc\u0103 se exercit\u0103 prin fiecare judec\u0103tor \u00een parte. Fiecare judec\u0103tor din aceast\u0103 \u021bar\u0103 exercit\u0103 puterea judec\u0103toreasc\u0103.\u201d<\/p>\n","protected":false},"excerpt":{"rendered":"<p>Judec\u0103toarea Roxana Petcu, \u0219efa Inspec\u021biei Judiciare, a vorbit despre reforma pensiilor de serviciu ale magistra\u021bilor \u00een cadrul emisiunii OFF The Record de la Mediafax. Declara\u021biile au venit dup\u0103 ce pre\u0219edintele &hellip; <a href=\"https:\/\/microscopemedia.com\/?p=679033\" class=\"more-link\">Read More<\/a><\/p>\n","protected":false},"author":1,"featured_media":679034,"comment_status":"closed","ping_status":"closed","sticky":false,"template":"Default","format":"standard","meta":[],"categories":[1],"tags":[],"_links":{"self":[{"href":"https:\/\/microscopemedia.com\/index.php?rest_route=\/wp\/v2\/posts\/679033"}],"collection":[{"href":"https:\/\/microscopemedia.com\/index.php?rest_route=\/wp\/v2\/posts"}],"about":[{"href":"https:\/\/microscopemedia.com\/index.php?rest_route=\/wp\/v2\/types\/post"}],"author":[{"embeddable":true,"href":"https:\/\/microscopemedia.com\/index.php?rest_route=\/wp\/v2\/users\/1"}],"replies":[{"embeddable":true,"href":"https:\/\/microscopemedia.com\/index.php?rest_route=%2Fwp%2Fv2%2Fcomments&post=679033"}],"version-history":[{"count":0,"href":"https:\/\/microscopemedia.com\/index.php?rest_route=\/wp\/v2\/posts\/679033\/revisions"}],"wp:featuredmedia":[{"embeddable":true,"href":"https:\/\/microscopemedia.com\/index.php?rest_route=\/wp\/v2\/media\/679034"}],"wp:attachment":[{"href":"https:\/\/microscopemedia.com\/index.php?rest_route=%2Fwp%2Fv2%2Fmedia&parent=679033"}],"wp:term":[{"taxonomy":"category","embeddable":true,"href":"https:\/\/microscopemedia.com\/index.php?rest_route=%2Fwp%2Fv2%2Fcategories&post=679033"},{"taxonomy":"post_tag","embeddable":true,"href":"https:\/\/microscopemedia.com\/index.php?rest_route=%2Fwp%2Fv2%2Ftags&post=679033"}],"curies":[{"name":"wp","href":"https:\/\/api.w.org\/{rel}","templated":true}]}}