{"id":679037,"date":"2026-02-27T11:56:04","date_gmt":"2026-02-27T11:56:04","guid":{"rendered":"https:\/\/microscopemedia.com\/?p=679037"},"modified":"2026-02-27T11:56:04","modified_gmt":"2026-02-27T11:56:04","slug":"tanara-de-23-de-ani-angajata-la-o-unitate-medicala-privata-i-s-a-facut-rau-la-serviciu-si-a-murit-in-scurt-timp","status":"publish","type":"post","link":"https:\/\/microscopemedia.com\/?p=679037","title":{"rendered":"T\u00e2n\u0103r\u0103 de 23 de ani, angajat\u0103 la o unitate medical\u0103 privat\u0103 \/ I s-a f\u0103cut r\u0103u la serviciu \u0219i a murit \u00een scurt timp"},"content":{"rendered":"<div><img decoding=\"async\" src=\"https:\/\/microscopemedia.com\/wp-content\/uploads\/2026\/02\/tanara-de-23-de-ani-angajata-la-o-unitate-medicala-privata-i-s-a-facut-rau-la-serviciu-si-a-murit-in-scurt-timp.jpg\" class=\"ff-og-image-inserted\"><\/div>\n<p id=\"p-0\"><a href=\"https:\/\/www.mediafax.ro\/social\/o-tanara-a-murit-dupa-ce-masina-in-care-se-afla-a-intrat-intr-un-stalp-pe-calea-ferentari-din-capitala-23648165\">O t\u00e2n\u0103r\u0103<\/a> de 23 de ani a fost g\u0103sit\u0103 decedat\u0103, joi diminea\u021b\u0103, \u00eentr-o unitate medical\u0103 privat\u0103 din municipiul Constan\u021ba, potrivit unui comunicat al Poli\u021biei Municipale Constan\u021ba.<\/p>\n<p id=\"p-1\">Un apel la Serviciul de Urgen\u021b\u0103 112 a fost ini\u021biat \u00een jurul orei 08:20, vineri, 27 februarie, cu privire la faptul c\u0103 unei angajate i s-ar fi f\u0103cut r\u0103u \u2013 ulterior a fost declarat decesul acesteia.<\/p>\n<h2 id=\"chapter-0\">Nu au fost identificate urme de violen\u021b\u0103<\/h2>\n<p id=\"p-2\">Echipajele de poli\u021bie deplasate la fa\u021ba locului au confirmat cele sesizate, stabilind c\u0103 este vorba despre o femeie \u00een v\u00e2rst\u0103 de 23 de ani.<\/p>\n<p id=\"p-3\">Din primele cercet\u0103ri efectuate nu au fost identificate urme vizibile de violen\u021b\u0103 pe corpul victimei.<\/p>\n<p id=\"p-4\">Trupul ne\u00eensufle\u021bit urmeaz\u0103 s\u0103 fie transportat la Morga Cimitirului Central din Constan\u021ba, unde va fi efectuat\u0103 autopsia medico-legal\u0103 pentru stabilirea cu exactitate a cauzelor decesului.<\/p>\n<p id=\"p-5\">\u00cen cauz\u0103 a fost \u00eentocmit dosar penal, iar cercet\u0103rile continu\u0103 pentru clarificarea tuturor \u00eemprejur\u0103rilor \u00een care s-a produs tragedia.<\/p>\n","protected":false},"excerpt":{"rendered":"<p>O t\u00e2n\u0103r\u0103 de 23 de ani a fost g\u0103sit\u0103 decedat\u0103, joi diminea\u021b\u0103, \u00eentr-o unitate medical\u0103 privat\u0103 din municipiul Constan\u021ba, potrivit unui comunicat al Poli\u021biei Municipale Constan\u021ba. Un apel la Serviciul &hellip; <a href=\"https:\/\/microscopemedia.com\/?p=679037\" class=\"more-link\">Read More<\/a><\/p>\n","protected":false},"author":1,"featured_media":679038,"comment_status":"closed","ping_status":"closed","sticky":false,"template":"Default","format":"standard","meta":[],"categories":[1],"tags":[],"_links":{"self":[{"href":"https:\/\/microscopemedia.com\/index.php?rest_route=\/wp\/v2\/posts\/679037"}],"collection":[{"href":"https:\/\/microscopemedia.com\/index.php?rest_route=\/wp\/v2\/posts"}],"about":[{"href":"https:\/\/microscopemedia.com\/index.php?rest_route=\/wp\/v2\/types\/post"}],"author":[{"embeddable":true,"href":"https:\/\/microscopemedia.com\/index.php?rest_route=\/wp\/v2\/users\/1"}],"replies":[{"embeddable":true,"href":"https:\/\/microscopemedia.com\/index.php?rest_route=%2Fwp%2Fv2%2Fcomments&post=679037"}],"version-history":[{"count":0,"href":"https:\/\/microscopemedia.com\/index.php?rest_route=\/wp\/v2\/posts\/679037\/revisions"}],"wp:featuredmedia":[{"embeddable":true,"href":"https:\/\/microscopemedia.com\/index.php?rest_route=\/wp\/v2\/media\/679038"}],"wp:attachment":[{"href":"https:\/\/microscopemedia.com\/index.php?rest_route=%2Fwp%2Fv2%2Fmedia&parent=679037"}],"wp:term":[{"taxonomy":"category","embeddable":true,"href":"https:\/\/microscopemedia.com\/index.php?rest_route=%2Fwp%2Fv2%2Fcategories&post=679037"},{"taxonomy":"post_tag","embeddable":true,"href":"https:\/\/microscopemedia.com\/index.php?rest_route=%2Fwp%2Fv2%2Ftags&post=679037"}],"curies":[{"name":"wp","href":"https:\/\/api.w.org\/{rel}","templated":true}]}}