{"id":679045,"date":"2026-02-27T12:46:04","date_gmt":"2026-02-27T12:46:04","guid":{"rendered":"https:\/\/microscopemedia.com\/?p=679045"},"modified":"2026-02-27T12:46:04","modified_gmt":"2026-02-27T12:46:04","slug":"off-the-record-roxana-petcu-sefa-inspectiei-judiciare-functiile-mari-din-parchete-sunt-singurele-in-care-e-implicat-factorul-politic","status":"publish","type":"post","link":"https:\/\/microscopemedia.com\/?p=679045","title":{"rendered":"OFF The Record. Roxana Petcu, \u0219efa Inspec\u021biei Judiciare: Func\u021biile mari din parchete sunt singurele \u00een care e implicat factorul politic"},"content":{"rendered":"<div><img decoding=\"async\" src=\"https:\/\/microscopemedia.com\/wp-content\/uploads\/2026\/02\/off-the-record-roxana-petcu-sefa-inspectiei-judiciare-functiile-mari-din-parchete-sunt-singurele-in-care-e-implicat-factorul-politic.png\" class=\"ff-og-image-inserted\"><\/div>\n<p data-start=\"94\" data-end=\"411\" id=\"p-0\">Judec\u0103toarea <strong data-start=\"107\" data-end=\"123\">Roxana Petcu<\/strong>, \u0219efa Inspec\u021biei Judiciare din Rom\u00e2nia, a vorbit vineri, \u00een cadrul emisiunii <strong data-start=\"233\" data-end=\"251\">OFF The Record<\/strong> de la MEDIAFAX, despre modul \u00een care sunt selecta\u021bi procurorii \u0219efi \u0219i cum se \u00eembin\u0103 criteriile profesionale cu factorul politic \u00een numirile din parchete.<\/p>\n<p data-start=\"413\" data-end=\"554\" id=\"p-1\">Ea a declarat c\u0103 selec\u021bia pentru func\u021biile de conducere nu este arbitrar\u0103 \u0219i implic\u0103 proceduri stabilite legal, at\u00e2t scrise, c\u00e2t \u0219i interviuri.<\/p>\n<p data-start=\"556\" data-end=\"924\" id=\"p-2\">\u201eDe exemplu, ca s\u0103 fii procuror \u0219ef la un parchet de pe l\u00e2ng\u0103 judec\u0103torie, dai examen. \u0218i scris \u0219i interviu. Scris din management, regulamente, parchete \u0219i a\u0219a mai departe. Sau ca s\u0103 fii \u0219ef la un parchet de pe l\u00e2ng\u0103 parchetul cur\u021bii de apel, trebuie s\u0103 ai gradul de procuror de Curte de Apel. \u0218i condi\u021biile sunt mai, cum s\u0103 spun, pe selec\u021bie de-asta profesionist\u0103.\u201d, a spus ea.<\/p>\n<p data-start=\"926\" data-end=\"1113\" id=\"p-3\">\u0218efa Inspec\u021biei Judiciare a explicat c\u0103 func\u021biile mari din parchete implic\u0103, pe l\u00e2ng\u0103 criteriile profesionale, \u0219i factorul politic, care intervine prin Ministerul Justi\u021biei \u0219i pre\u0219edintele Rom\u00e2niei.<\/p>\n<p data-start=\"926\" data-end=\"1113\" id=\"p-4\">\u201e\u00cen ceea ce prive\u0219te func\u021biile acestea mari din parchete, sunt singurele \u00een care, de altfel, este \u0219i implicat factorul politic, prin Ministerul Justi\u021biei \u0219i prin pre\u0219edintele Rom\u00e2niei. \u0218i aici probabil c\u0103 este \u0219i o zon\u0103 mai, cum s\u0103 spun, de apreciere a unor oportunit\u0103\u021bi. Eu cred \u00een discern\u0103m\u00e2ntul factorilor no\u0219tri politici, c\u0103 nu vor pune pe oricine.\u201d, a spus ea.<\/p>\n<p data-start=\"926\" data-end=\"1113\" id=\"p-5\">\u201eDar asta e, s\u0103 \u0219ti\u021bi, c\u0103, dup\u0103 p\u0103rerea mea, repet, nici o lege nu e perfect\u0103. \u00centotdeauna se vor g\u0103si aspecte \u00een legi care pot fi corectate. Anumite chestiuni, \u00een mod normal, se mai regleaz\u0103 \u0219i prin practic\u0103. Printr-o practic\u0103 s\u0103n\u0103toas\u0103 \u0219i printr-o interpretare cu bun\u0103 credin\u021ba a legii. Eu cred c\u0103 aici suntem, \u00een zona aceasta de interpretare cu bun\u0103 credin\u021ba a legii. S\u0103 te g\u00e2nde\u0219ti care e scopul legii.\u201d, a ad\u0103ugat Petcu.<\/p>\n","protected":false},"excerpt":{"rendered":"<p>Judec\u0103toarea Roxana Petcu, \u0219efa Inspec\u021biei Judiciare din Rom\u00e2nia, a vorbit vineri, \u00een cadrul emisiunii OFF The Record de la MEDIAFAX, despre modul \u00een care sunt selecta\u021bi procurorii \u0219efi \u0219i cum &hellip; <a href=\"https:\/\/microscopemedia.com\/?p=679045\" class=\"more-link\">Read More<\/a><\/p>\n","protected":false},"author":1,"featured_media":679046,"comment_status":"closed","ping_status":"closed","sticky":false,"template":"Default","format":"standard","meta":[],"categories":[1],"tags":[],"_links":{"self":[{"href":"https:\/\/microscopemedia.com\/index.php?rest_route=\/wp\/v2\/posts\/679045"}],"collection":[{"href":"https:\/\/microscopemedia.com\/index.php?rest_route=\/wp\/v2\/posts"}],"about":[{"href":"https:\/\/microscopemedia.com\/index.php?rest_route=\/wp\/v2\/types\/post"}],"author":[{"embeddable":true,"href":"https:\/\/microscopemedia.com\/index.php?rest_route=\/wp\/v2\/users\/1"}],"replies":[{"embeddable":true,"href":"https:\/\/microscopemedia.com\/index.php?rest_route=%2Fwp%2Fv2%2Fcomments&post=679045"}],"version-history":[{"count":0,"href":"https:\/\/microscopemedia.com\/index.php?rest_route=\/wp\/v2\/posts\/679045\/revisions"}],"wp:featuredmedia":[{"embeddable":true,"href":"https:\/\/microscopemedia.com\/index.php?rest_route=\/wp\/v2\/media\/679046"}],"wp:attachment":[{"href":"https:\/\/microscopemedia.com\/index.php?rest_route=%2Fwp%2Fv2%2Fmedia&parent=679045"}],"wp:term":[{"taxonomy":"category","embeddable":true,"href":"https:\/\/microscopemedia.com\/index.php?rest_route=%2Fwp%2Fv2%2Fcategories&post=679045"},{"taxonomy":"post_tag","embeddable":true,"href":"https:\/\/microscopemedia.com\/index.php?rest_route=%2Fwp%2Fv2%2Ftags&post=679045"}],"curies":[{"name":"wp","href":"https:\/\/api.w.org\/{rel}","templated":true}]}}