{"id":679047,"date":"2026-02-27T13:06:03","date_gmt":"2026-02-27T13:06:03","guid":{"rendered":"https:\/\/microscopemedia.com\/?p=679047"},"modified":"2026-02-27T13:06:03","modified_gmt":"2026-02-27T13:06:03","slug":"guvernul-redus-impozitul-pe-cladiri-terenuri-si-mijloace-de-transport-pentru-persoanele-cu-dizabilitati-si-cladiri-vechi","status":"publish","type":"post","link":"https:\/\/microscopemedia.com\/?p=679047","title":{"rendered":"Guvernul redus impozitul pe cl\u0103diri, terenuri \u0219i mijloace de transport pentru persoanele cu dizabilit\u0103\u021bi \u0219i cl\u0103diri vechi"},"content":{"rendered":"<div><img decoding=\"async\" src=\"https:\/\/microscopemedia.com\/wp-content\/uploads\/2026\/02\/guvernul-redus-impozitul-pe-cladiri-terenuri-si-mijloace-de-transport-pentru-persoanele-cu-dizabilitati-si-cladiri-vechi.jpg\" class=\"ff-og-image-inserted\"><\/div>\n<p data-start=\"652\" data-end=\"850\" id=\"p-0\">Conform actului normativ, persoanele cu <strong data-start=\"692\" data-end=\"723\">handicap grav sau accentuat<\/strong> \u0219i reprezentan\u021bii lor legali beneficiaz\u0103 de reduceri semnificative la impozitul pe cl\u0103diri, terenuri \u0219i mijloace de transport:<\/p>\n<p data-start=\"852\" data-end=\"880\" id=\"p-1\"><strong data-start=\"852\" data-end=\"878\">1. Cl\u0103diri \u0219i terenuri<\/strong><\/p>\n<ul data-start=\"881\" data-end=\"1120\" readability=\"0\">\n<li data-start=\"881\" data-end=\"1018\" readability=\"1\">\n<p data-start=\"883\" data-end=\"1018\" id=\"p-2\"><strong data-start=\"883\" data-end=\"901\">Handicap grav:<\/strong> reducere de 50% pentru cl\u0103direa folosit\u0103 ca domiciliu \u0219i terenul aferent, pe perioada \u00eengrijirii \u0219i supravegherii.<\/p>\n<\/li>\n<li data-start=\"1019\" data-end=\"1120\" readability=\"-1\">\n<p data-start=\"1021\" data-end=\"1120\" id=\"p-3\"><strong data-start=\"1021\" data-end=\"1044\">Handicap accentuat:<\/strong> reducere de 25% pentru cl\u0103direa folosit\u0103 ca domiciliu \u0219i terenul aferent.<\/p>\n<\/li>\n<\/ul>\n<p data-start=\"1122\" data-end=\"1309\" id=\"p-4\">Reducerea se aplic\u0103 <strong data-start=\"1142\" data-end=\"1178\">pentru \u00eentreaga cl\u0103dire \u0219i teren<\/strong> de\u021binute \u00een comun cu so\u021bul\/so\u021bia. Dac\u0103 o parte din proprietate apar\u021bine unor ter\u021bi, reducerea nu se aplic\u0103 pentru cota acestora.<\/p>\n<p data-start=\"1311\" data-end=\"1377\" id=\"p-5\"><strong data-start=\"1311\" data-end=\"1375\">2. Mijloace de transport cu capacitate cilindric\u0103 &lt; 2000 cmc<\/strong><\/p>\n<p data-start=\"1514\" data-end=\"1680\" id=\"p-8\">Reducerea se acord\u0103 pe baza documentelor justificative valabile la 31 decembrie a anului fiscal anterior \u0219i se aplic\u0103 \u00eencep\u00e2nd cu luna urm\u0103toare depunerii acestora.<\/p>\n<p class=\"western\" align=\"justify\" id=\"p-9\"><span><span><span lang=\"ro-RO\"><b>De reducerea taxelor \u0219i impozitelor locale \u00een cotele stabilite de Guvern vor beneficia peste 70% din totalul persoanelor cu dizabilit\u0103\u021bi din Rom\u00e2nia.<\/b><\/span><\/span><\/span><\/p>\n<h2 data-start=\"1781\" data-end=\"1816\" id=\"chapter-0\">Reduceri pentru cl\u0103dirile vechi<\/h2>\n<p data-start=\"1818\" data-end=\"1957\" id=\"p-10\">Ordonan\u021ba stabile\u0219te cote de reducere pentru cl\u0103dirile vechi, \u00een func\u021bie de vechimea acestora la 1 ianuarie a anului fiscal de referin\u021b\u0103:<\/p>\n<p data-start=\"2050\" data-end=\"2291\" id=\"p-13\">\u00cen cazul lucr\u0103rilor de renovare major\u0103, anul finaliz\u0103rii se actualizeaz\u0103, dac\u0103 valoarea cl\u0103dirii cre\u0219te cu cel pu\u021bin 50%, incluz\u00e2nd interven\u021bii asupra structurii \u0219i \u00eembun\u0103t\u0103\u021birea performan\u021bei energetice sau calit\u0103\u021bii arhitectural-ambientale.<\/p>\n<h2 data-start=\"2298\" data-end=\"2352\" id=\"chapter-1\">Ajustarea cotelor suplimentare la taxe \u0219i impozite<\/h2>\n<p data-start=\"2354\" data-end=\"2627\" id=\"p-14\">Autorit\u0103\u021bile locale pot reduce cotele adi\u021bionale la impozitele \u0219i taxele locale <strong data-start=\"2434\" data-end=\"2497\">\u00een termen de 15 zile de la intrarea \u00een vigoare a ordonan\u021bei<\/strong>, dar nu sub cota standard prev\u0103zut\u0103 de lege.<br data-start=\"2542\" data-end=\"2545\">Sumele pl\u0103tite \u00een plus vor fi <strong data-start=\"2575\" data-end=\"2606\">regularizate sau restituite<\/strong> conform legisla\u021biei.<\/p>\n<hr data-start=\"2629\" data-end=\"2632\">\n<h3 data-start=\"2634\" data-end=\"2668\">Scutiri pentru bazele sportive<\/h3>\n<p data-start=\"2670\" data-end=\"2884\" id=\"p-15\">Baze sportive construite de ter\u021bi \u0219i administrate de asocia\u021bii sau funda\u021bii pot fi scutite de impozite \u0219i taxe locale, <strong data-start=\"2789\" data-end=\"2846\">p\u00e2n\u0103 la 5% din impozitele \u0219i taxele \u00eencasate anterior<\/strong>, prin decizie a autorit\u0103\u021bilor locale.<\/p>\n","protected":false},"excerpt":{"rendered":"<p>Conform actului normativ, persoanele cu handicap grav sau accentuat \u0219i reprezentan\u021bii lor legali beneficiaz\u0103 de reduceri semnificative la impozitul pe cl\u0103diri, terenuri \u0219i mijloace de transport: 1. Cl\u0103diri \u0219i terenuri &hellip; <a href=\"https:\/\/microscopemedia.com\/?p=679047\" class=\"more-link\">Read More<\/a><\/p>\n","protected":false},"author":1,"featured_media":679048,"comment_status":"closed","ping_status":"closed","sticky":false,"template":"Default","format":"standard","meta":[],"categories":[1],"tags":[],"_links":{"self":[{"href":"https:\/\/microscopemedia.com\/index.php?rest_route=\/wp\/v2\/posts\/679047"}],"collection":[{"href":"https:\/\/microscopemedia.com\/index.php?rest_route=\/wp\/v2\/posts"}],"about":[{"href":"https:\/\/microscopemedia.com\/index.php?rest_route=\/wp\/v2\/types\/post"}],"author":[{"embeddable":true,"href":"https:\/\/microscopemedia.com\/index.php?rest_route=\/wp\/v2\/users\/1"}],"replies":[{"embeddable":true,"href":"https:\/\/microscopemedia.com\/index.php?rest_route=%2Fwp%2Fv2%2Fcomments&post=679047"}],"version-history":[{"count":0,"href":"https:\/\/microscopemedia.com\/index.php?rest_route=\/wp\/v2\/posts\/679047\/revisions"}],"wp:featuredmedia":[{"embeddable":true,"href":"https:\/\/microscopemedia.com\/index.php?rest_route=\/wp\/v2\/media\/679048"}],"wp:attachment":[{"href":"https:\/\/microscopemedia.com\/index.php?rest_route=%2Fwp%2Fv2%2Fmedia&parent=679047"}],"wp:term":[{"taxonomy":"category","embeddable":true,"href":"https:\/\/microscopemedia.com\/index.php?rest_route=%2Fwp%2Fv2%2Fcategories&post=679047"},{"taxonomy":"post_tag","embeddable":true,"href":"https:\/\/microscopemedia.com\/index.php?rest_route=%2Fwp%2Fv2%2Ftags&post=679047"}],"curies":[{"name":"wp","href":"https:\/\/api.w.org\/{rel}","templated":true}]}}