{"id":679053,"date":"2026-02-27T13:36:03","date_gmt":"2026-02-27T13:36:03","guid":{"rendered":"https:\/\/microscopemedia.com\/?p=679053"},"modified":"2026-02-27T13:36:03","modified_gmt":"2026-02-27T13:36:03","slug":"off-the-record-sefa-inspectiei-judiciare-raspuns-daca-dna-ar-trebui-sa-ancheteze-magistratii","status":"publish","type":"post","link":"https:\/\/microscopemedia.com\/?p=679053","title":{"rendered":"OFF The Record. \u0218efa Inspec\u021biei Judiciare, r\u0103spuns dac\u0103 DNA ar trebui s\u0103 ancheteze magistra\u021bii"},"content":{"rendered":"<div><img decoding=\"async\" src=\"https:\/\/microscopemedia.com\/wp-content\/uploads\/2026\/02\/off-the-record-sefa-inspectiei-judiciare-raspuns-daca-dna-ar-trebui-sa-ancheteze-magistratii.png\" class=\"ff-og-image-inserted\"><\/div>\n<p data-start=\"121\" data-end=\"418\" id=\"p-0\">Judec\u0103toarea Roxana Petcu, \u0219efa Inspec\u021biei Judiciare, a vorbit \u00een cadrul emisiunii OFF The Record de la MEDIAFAX, despre modul \u00een care sunt desemna\u021bi procurorii care ancheteaz\u0103 magistra\u021bii \u0219i cum acest mecanism afecteaz\u0103 independen\u021ba justi\u021biei.<\/p>\n<p data-start=\"420\" data-end=\"606\" id=\"p-1\">\u00centrebat\u0103 dac\u0103 are \u00eencredere ca magistra\u021bii s\u0103 fie ancheta\u021bi de DNA, Roxana Petcu a declarat c\u0103 problema nu \u021bine de DNA sau de alte structuri, ci de modul \u00een care se fac desemn\u0103rile.<\/p>\n<p data-start=\"608\" data-end=\"940\" id=\"p-2\">\u201eDiscu\u021bia \u00een realitate nu e despre DNA sau Parchetul General sau ce structuri se fac. Discu\u021bia este alta, dup\u0103 p\u0103rerea mea. Pe cine deranjeaz\u0103 c\u0103 desemnarea procurorilor \u00een aceste structuri, care sunt competente s\u0103 verifice \u0219i s\u0103 ancheteze magistra\u021bii, ar avea plenul Consiliului Superior, deci \u0219i judec\u0103torii, un cuv\u00e2nt de spus?\u201d, a spus aceasta.<\/p>\n<p data-start=\"942\" data-end=\"1093\" id=\"p-3\">Roxana Petcu a mai spus c\u0103 implicarea judec\u0103torilor \u00een desemnarea procurorilor care ancheteaz\u0103 colegi este un aspect foarte important pentru a p\u0103stra un proces echitabil.<\/p>\n<p data-start=\"1095\" data-end=\"1691\" id=\"p-4\">\u201ePentru c\u0103 astea sunt singura diferen\u021b\u0103. P\u00e2n\u0103 la o structur\u0103 aia, SIIJ sau cum se cheam\u0103 acum, din parchetul general, putea fi mutat la DNA. Dar s\u0103 facem desemnarea acelor procurori, cum se face \u0219i ast\u0103zi? Ce a\u0219tept\u0103ri ar putea avea la un proces echitabil, c\u00e2t\u0103 vreme se duce \u00een fa\u021ba unui judec\u0103tor, pe care l-ar putea ancheta chiar procurorul care i-a f\u0103cut lui rechizitoriu? De ce nu ne uit\u0103m \u0219i din partea cealalt\u0103? C\u0103 p\u00e2n\u0103 la urm\u0103 vorbim despre dreptul la un proces echitabil al tuturor cet\u0103\u021benilor. Dreptul acesta la un proces echitabil e o garan\u021bie pentru d\u00e2n\u0219ii, nu pentru noi neap\u0103rat.\u201d, a spus ea.<\/p>\n<p data-start=\"1849\" data-end=\"2447\" id=\"p-5\">\u201eE normal ca judec\u0103torul \u00een sala de judecat\u0103, care alege \u0219i decide \u00een func\u021bie de ce \u00eei se spune, de avocatul inculpatului \u0219i de procuror. Dar acel procuror, structura de parchet \u00een care dumneavoastr\u0103 lui provine, dac\u0103 nu-i convine solu\u021bia judec\u0103torului, m\u00e2ine s\u0103-i fac\u0103 dosar penal, c\u0103 reamintim discu\u021bia cu c\u00e2mpul tactic. Cum po\u021bi s\u0103 mai ai vreo \u0219ans\u0103 la un proces echitabil \u00een condi\u021biile astea? Simplul fapt c\u0103 un astfel de sistem exist\u0103 \u0219i dac\u0103 nu \u00eei se d\u0103 curs. \u0218i dac\u0103 oamenii sunt to\u021bi de bun\u0103 credin\u021b\u0103. \u0218i doar simpla lui existen\u021b\u0103 pune \u00een discu\u021bie independen\u021ba \u0219i percep\u021bia de independen\u021b\u0103.\u201d, a mai declarat ea \u00een emisiunea OFF The Record.<\/p>\n","protected":false},"excerpt":{"rendered":"<p>Judec\u0103toarea Roxana Petcu, \u0219efa Inspec\u021biei Judiciare, a vorbit \u00een cadrul emisiunii OFF The Record de la MEDIAFAX, despre modul \u00een care sunt desemna\u021bi procurorii care ancheteaz\u0103 magistra\u021bii \u0219i cum acest &hellip; <a href=\"https:\/\/microscopemedia.com\/?p=679053\" class=\"more-link\">Read More<\/a><\/p>\n","protected":false},"author":1,"featured_media":679054,"comment_status":"closed","ping_status":"closed","sticky":false,"template":"Default","format":"standard","meta":[],"categories":[1],"tags":[],"_links":{"self":[{"href":"https:\/\/microscopemedia.com\/index.php?rest_route=\/wp\/v2\/posts\/679053"}],"collection":[{"href":"https:\/\/microscopemedia.com\/index.php?rest_route=\/wp\/v2\/posts"}],"about":[{"href":"https:\/\/microscopemedia.com\/index.php?rest_route=\/wp\/v2\/types\/post"}],"author":[{"embeddable":true,"href":"https:\/\/microscopemedia.com\/index.php?rest_route=\/wp\/v2\/users\/1"}],"replies":[{"embeddable":true,"href":"https:\/\/microscopemedia.com\/index.php?rest_route=%2Fwp%2Fv2%2Fcomments&post=679053"}],"version-history":[{"count":0,"href":"https:\/\/microscopemedia.com\/index.php?rest_route=\/wp\/v2\/posts\/679053\/revisions"}],"wp:featuredmedia":[{"embeddable":true,"href":"https:\/\/microscopemedia.com\/index.php?rest_route=\/wp\/v2\/media\/679054"}],"wp:attachment":[{"href":"https:\/\/microscopemedia.com\/index.php?rest_route=%2Fwp%2Fv2%2Fmedia&parent=679053"}],"wp:term":[{"taxonomy":"category","embeddable":true,"href":"https:\/\/microscopemedia.com\/index.php?rest_route=%2Fwp%2Fv2%2Fcategories&post=679053"},{"taxonomy":"post_tag","embeddable":true,"href":"https:\/\/microscopemedia.com\/index.php?rest_route=%2Fwp%2Fv2%2Ftags&post=679053"}],"curies":[{"name":"wp","href":"https:\/\/api.w.org\/{rel}","templated":true}]}}