{"id":679055,"date":"2026-02-27T13:46:04","date_gmt":"2026-02-27T13:46:04","guid":{"rendered":"https:\/\/microscopemedia.com\/?p=679055"},"modified":"2026-02-27T13:46:04","modified_gmt":"2026-02-27T13:46:04","slug":"nicusor-dan-despre-sesizarea-aep-nu-a-vazut-nicio-neregula-in-finantarea-campaniei-lui-georgescu","status":"publish","type":"post","link":"https:\/\/microscopemedia.com\/?p=679055","title":{"rendered":"Nicu\u0219or Dan, despre sesizarea AEP: nu a v\u0103zut nicio neregul\u0103 \u00een finan\u021barea campaniei lui Georgescu"},"content":{"rendered":"<div><img decoding=\"async\" src=\"https:\/\/microscopemedia.com\/wp-content\/uploads\/2026\/02\/nicusor-dan-despre-sesizarea-aep-nu-a-vazut-nicio-neregula-in-finantarea-campaniei-lui-georgescu.jpg\" class=\"ff-og-image-inserted\"><\/div>\n<p id=\"p-0\">\u201eReferitor la informa\u021bia privind pl\u00e2ngerea penal\u0103 a AEP \u00een leg\u0103tur\u0103 cu campania mea electoral\u0103, aceasta nu este o \u0219tire nou\u0103, ci preluarea unei \u0219tiri din aprilie 2025. Chestiunea important\u0103 nu este persoana mea, ci func\u021bionarea institu\u021biilor, care caut\u0103 virgule lips\u0103 \u00een documente \u0219i se fac c\u0103 nu v\u0103d fapte vizibile de pe Lun\u0103. AEP nu a \u00een\u021beles nici \u00een 2025 dona\u021biile online, de\u0219i \u0219i \u00een campaniile din 2016 \u0219i 2020 mi-a aplicat acelea\u0219i amenzi, anulate ulterior de instan\u021b\u0103, \u0219i a f\u0103cut acelea\u0219i pl\u00e2ngeri penale, cu care nu s-a \u00eent\u00e2mplat nimic. Dar nu a v\u0103zut nicio neregul\u0103 \u00een finan\u021barea campaniei lui C\u0103lin Georgescu\u201d, spune pre\u0219edintele Nicu\u0219or Dan, pe X.<\/p>\n<p id=\"p-1\">Potrivit pre\u0219edintelui, ANI a f\u0103cut un raport \u00een 2022 \u00een care l-a declarat incompatibil \u0219i \u00een conflict de interese, \u00eens\u0103 raportul a fost anulat de instan\u021b\u0103, \u0219i a f\u0103cut o pl\u00e2ngere penal\u0103 cu care nu s-a \u00eent\u00e2mplat nimic.<\/p>\n<p id=\"p-2\">\u201eDar nu-mi aduc aminte s\u0103 fi g\u0103sit \u00een ultimii ani vreun func\u021bionar public sau vreun politician care s\u0103 nu \u00ee\u0219i poat\u0103 justifica averea, de\u0219i e suficient s\u0103 te ui\u021bi la ma\u0219inile din parc\u0103rile marilor prim\u0103rii. Nu mai vorbesc de ISC, care nu vede construc\u021biile ilegale nici c\u00e2nd i le sesizezi, dar h\u0103r\u021buie\u0219te exact prim\u0103riile \u0219i func\u021bionarii care respect\u0103 legea. Boala este lung\u0103, complicit\u0103\u021bile sunt mari \u0219i sudate \u00een timp, de aceea este nevoie de mult efort \u0219i de timp pentru a reforma institu\u021biile\u201d, mai spune Dan.<\/p>\n<p id=\"p-3\"><a href=\"https:\/\/www.mediafax.ro\/politic\/aep-a-sesizat-parchetul-general-in-cazul-finantarii-campaniei-lui-nicusor-dan-23693896\" target=\"_blank\" rel=\"noopener\">Autoritatea Electoral\u0103 Permanent\u0103 a sesizat Parchetul General<\/a> privind finan\u021barea campaniei electorale a pre\u0219edintelui Nicu\u0219or Dan, potrivit unui document semnat de pre\u0219edintele AEP, Adrian \u021au\u021buianu (PSD), consultat de <a href=\"https:\/\/www.g4media.ro\/update-presedintele-aep-adrian-tutuianu-sesizarea-la-parchet-privind-finantarea-campaniei-electorale-a-lui-nicusor-dan-este-din-aprilie-2025-dar-presedintele-are-imunitate-in-decembrie-i-am-respi.html\" target=\"_blank\" rel=\"noopener\">G4Media<\/a>.<\/p>\n<p id=\"p-4\">Documentul men\u021bioneaz\u0103 c\u0103, \u201e\u00een urma apari\u021biei unor suspiciuni privind s\u0103v\u00e2r\u0219irea unor fapte penale, Autoritatea Electoral\u0103 Permanent\u0103 a sesizat Parchetul de pe l\u00e2ng\u0103 \u00cenalta Curte de Casa\u021bie \u0219i Justi\u021bie\u201d.<\/p>\n<blockquote class=\"twitter-tweet\" readability=\"13.318051575931\">\n<p dir=\"ltr\" lang=\"ro\" id=\"p-5\">Referitor la informa\u021bia privind pl\u00e2ngerea penal\u0103 a AEP \u00een leg\u0103tur\u0103 cu campania mea electoral\u0103, aceasta nu este o \u0219tire nou\u0103, ci preluarea unei \u0219tiri din aprilie 2025. Chestiunea important\u0103 nu este persoana mea, ci func\u021bionarea institu\u021biilor, care caut\u0103 virgule lips\u0103 \u00een documente\u2026<\/p>\n<p id=\"p-6\">\u2014 Nicu\u0219or Dan (@NicusorDanRO) <a href=\"https:\/\/twitter.com\/NicusorDanRO\/status\/2027375054170804676?ref_src=twsrc%5Etfw\">February 27, 2026<\/a><\/p>\n<\/blockquote>\n","protected":false},"excerpt":{"rendered":"<p>\u201eReferitor la informa\u021bia privind pl\u00e2ngerea penal\u0103 a AEP \u00een leg\u0103tur\u0103 cu campania mea electoral\u0103, aceasta nu este o \u0219tire nou\u0103, ci preluarea unei \u0219tiri din aprilie 2025. Chestiunea important\u0103 nu &hellip; <a href=\"https:\/\/microscopemedia.com\/?p=679055\" class=\"more-link\">Read More<\/a><\/p>\n","protected":false},"author":1,"featured_media":679056,"comment_status":"closed","ping_status":"closed","sticky":false,"template":"Default","format":"standard","meta":[],"categories":[1],"tags":[],"_links":{"self":[{"href":"https:\/\/microscopemedia.com\/index.php?rest_route=\/wp\/v2\/posts\/679055"}],"collection":[{"href":"https:\/\/microscopemedia.com\/index.php?rest_route=\/wp\/v2\/posts"}],"about":[{"href":"https:\/\/microscopemedia.com\/index.php?rest_route=\/wp\/v2\/types\/post"}],"author":[{"embeddable":true,"href":"https:\/\/microscopemedia.com\/index.php?rest_route=\/wp\/v2\/users\/1"}],"replies":[{"embeddable":true,"href":"https:\/\/microscopemedia.com\/index.php?rest_route=%2Fwp%2Fv2%2Fcomments&post=679055"}],"version-history":[{"count":0,"href":"https:\/\/microscopemedia.com\/index.php?rest_route=\/wp\/v2\/posts\/679055\/revisions"}],"wp:featuredmedia":[{"embeddable":true,"href":"https:\/\/microscopemedia.com\/index.php?rest_route=\/wp\/v2\/media\/679056"}],"wp:attachment":[{"href":"https:\/\/microscopemedia.com\/index.php?rest_route=%2Fwp%2Fv2%2Fmedia&parent=679055"}],"wp:term":[{"taxonomy":"category","embeddable":true,"href":"https:\/\/microscopemedia.com\/index.php?rest_route=%2Fwp%2Fv2%2Fcategories&post=679055"},{"taxonomy":"post_tag","embeddable":true,"href":"https:\/\/microscopemedia.com\/index.php?rest_route=%2Fwp%2Fv2%2Ftags&post=679055"}],"curies":[{"name":"wp","href":"https:\/\/api.w.org\/{rel}","templated":true}]}}