{"id":679073,"date":"2026-02-27T15:46:03","date_gmt":"2026-02-27T15:46:03","guid":{"rendered":"https:\/\/microscopemedia.com\/?p=679073"},"modified":"2026-02-27T15:46:03","modified_gmt":"2026-02-27T15:46:03","slug":"fritz-despre-numirea-lui-salvador-caragea-sinecura-lui-miruta-a-mai-facut-arestari-fix-in-aceasta-companie","status":"publish","type":"post","link":"https:\/\/microscopemedia.com\/?p=679073","title":{"rendered":"Fritz despre numirea lui Salvador Caragea, \u201esinecura\u201d lui Miru\u021b\u0103: A mai f\u0103cut arest\u0103ri fix \u00een aceast\u0103 companie"},"content":{"rendered":"<div><img decoding=\"async\" src=\"https:\/\/microscopemedia.com\/wp-content\/uploads\/2026\/02\/fritz-despre-numirea-lui-salvador-caragea-sinecura-lui-miruta-a-mai-facut-arestari-fix-in-aceasta-companie.webp\" class=\"ff-og-image-inserted\"><\/div>\n<p id=\"p-0\">\u00centrebat despre controversele din jurul lui Caragea, Fritz a spus c\u0103 numirea a f\u0103cut-o Ministerul Economiei, \u0219i nu partidul.<\/p>\n<p id=\"p-1\">\u201eNu \u0219tiu ce informa\u021bii au ajuns la dumneavoastr\u0103. Aceast\u0103 numire nu a fost o numire politic\u0103, nu este o numire f\u0103cut\u0103 de un partid, ci o numire f\u0103cut\u0103 de minister. Dar nu pot s\u0103 nu observ c\u0103 pentru un rol \u00een care i se pl\u0103te\u0219te 3.000 de lei pe lun\u0103 \u00eentr-o companie, pe care probabil 90% din rom\u00e2ni nu o cunosc, toat\u0103 agita\u021bia asta public\u0103 este foarte suspect\u0103\u201d, spune Fritz.<\/p>\n<p id=\"p-2\">Pre\u0219edintele USR crede c\u0103 discu\u021biile legate de Viorel Salvador Caragea au ap\u0103rut pentru c\u0103 acesta \u201ea mai f\u0103cut ni\u0219te arest\u0103ri\u201d.<\/p>\n<p id=\"p-3\">\u201ePoate are ceva leg\u0103tur\u0103 cu faptul c\u0103 domnul respectiv, dup\u0103 ce am citit, a mai f\u0103cut arest\u0103ri fix \u00een aceast\u0103 companie, \u00een via\u021ba lui de poli\u021bist \u0219i poate totu\u0219i exist\u0103 anumite interese s\u0103 nu mearg\u0103 mai departe aceast\u0103 numire, dar astea sunt mai degrab\u0103 observa\u021biile mele de cet\u0103\u021bean. \u00cenc\u0103 o dat\u0103, nu este ceva ce \u021bine de rolul meu de pre\u0219edinte\u201d, a mai spus Fritz.<\/p>\n<p id=\"p-4\">USR insist\u0103 cu numirea fostului poli\u021bist Viorel Salvador Caragea \u00een func\u021bia de administrator special al uzinei de armament de la Sadu, jude\u021bul Gorj, de\u0219i acesta a avut, de-a lungul carierei, numeroase probleme, iar pentru o perioad\u0103 a fost simpatizant AUR.<\/p>\n<p id=\"p-5\"><a href=\"https:\/\/www.mediafax.ro\/politic\/usr-insista-cu-numirea-lui-salvador-caragea-la-fabrica-de-armament-in-ciuda-numeroaselor-controverse-se-cunoaste-cu-ministrul-miruta-23693722\" target=\"_blank\" rel=\"noopener\">Viorel Salvador Caragea<\/a> a afirmat c\u0103 \u00eel cunoa\u0219te pe Radu Miru\u021b\u0103, viceprim-ministru al \u021b\u0103rii, \u00eenc\u0103 de c\u00e2nd ministrul era copil, dar mai mult \u00eel cunoa\u0219te pe tat\u0103l acestuia, care a fost pre\u0219edintele Tribunalului Gorj.<\/p>\n<p id=\"p-6\">\u00cen acest context, numirea lui Caragea, fost \u0219ef al Poli\u021biei Gorj, \u00een prezent pensionar special, \u00een func\u021bia de adminstrator special pentru privatizare la fabrica de armament de la Sadu a pus numeroase semne de \u00eentrebare, mai ales c\u0103 \u00een timpul c\u00e2nd era cadru activ \u00een Poli\u021bie, Caragea a avut numeroase probleme. \u00centrebat dac\u0103 este <a href=\"https:\/\/www.mediafax.ro\/politic\/un-flagrant-ratat-un-episod-mai-putin-cunoscut-din-cariera-lui-viorel-salvador-caragea-numit-administrator-special-la-uzina-de-armament-sadu-23693805\" target=\"_blank\" rel=\"noopener\">Salvador Caragea<\/a> sinecura lui Radu Miru\u021b\u0103, ministru a spus c\u0103 \u00eel cunoa\u0219te, \u201ea\u0219a cum cunosc alte c\u00e2teva mii de oameni \u00een ora\u0219ul \u00een care am crescut\u201d.<\/p>\n<p id=\"p-7\">\u00centrebat dac\u0103 el l-a pus \u00een func\u021bie pe Caragea, Miru\u021b\u0103 a spus c\u0103 nu ar fi avut cum s\u0103 fac\u0103 asta, pentru c\u0103 el este la Ministerul Ap\u0103r\u0103rii, iar uzina de armament de la Sadu este la Ministerul Economiei.<\/p>\n<p id=\"p-8\">Totu\u0219i, la Ministerul Economiei este tot un membru USR, respectiv Irineu Dar\u0103u.<\/p>\n<p id=\"p-9\">&nbsp;<\/p>\n","protected":false},"excerpt":{"rendered":"<p>\u00centrebat despre controversele din jurul lui Caragea, Fritz a spus c\u0103 numirea a f\u0103cut-o Ministerul Economiei, \u0219i nu partidul. \u201eNu \u0219tiu ce informa\u021bii au ajuns la dumneavoastr\u0103. Aceast\u0103 numire nu &hellip; <a href=\"https:\/\/microscopemedia.com\/?p=679073\" class=\"more-link\">Read More<\/a><\/p>\n","protected":false},"author":1,"featured_media":679074,"comment_status":"closed","ping_status":"closed","sticky":false,"template":"Default","format":"standard","meta":[],"categories":[1],"tags":[],"_links":{"self":[{"href":"https:\/\/microscopemedia.com\/index.php?rest_route=\/wp\/v2\/posts\/679073"}],"collection":[{"href":"https:\/\/microscopemedia.com\/index.php?rest_route=\/wp\/v2\/posts"}],"about":[{"href":"https:\/\/microscopemedia.com\/index.php?rest_route=\/wp\/v2\/types\/post"}],"author":[{"embeddable":true,"href":"https:\/\/microscopemedia.com\/index.php?rest_route=\/wp\/v2\/users\/1"}],"replies":[{"embeddable":true,"href":"https:\/\/microscopemedia.com\/index.php?rest_route=%2Fwp%2Fv2%2Fcomments&post=679073"}],"version-history":[{"count":0,"href":"https:\/\/microscopemedia.com\/index.php?rest_route=\/wp\/v2\/posts\/679073\/revisions"}],"wp:featuredmedia":[{"embeddable":true,"href":"https:\/\/microscopemedia.com\/index.php?rest_route=\/wp\/v2\/media\/679074"}],"wp:attachment":[{"href":"https:\/\/microscopemedia.com\/index.php?rest_route=%2Fwp%2Fv2%2Fmedia&parent=679073"}],"wp:term":[{"taxonomy":"category","embeddable":true,"href":"https:\/\/microscopemedia.com\/index.php?rest_route=%2Fwp%2Fv2%2Fcategories&post=679073"},{"taxonomy":"post_tag","embeddable":true,"href":"https:\/\/microscopemedia.com\/index.php?rest_route=%2Fwp%2Fv2%2Ftags&post=679073"}],"curies":[{"name":"wp","href":"https:\/\/api.w.org\/{rel}","templated":true}]}}