{"id":679075,"date":"2026-02-27T15:56:03","date_gmt":"2026-02-27T15:56:03","guid":{"rendered":"https:\/\/microscopemedia.com\/?p=679075"},"modified":"2026-02-27T15:56:03","modified_gmt":"2026-02-27T15:56:03","slug":"prima-reactie-a-ministerului-energiei-dupa-ce-comisia-a-anuntat-o-investigatie-aprofundata-privind-planul-de-restructurare-modificat-al-romaniei-pentru-ce-oltenia","status":"publish","type":"post","link":"https:\/\/microscopemedia.com\/?p=679075","title":{"rendered":"Prima reac\u021bie a Ministerului Energiei dup\u0103 ce Comisia a anun\u021bat o investiga\u021bie aprofundat\u0103 privind planul de restructurare modificat al Rom\u00e2niei pentru CE Oltenia"},"content":{"rendered":"<div><img decoding=\"async\" src=\"https:\/\/microscopemedia.com\/wp-content\/uploads\/2026\/02\/prima-reactie-a-ministerului-energiei-dupa-ce-comisia-a-anuntat-o-investigatie-aprofundata-privind-planul-de-restructurare-modificat-al-romaniei-pentru-ce-oltenia.webp\" class=\"ff-og-image-inserted\"><\/div>\n<p id=\"p-0\">Planul de restructurare modificat al Complexului Energetic Oltenia a fost prenotificat Comisiei Europene \u00een luna septembrie 2025 \u0219i notificat oficial \u00een luna decembrie 2025, \u00een conformitate cu prevederile legisla\u021biei europene privind ajutorul de stat, a transmis, vineri, Ministerul Energiei, la solicitarea jurnali\u0219tilor pentru o reac\u021bie oficial\u0103.<\/p>\n<p id=\"p-1\">Companie condus\u0103 \u00een sistem dualist, este controlat\u0103 de stat, prin Ministerul Energiei, care de\u021bine 87,48% din capitalul social, urmat de Fondul Proprietatea S.A., cu 11,81% din ac\u021biuni \u0219i Electrocentrale Grup S.A., cu 0,46% din capitalul social. &nbsp;\u00centreprinderea de stat din Rom\u00e2nia care \u00ee\u0219i desf\u0103\u0219oar\u0103 activitatea \u00een domeniul extrac\u021biei lignitului \u0219i al producerii de energie electric\u0103 este unul dintre principalii angajatori (peste 8 000 de angaja\u021bi) dintr-o regiune cu rate ale \u0219omajului care dep\u0103\u0219esc \u00een mod constant media na\u021bional\u0103.<\/p>\n<p id=\"p-2\">\u201eDeclan\u0219area unei investiga\u021bii aprofundate de c\u0103tre Comisia European\u0103 reprezint\u0103 o etap\u0103 procedural\u0103 normal\u0103 \u00een procesul de evaluare a planului de restructurare modificat, notificat de Rom\u00e2nia pentru Complexul Energetic Oltenia\u201d, a comunicat ministerul.<\/p>\n<h2 id=\"chapter-0\">Ce verific\u0103 Comisia<\/h2>\n<p id=\"p-3\">Comisia European\u0103 a anun\u021bat anterior c\u0103 <a href=\"https:\/\/www.mediafax.ro\/economic\/comisia-deschide-o-investigatie-aprofundata-privind-planul-de-restructurare-modificat-al-romaniei-pentru-ce-oltenia-demersul-vizeaza-ajutoarele-de-stat-23693932\">deschide o investiga\u021bie aprofundat\u0103<\/a> \u00een cazul CE Oltenia, pentru a evalua dac\u0103 modific\u0103rile propuse de Rom\u00e2nia \u00een ceea ce prive\u0219te planul de restructurare a societ\u0103\u021bii de energie electric\u0103 CE Oltenia sunt conforme cu normele UE privind ajutoarele de stat.<\/p>\n<p id=\"p-4\">Fa\u021b\u0103 de planul aprobat \u00een ianuarie 2022, Comisia a primit din partea Rom\u00e2niei, \u00een decembrie 2025, o notificare privind modificarea planului de restructurare, prin care ajutorul de restructurare era majorat de la 2,66 miliarde euro la 2,86 miliarde euro \u0219i se prelungea perioada de restructurare cu trei ani, p\u00e2n\u0103 la sf\u00e2r\u0219itul anului 2029.<\/p>\n<blockquote readability=\"12\">\n<p id=\"p-5\">\u201eModific\u0103rile propuse \u00een planul de restructurare modificat au fost determinate de factori obiectivi \u0219i externi, \u00een special \u00eent\u00e2rzieri \u00een implementarea noilor capacit\u0103\u021bi pe gaze naturale \u0219i parcuri fotovoltaice, precum \u0219i de contextul geopolitic actual, care a generat presiuni suplimentare asupra securit\u0103\u021bii energetice. Complexul Energetic Oltenia colaboreaz\u0103 cu autorit\u0103\u021bile rom\u00e2ne \u0219i cu Comisia European\u0103 pentru a furniza toate informa\u021biile necesare clarific\u0103rii aspectelor vizate prin procesul de investiga\u021bie\u201d, se arat\u0103 \u00een r\u0103spuns.<\/p>\n<\/blockquote>\n<p id=\"p-6\">Potrivit ministerului, Complexul Energetic Oltenia r\u0103m\u00e2ne un actor esen\u021bial \u00een asigurarea stabilit\u0103\u021bii sistemului energetic na\u021bional, iar compania contribuie la men\u021binerea echilibrului energetic \u00een Rom\u00e2nia \u0219i are un rol important \u00een sus\u021binerea securit\u0103\u021bii aprovizion\u0103rii \u00een regiune, \u00een actualul context geopolitic.<\/p>\n<p id=\"p-7\">Datele \u00een timp real publicate de Transelectrica arat\u0103 c\u0103 vineri, la ora 17:37, produc\u021bia de energie electric\u0103 din c\u0103rbune era de 380 MW, ceea ce reprezenta 5,55% din totalul na\u021bional.<\/p>\n<p id=\"p-8\">Totu\u0219i, contribu\u021bia c\u0103rbunelui a fost mai mare \u00een zilele \u00een care gerul a dus la cre\u0219terea consumului de energie, pe fondul lipsei soarelui \u0219i a v\u00e2ntului. Mai concret, \u00een v\u00e2rful de consum de diminea\u021b\u0103 din dat\u0103 de 21 ianuarie, consumul instantaneu a dep\u0103\u0219it puterea de 9300 MW, un maxim al ultimilor 4-5 ani, iar centralele pe c\u0103rbune au asigurat \u00een acea perioada p\u00e2n\u0103 la 14% din totalul energiei produse \u00een \u021bar\u0103 noastr\u0103, dup\u0103 cum a explicat \u00eentr-un interviu pentru Mediafax <a href=\"https:\/\/www.mediafax.ro\/economic\/catalin-calinoiu-ceo-important-este-sa-mentinem-securitatea-energetica-in-timp-ce-punem-pe-picioare-investitiile-care-sa-inlocuiasca-treptat-carbunele-23679063\">C\u0103t\u0103lin C\u0103linoiu, membru \u00een Consiliul de Supraveghere al Complexului Energetic Oltenia<\/a>.<\/p>\n<p id=\"p-9\">\u201e\u00cen ultimii ani, Rom\u00e2nia \u0219i-a asumat ferm obiectivele europene privind decarbonizarea \u0219i tranzi\u021bia c\u0103tre un sistem energetic mai curat. Cu toate acestea, realit\u0103\u021bile pie\u021bei de energie na\u021bional\u0103 arat\u0103 c\u0103 procesul este departe de a fi finalizat, iar infrastructura necesar\u0103 pentru \u00eenlocuirea surselor clasice de energie cu unele regenerabile sau mai pu\u021bin poluante este \u00eenc\u0103 \u00een dezvoltare\u201d, au conchis reprezentan\u021bii Ministerului Energiei.<\/p>\n","protected":false},"excerpt":{"rendered":"<p>Planul de restructurare modificat al Complexului Energetic Oltenia a fost prenotificat Comisiei Europene \u00een luna septembrie 2025 \u0219i notificat oficial \u00een luna decembrie 2025, \u00een conformitate cu prevederile legisla\u021biei europene &hellip; <a href=\"https:\/\/microscopemedia.com\/?p=679075\" class=\"more-link\">Read More<\/a><\/p>\n","protected":false},"author":1,"featured_media":679076,"comment_status":"closed","ping_status":"closed","sticky":false,"template":"Default","format":"standard","meta":[],"categories":[1],"tags":[],"_links":{"self":[{"href":"https:\/\/microscopemedia.com\/index.php?rest_route=\/wp\/v2\/posts\/679075"}],"collection":[{"href":"https:\/\/microscopemedia.com\/index.php?rest_route=\/wp\/v2\/posts"}],"about":[{"href":"https:\/\/microscopemedia.com\/index.php?rest_route=\/wp\/v2\/types\/post"}],"author":[{"embeddable":true,"href":"https:\/\/microscopemedia.com\/index.php?rest_route=\/wp\/v2\/users\/1"}],"replies":[{"embeddable":true,"href":"https:\/\/microscopemedia.com\/index.php?rest_route=%2Fwp%2Fv2%2Fcomments&post=679075"}],"version-history":[{"count":0,"href":"https:\/\/microscopemedia.com\/index.php?rest_route=\/wp\/v2\/posts\/679075\/revisions"}],"wp:featuredmedia":[{"embeddable":true,"href":"https:\/\/microscopemedia.com\/index.php?rest_route=\/wp\/v2\/media\/679076"}],"wp:attachment":[{"href":"https:\/\/microscopemedia.com\/index.php?rest_route=%2Fwp%2Fv2%2Fmedia&parent=679075"}],"wp:term":[{"taxonomy":"category","embeddable":true,"href":"https:\/\/microscopemedia.com\/index.php?rest_route=%2Fwp%2Fv2%2Fcategories&post=679075"},{"taxonomy":"post_tag","embeddable":true,"href":"https:\/\/microscopemedia.com\/index.php?rest_route=%2Fwp%2Fv2%2Ftags&post=679075"}],"curies":[{"name":"wp","href":"https:\/\/api.w.org\/{rel}","templated":true}]}}