{"id":679077,"date":"2026-02-27T16:07:03","date_gmt":"2026-02-27T16:07:03","guid":{"rendered":"https:\/\/microscopemedia.com\/?p=679077"},"modified":"2026-02-27T16:07:03","modified_gmt":"2026-02-27T16:07:03","slug":"dan-barna-romania-e-tot-mai-puternica-pe-flancul-estic-dar-risca-sa-piarda-bani-europeni-daca-proiectele-intarzie","status":"publish","type":"post","link":"https:\/\/microscopemedia.com\/?p=679077","title":{"rendered":"Dan Barna: Rom\u00e2nia e tot mai puternic\u0103 pe flancul estic, dar risc\u0103 s\u0103 piard\u0103 bani europeni dac\u0103 proiectele \u00eent\u00e2rzie"},"content":{"rendered":"<div><img decoding=\"async\" src=\"https:\/\/microscopemedia.com\/wp-content\/uploads\/2026\/02\/dan-barna-romania-e-tot-mai-puternica-pe-flancul-estic-dar-risca-sa-piarda-bani-europeni-daca-proiectele-intarzie.jpg\" class=\"ff-og-image-inserted\"><\/div>\n<p id=\"p-0\">Este tot mai clar c\u0103 Rom\u00e2nia \u00ee\u0219i consolideaz\u0103 pozi\u021bia pe flancul estic european, iar contextul geostrategic mut\u0103 domeniul Ap\u0103r\u0103rii \u00een prim-plan, spune vicepre\u0219edintele USR, Dan Barna, la conferin\u021ba de pres\u0103 din deschiderea Congresului USR 2026, \u201eViitorul, acum\u201d.<\/p>\n<p id=\"p-1\">Dan Barna subliniaz\u0103 c\u0103 noile priorit\u0103\u021bie europene \u00een materie de securitate, buget, tranzi\u021bie verde \u00eei dau Rom\u00e2niei un rol strategic tot mai important.<\/p>\n<h2 id=\"chapter-0\">Rom\u00e2nia, prioritate pe flancul estic<\/h2>\n<p id=\"p-2\">\u201eAcum vedem foarte clar c\u0103 necesitatea securit\u0103\u021bii \u0219i necesitatea Ap\u0103r\u0103rii a transformat politica aceasta \u00eentr-o politic\u0103 domestic\u0103 de prim\u0103 linie\u201d, a declarat acesta.<\/p>\n<p id=\"p-3\">\u00cen acest context, Rom\u00e2nia \u201edevine un actor relevant pe flancul estic\u201d, spune <a href=\"https:\/\/www.mediafax.ro\/politic\/dan-barna-usr-despre-data-alegerilor-din-capitala-sper-sa-fie-cat-mai-repede-in-octombrie-noiembrie-23598129\">Dan Barna<\/a>, invoc\u00e2nd declara\u021biile de joi de la Bruxelles: \u201eAm v\u0103zut \u0219i ieri, \u00een conferin\u021ba de la Bruxelles, unde Ursula von der Leyen \u0219i comisarul Fitto au spus foarte clar: flancul estic al Uniunii Europene devine o prioritate\u201d.<\/p>\n<p id=\"p-4\">Eurodeputatul a subliniat \u0219i un semnal politic important:<\/p>\n<p id=\"p-5\">\u201ePrimul premier care a fost invitat a fost premierul Rom\u00e2niei, ceea ce arat\u0103 o recunoa\u0219tere a pozi\u021biei Rom\u00e2niei \u00een aceast\u0103 nou\u0103 arhitectur\u0103 cu care ne confrunt\u0103m\u201d.<\/p>\n<h2 id=\"chapter-1\">Moldova \u0219i Ucraina, \u201ezone pentru care ne lupt\u0103m\u201d<\/h2>\n<p id=\"p-6\">Potrivit lui Barna, noul buget european este construit pe aceast\u0103 logic\u0103 strategic\u0103, iar Rom\u00e2nia sus\u021bine aloc\u0103ri clare pentru vecin\u0103tatea estic\u0103.<\/p>\n<p id=\"p-7\">\u201eBugetul este construit pe aceast\u0103 logic\u0103 \u00een care flancul estic e important \u0219i, \u00een acest context, Moldova \u0219i Ucraina sunt zone pentru care ne lupt\u0103m (\u2026) s\u0103 primeasc\u0103 aloc\u0103ri foarte clare \u00een pilonul bugetar referitor la Europa global\u0103\u201d.<\/p>\n<p id=\"p-8\">Acest al treilea pilon bugetar vizeaz\u0103 extinderea \u0219i rela\u021bia UE cu statele care aspir\u0103 la aderare sau sunt relevante strategic.<\/p>\n<h2 id=\"chapter-2\">Tranzi\u021bia verde \u0219i Valea Jiului<\/h2>\n<p id=\"p-9\">Barna a vorbit despre tranzi\u021bia verde \u0219i transformarea economiei europene \u00eentr-una neutr\u0103 din punct de vedere al emisiilor de carbon.<\/p>\n<p id=\"p-10\">\u201eStrategia (\u2026) pentru care lupt\u0103m \u0219i noi este transformarea economiei europene \u00eentr-o economie neutr\u0103 (\u2026) nu trebuie s\u0103 se \u00eent\u00e2mple \u00een detrimentul comunit\u0103\u021bilor\u201d, a spus Barna, f\u0103c\u00e2nd referire la zone precum Valea Jiului.<\/p>\n<p id=\"p-11\">El a insistat asupra necesit\u0103\u021bii finan\u021b\u0103rii reindustrializ\u0103rii moderne:<\/p>\n<p id=\"p-12\">\u201eLupt\u0103m foarte mult s\u0103 fie alocate sume distincte pentru reindustrializarea modern\u0103 a acestor comunit\u0103\u021bi, tocmai pentru a reduce aceast\u0103 percep\u021bie de l\u0103sare \u00een urm\u0103 a zonelor tradi\u021bional-industriale ale Europei \u0219i, \u00een spe\u021b\u0103, ale Rom\u00e2niei\u201d.<\/p>\n<p id=\"p-13\">Barna a avertizat c\u0103 acest sentiment este \u201efoarte mult speculat de c\u0103tre suverani\u0219ti extremi\u0219ti\u201d.<\/p>\n<h2 id=\"chapter-3\">Banii trebuie s\u0103 ajung\u0103 la comunit\u0103\u021bi<\/h2>\n<p id=\"p-14\">Eurodeputatul a atras aten\u021bia \u0219i asupra riscului diminu\u0103rii fondurilor de coeziune \u00een noul cadru financiar.<\/p>\n<p id=\"p-15\">\u201eRom\u00e2nia a beneficiat (\u2026) de fonduri de coeziune, care au f\u0103cut acea diferen\u021b\u0103 (\u2026) practic, fondurile europene au f\u0103cut schimb\u0103ri importante\u201d, a afirmat el.<\/p>\n<p id=\"p-16\">\u00cen opinia sa, reducerea acestor fonduri ar avea consecin\u021be politice \u0219i sociale serioase:<\/p>\n<p id=\"p-17\">\u201e\u00cen momentul \u00een care s-ar muta accentul de pe coeziune doar pe Ap\u0103rare sau doar pe zona de competitivitate, din nou ar r\u0103m\u00e2ne componente importante din regiunile Europei marginalizate\u201d.<\/p>\n<p id=\"p-18\">Barna a explicat c\u0103 noul buget european are trei piloni: planuri strategice na\u021bionale \u0219i regionale, competitivitate \u0219i \u201eEuropa global\u0103\u201d, iar acest model cre\u0219te puterea guvernelor \u00een administrarea fondurilor.<\/p>\n<p id=\"p-19\">\u201e\u00cen aceast\u0103 discu\u021bie, foarte important ca regiunile s\u0103 aib\u0103 un cuv\u00e2nt de spus (\u2026) banii trebuie s\u0103 ajung\u0103 acolo, la firul ierbii, la comunit\u0103\u021bi\u201d.<\/p>\n<h2 id=\"chapter-4\">USR vrea schimbarea regulilor de dezangajare a banilor europeni<\/h2>\n<p id=\"p-20\">Un alt punct sensibil vizeaz\u0103 regula de dezangajare a fondurilor europene.<\/p>\n<p id=\"p-21\">Comisia propune reducerea termenului de utilizare a banilor de la regula N-2 sau N-3 la N-10 luni, dar&nbsp;Barna consider\u0103 c\u0103 o astfel de schimbare ar lovi statele cu dificult\u0103\u021bi administrative:<\/p>\n<p id=\"p-22\">\u201eDac\u0103 \u00een 10 luni nu reu\u0219e\u0219ti s\u0103 recuperezi \u00eent\u00e2rzierea, ai pierde banii. Or, lucrul \u0103sta ar fi o lovitur\u0103 exact pentru economii, cum este \u0219i a Rom\u00e2niei\u201d.<\/p>\n<p id=\"p-23\">\u201ePozi\u021bionarea pe care eu o ap\u0103r foarte puternic \u00een Parlamentul European este de a r\u0103m\u00e2ne pe o regul\u0103 care \u0219i-a confirmat func\u021bionalitatea. Acel N-3 (\u2026) a ar\u0103tat c\u0103 statele pot avea o absorb\u021bie decent\u0103\u201d, spune Barna.<\/p>\n<h2 id=\"chapter-5\">Mai mult\u0103 putere pentru autorit\u0103\u021bile locale<\/h2>\n<p id=\"p-24\">Dan Barna a pledat pentru implicarea direct\u0103 a regiunilor \u0219i municipalit\u0103\u021bilor \u00een programarea fondurilor europene.<\/p>\n<p id=\"p-25\">\u201eDecizia asupra banilor s\u0103 nu fie doar de la nivel na\u021bional, ci s\u0103 fie posibil\u0103 aceast\u0103 comunicare de la nivelul municipalit\u0103\u021bilor sau de la nivelul regiunilor\u201d.<\/p>\n","protected":false},"excerpt":{"rendered":"<p>Este tot mai clar c\u0103 Rom\u00e2nia \u00ee\u0219i consolideaz\u0103 pozi\u021bia pe flancul estic european, iar contextul geostrategic mut\u0103 domeniul Ap\u0103r\u0103rii \u00een prim-plan, spune vicepre\u0219edintele USR, Dan Barna, la conferin\u021ba de pres\u0103 &hellip; <a href=\"https:\/\/microscopemedia.com\/?p=679077\" class=\"more-link\">Read More<\/a><\/p>\n","protected":false},"author":1,"featured_media":679078,"comment_status":"closed","ping_status":"closed","sticky":false,"template":"Default","format":"standard","meta":[],"categories":[1],"tags":[],"_links":{"self":[{"href":"https:\/\/microscopemedia.com\/index.php?rest_route=\/wp\/v2\/posts\/679077"}],"collection":[{"href":"https:\/\/microscopemedia.com\/index.php?rest_route=\/wp\/v2\/posts"}],"about":[{"href":"https:\/\/microscopemedia.com\/index.php?rest_route=\/wp\/v2\/types\/post"}],"author":[{"embeddable":true,"href":"https:\/\/microscopemedia.com\/index.php?rest_route=\/wp\/v2\/users\/1"}],"replies":[{"embeddable":true,"href":"https:\/\/microscopemedia.com\/index.php?rest_route=%2Fwp%2Fv2%2Fcomments&post=679077"}],"version-history":[{"count":0,"href":"https:\/\/microscopemedia.com\/index.php?rest_route=\/wp\/v2\/posts\/679077\/revisions"}],"wp:featuredmedia":[{"embeddable":true,"href":"https:\/\/microscopemedia.com\/index.php?rest_route=\/wp\/v2\/media\/679078"}],"wp:attachment":[{"href":"https:\/\/microscopemedia.com\/index.php?rest_route=%2Fwp%2Fv2%2Fmedia&parent=679077"}],"wp:term":[{"taxonomy":"category","embeddable":true,"href":"https:\/\/microscopemedia.com\/index.php?rest_route=%2Fwp%2Fv2%2Fcategories&post=679077"},{"taxonomy":"post_tag","embeddable":true,"href":"https:\/\/microscopemedia.com\/index.php?rest_route=%2Fwp%2Fv2%2Ftags&post=679077"}],"curies":[{"name":"wp","href":"https:\/\/api.w.org\/{rel}","templated":true}]}}