{"id":679083,"date":"2026-02-27T16:46:04","date_gmt":"2026-02-27T16:46:04","guid":{"rendered":"https:\/\/microscopemedia.com\/?p=679083"},"modified":"2026-02-27T16:46:04","modified_gmt":"2026-02-27T16:46:04","slug":"artemis-3-nu-va-mai-ajunge-pe-luna-nasa-anunta-o-restructurare-majora-a-programului","status":"publish","type":"post","link":"https:\/\/microscopemedia.com\/?p=679083","title":{"rendered":"Artemis 3 nu va mai ajunge pe Lun\u0103. NASA anun\u021b\u0103 o restructurare major\u0103 a programului"},"content":{"rendered":"<div><img decoding=\"async\" src=\"https:\/\/microscopemedia.com\/wp-content\/uploads\/2026\/02\/artemis-3-nu-va-mai-ajunge-pe-luna-nasa-anunta-o-restructurare-majora-a-programului.jpg\" class=\"ff-og-image-inserted\"><\/div>\n<p id=\"p-0\">Pentru a respecta acest termen, NASA va \u201ead\u0103uga misiuni\u201d \u00eentre misiunea Artemis 2 (care tocmai a fost am\u00e2nat\u0103 pentru luna aprilie din cauza unor scurgeri de heliu) \u0219i revenirea pe suprafa\u021ba lunar\u0103, relateaz\u0103<a href=\"https:\/\/www.lefigaro.fr\/sciences\/artemis-3-n-ira-pas-sur-la-lune-la-nasa-annonce-une-profonde-refonte-de-son-programme-lunaire-20260227\" target=\"_blank\" rel=\"noopener\"> Le Figaro<\/a>.<\/p>\n<p id=\"p-1\">Astfel, misiunea Artemis 3, programat\u0103 ini\u021bial pentru septembrie 2028, va fi devansat\u0103 pentru jum\u0103tatea anului 2027, \u00eens\u0103 nu va mai include o aselenizare.<\/p>\n<p id=\"p-2\">NASA pl\u0103nuie\u0219te un test de andocare pe orbita P\u0103m\u00e2ntului \u00eentre capsula sa, Orion, \u0219i \u201eunul sau dou\u0103\u201d module de aselenizare.<\/p>\n<p id=\"p-3\">Space X,compania lui Elon Musk, \u0219i Blue Origin, compania lui Jeff Bezos, \u00ee\u0219i dezvolt\u0103 \u00een prezent propriile vehicule.<\/p>\n<p id=\"p-4\">Teoretic, Starship HLS de la SpaceX trebuia s\u0103 finalizeze misiunile 3 \u0219i 4, iar Blue Moon de la Blue Origin, misiunile 5 \u0219i 6. Acest anun\u021b pare s\u0103 re\u00eempart\u0103 c\u0103r\u021bile \u0219i s\u0103 \u00eel readuc\u0103 pe Jeff Bezos \u00een cursa pentru prima aselenizare.<\/p>\n<p id=\"p-5\">Aceast\u0103 nou\u0103 misiune Artemis 3 ar trebui s\u0103 fie \u0219i un prilej pentru a testa costumele lunare \u00een timpul unei ie\u0219iri extravehiculare, a precizat Isaacman.<\/p>\n<p id=\"p-6\">Acestea, dezvoltate de Axiom Space, au suferit, de asemenea, numeroase \u00eent\u00e2rzieri \u00een dezvoltare.<\/p>\n<p id=\"p-7\">Jared Isaacman a dat asigur\u0103ri c\u0103 aceast\u0103 restructurare nu are leg\u0103tur\u0103 cu \u00eent\u00e2rzierea misiunii Artemis 2, ci c\u0103 anun\u021bul fusese programat pentru perioada de dup\u0103 zbor \u0219i a fost men\u021binut \u00een ciuda am\u00e2n\u0103rii.<\/p>\n<p id=\"p-8\">El a explicat pe larg c\u0103 aceast\u0103 nou\u0103 abordare, cu un ritm mai sus\u021binut de lans\u0103ri \u0219i pa\u0219i de testare intermediari, este mai apropiat\u0103 de filozofia programului Apollo.<\/p>\n<h2 id=\"chapter-0\">Ce se \u00eent\u00e2mpl\u0103 cu Artemis 2<\/h2>\n<p id=\"p-9\"><a href=\"https:\/\/www.mediafax.ro\/stiinta-sanatate\/nasa-pregateste-artemis-ii-calendarul-lansarii-echipajul-si-prima-misiune-cu-astronauti-spre-luna-in-peste-50-de-ani-23671998\">Misiunea Artemis 2<\/a> nu va fi modificat\u0103. Aceasta trebuie s\u0103 trimit\u0103 capsula Orion \u00eentr-o c\u0103l\u0103torie \u00een jurul Lunii cu patru astronau\u021bi la bord, marc\u00e2nd prima revenire a oamenilor \u00een spa\u021biul \u00eendep\u0103rtat dup\u0103 mai bine de 50 de ani de la ultima misiune Apollo.<\/p>\n<p id=\"p-10\">Punctul culminant al acestui test va fi revenirea capsulei la vitez\u0103 foarte mare, o manevr\u0103 cu grad ridicat de risc. \u00cen timpul primului zbor, f\u0103r\u0103 echipaj, scutul termic a prezentat un comportament nea\u0219teptat, degrad\u00e2ndu-se mult mai rapid dec\u00e2t anticipaser\u0103 inginerii, ceea ce explic\u0103 par\u021bial \u00eent\u00e2rzierile \u00eenregistrate de program.<\/p>\n","protected":false},"excerpt":{"rendered":"<p>Pentru a respecta acest termen, NASA va \u201ead\u0103uga misiuni\u201d \u00eentre misiunea Artemis 2 (care tocmai a fost am\u00e2nat\u0103 pentru luna aprilie din cauza unor scurgeri de heliu) \u0219i revenirea pe &hellip; <a href=\"https:\/\/microscopemedia.com\/?p=679083\" class=\"more-link\">Read More<\/a><\/p>\n","protected":false},"author":1,"featured_media":679084,"comment_status":"closed","ping_status":"closed","sticky":false,"template":"Default","format":"standard","meta":[],"categories":[1],"tags":[],"_links":{"self":[{"href":"https:\/\/microscopemedia.com\/index.php?rest_route=\/wp\/v2\/posts\/679083"}],"collection":[{"href":"https:\/\/microscopemedia.com\/index.php?rest_route=\/wp\/v2\/posts"}],"about":[{"href":"https:\/\/microscopemedia.com\/index.php?rest_route=\/wp\/v2\/types\/post"}],"author":[{"embeddable":true,"href":"https:\/\/microscopemedia.com\/index.php?rest_route=\/wp\/v2\/users\/1"}],"replies":[{"embeddable":true,"href":"https:\/\/microscopemedia.com\/index.php?rest_route=%2Fwp%2Fv2%2Fcomments&post=679083"}],"version-history":[{"count":0,"href":"https:\/\/microscopemedia.com\/index.php?rest_route=\/wp\/v2\/posts\/679083\/revisions"}],"wp:featuredmedia":[{"embeddable":true,"href":"https:\/\/microscopemedia.com\/index.php?rest_route=\/wp\/v2\/media\/679084"}],"wp:attachment":[{"href":"https:\/\/microscopemedia.com\/index.php?rest_route=%2Fwp%2Fv2%2Fmedia&parent=679083"}],"wp:term":[{"taxonomy":"category","embeddable":true,"href":"https:\/\/microscopemedia.com\/index.php?rest_route=%2Fwp%2Fv2%2Fcategories&post=679083"},{"taxonomy":"post_tag","embeddable":true,"href":"https:\/\/microscopemedia.com\/index.php?rest_route=%2Fwp%2Fv2%2Ftags&post=679083"}],"curies":[{"name":"wp","href":"https:\/\/api.w.org\/{rel}","templated":true}]}}