{"id":679113,"date":"2026-02-27T19:56:03","date_gmt":"2026-02-27T19:56:03","guid":{"rendered":"https:\/\/microscopemedia.com\/?p=679113"},"modified":"2026-02-27T19:56:03","modified_gmt":"2026-02-27T19:56:03","slug":"un-tanar-de-17-ani-arestat-pentru-un-presupus-plan-de-atac-terorist-asupra-unui-obiectiv-nato","status":"publish","type":"post","link":"https:\/\/microscopemedia.com\/?p=679113","title":{"rendered":"Un t\u00e2n\u0103r de 17 ani, arestat pentru un presupus plan de atac terorist asupra unui obiectiv NATO"},"content":{"rendered":"<div><img decoding=\"async\" src=\"https:\/\/microscopemedia.com\/wp-content\/uploads\/2026\/02\/un-tanar-de-17-ani-arestat-pentru-un-presupus-plan-de-atac-terorist-asupra-unui-obiectiv-nato.jpg\" class=\"ff-og-image-inserted\"><\/div>\n<p id=\"p-0\">Contactat de AFP, <a href=\"https:\/\/www.lefigaro.fr\/international\/norvege-un-mineur-soupconne-d-un-projet-d-attentat-contre-un-site-de-l-otan-arrete-20260227\" target=\"_blank\" rel=\"noopener\">Serviciul de Securitate Intern\u0103<\/a> (PST), responsabil cu combaterea terorismului, a confirmat c\u0103 a efectuat o arestare, f\u0103r\u0103 a da detalii despre suspiciunile care au motivat arestarea.<\/p>\n<p id=\"p-1\">\u201eEl este suspectat \u00een temeiul Codului penal, care se refer\u0103 la preg\u0103tirea unui act terorist\u201d, a declarat Line Nyvoll Nygaard, un oficial al serviciului.<\/p>\n<p id=\"p-2\">\u00cen plus, referindu-se la \u201eancheta \u00een curs\u201d, un purt\u0103tor de cuv\u00e2nt al PST a refuzat s\u0103 comenteze.<\/p>\n<p id=\"p-3\">Potrivit NRK, care citeaz\u0103 documente ale PST, suspectul a planificat un atac cu explozivi asupra Centrului de R\u0103zboi Comun al NATO din cartierul J\u00e5tt\u00e5 din Stavanger, sud-vestul Norvegiei.<\/p>\n<p id=\"p-4\">\u00cenfiin\u021bat \u00een 2003, acest centru este utilizat, printre altele, pentru instruirea \u0219i formarea personalului aliat \u0219i pentru organizarea exerci\u021biilor militare majore ale Alian\u021bei Atlantice.<\/p>\n<p id=\"p-5\">N\u0103scut \u0219i crescut \u00een Norvegia, suspectul ar fi exprimat simpatii pentru gruparea Statul Islamic \u0219i ar fi fost v\u0103zut \u00een \u0219coala sa cu un steag al acestei organiza\u021bii islamiste radicale, a precizat acela\u0219i mijloc de informare.<\/p>\n<p id=\"p-6\">Pus \u00een arest preventiv pentru dou\u0103 s\u0103pt\u0103m\u00e2ni vineri, el respinge suspiciunile \u00eempotriva sa, a declarat avocatul s\u0103u, Knut Lerum, pentru AFP.<\/p>\n<p id=\"p-7\">Arestarea a avut loc joi \u00een regiunea Rogaland (sud-vest), unde se afl\u0103 Stavanger.<\/p>\n","protected":false},"excerpt":{"rendered":"<p>Contactat de AFP, Serviciul de Securitate Intern\u0103 (PST), responsabil cu combaterea terorismului, a confirmat c\u0103 a efectuat o arestare, f\u0103r\u0103 a da detalii despre suspiciunile care au motivat arestarea. \u201eEl &hellip; <a href=\"https:\/\/microscopemedia.com\/?p=679113\" class=\"more-link\">Read More<\/a><\/p>\n","protected":false},"author":1,"featured_media":679114,"comment_status":"closed","ping_status":"closed","sticky":false,"template":"Default","format":"standard","meta":[],"categories":[1],"tags":[],"_links":{"self":[{"href":"https:\/\/microscopemedia.com\/index.php?rest_route=\/wp\/v2\/posts\/679113"}],"collection":[{"href":"https:\/\/microscopemedia.com\/index.php?rest_route=\/wp\/v2\/posts"}],"about":[{"href":"https:\/\/microscopemedia.com\/index.php?rest_route=\/wp\/v2\/types\/post"}],"author":[{"embeddable":true,"href":"https:\/\/microscopemedia.com\/index.php?rest_route=\/wp\/v2\/users\/1"}],"replies":[{"embeddable":true,"href":"https:\/\/microscopemedia.com\/index.php?rest_route=%2Fwp%2Fv2%2Fcomments&post=679113"}],"version-history":[{"count":0,"href":"https:\/\/microscopemedia.com\/index.php?rest_route=\/wp\/v2\/posts\/679113\/revisions"}],"wp:featuredmedia":[{"embeddable":true,"href":"https:\/\/microscopemedia.com\/index.php?rest_route=\/wp\/v2\/media\/679114"}],"wp:attachment":[{"href":"https:\/\/microscopemedia.com\/index.php?rest_route=%2Fwp%2Fv2%2Fmedia&parent=679113"}],"wp:term":[{"taxonomy":"category","embeddable":true,"href":"https:\/\/microscopemedia.com\/index.php?rest_route=%2Fwp%2Fv2%2Fcategories&post=679113"},{"taxonomy":"post_tag","embeddable":true,"href":"https:\/\/microscopemedia.com\/index.php?rest_route=%2Fwp%2Fv2%2Ftags&post=679113"}],"curies":[{"name":"wp","href":"https:\/\/api.w.org\/{rel}","templated":true}]}}