{"id":679115,"date":"2026-02-27T20:06:03","date_gmt":"2026-02-27T20:06:03","guid":{"rendered":"https:\/\/microscopemedia.com\/?p=679115"},"modified":"2026-02-27T20:06:03","modified_gmt":"2026-02-27T20:06:03","slug":"grecia-exhumeaza-150-de-cadavre-covid-trupurile-nu-s-au-descompus-nici-dupa-cinci-ani","status":"publish","type":"post","link":"https:\/\/microscopemedia.com\/?p=679115","title":{"rendered":"Grecia exhumeaz\u0103 150 de cadavre COVID: trupurile nu s-au descompus nici dup\u0103 cinci ani"},"content":{"rendered":"<div><img decoding=\"async\" src=\"https:\/\/microscopemedia.com\/wp-content\/uploads\/2026\/02\/grecia-exhumeaza-150-de-cadavre-covid-trupurile-nu-s-au-descompus-nici-dupa-cinci-ani.jpg\" class=\"ff-og-image-inserted\"><\/div>\n<p class=\"font-claude-response-body break-words whitespace-normal leading-[1.7]\" id=\"p-0\">Descoperirea a \u0219ocat autorit\u0103\u021bile locale \u0219i familiile \u00eendoliate. Cauza principal\u0103 este legat\u0103 direct de m\u0103surile stricte impuse \u00een timpul pandemiei COVID, scrie <a href=\"https:\/\/dailytimes.com.pk\/1457054\/greece-to-exhume-150-undecomposed-covid-19-graves\/\" target=\"_blank\" rel=\"noopener\">Daily Times<\/a>.<\/p>\n<p class=\"font-claude-response-body break-words whitespace-normal leading-[1.7]\" id=\"p-1\">\u00cen timpul pandemiei, cadavrele victimelor COVID au fost sigilate \u00een saci de plastic. Sicriile au fost sigilate ermetic pentru a preveni r\u0103sp\u00e2ndirea virusului.<\/p>\n<div data-test-render-count=\"1\">\n<div class=\"group\">\n<div class=\"flex justify-start\" role=\"group\" aria-label=\"Message actions\">\n<div class=\"text-text-300\">\n<div class=\"text-text-300 flex items-stretch justify-between\">\n<div class=\"w-fit\" data-state=\"closed\" readability=\"7.5\">\n<div class=\"relative text-text-500 group-hover\/btn:text-text-100\" readability=\"35\">\n<p>Aceste m\u0103suri au blocat procesul natural de descompunere. Dup\u0103 cinci ani, r\u0103m\u0103\u0219i\u021bele sunt aproape intacte, ceea ce \u00eempiedic\u0103 eliberarea locurilor de veci conform practicilor conven\u021bionale.<\/p>\n<\/div>\n<\/div>\n<\/div>\n<\/div>\n<\/div>\n<\/div>\n<\/div>\n<h2 class=\"font-claude-response-body break-words whitespace-normal leading-[1.7]\" id=\"chapter-0\"><strong>Planul \u00een dou\u0103 etape al autorit\u0103\u021bilor<\/strong><\/h2>\n<p class=\"font-claude-response-body break-words whitespace-normal leading-[1.7]\" id=\"p-2\">Consiliul municipal din Kavala a aprobat o opera\u021biune \u00een dou\u0103 etape. Prima etap\u0103 const\u0103 \u00een exhumarea trupurilor \u0219i \u00eendep\u0103rtarea plasticului de protec\u021bie.<\/p>\n<p class=\"font-claude-response-body break-words whitespace-normal leading-[1.7]\" id=\"p-3\">A doua etap\u0103 prevede re\u00eenhumarea r\u0103m\u0103\u0219i\u021belor pentru cel pu\u021bin \u00eenc\u0103 un an. Scopul este de a permite descompunerea natural\u0103 \u00eenainte de eliberarea definitiv\u0103 a locurilor de veci.<\/p>\n<p class=\"font-claude-response-body break-words whitespace-normal leading-[1.7]\" id=\"p-4\">\u00centreaga opera\u021biune va fi realizat\u0103 gratuit, pentru a calma \u00eengrijor\u0103rile familiilor. Vor fi respectate protocoale sanitare stricte pentru protejarea lucr\u0103torilor \u0219i a s\u0103n\u0103t\u0103\u021bii publice.<\/p>\n<h2 class=\"font-claude-response-body break-words whitespace-normal leading-[1.7]\" id=\"chapter-1\"><strong>O problem\u0103 urgent\u0103<\/strong><\/h2>\n<p class=\"font-claude-response-body break-words whitespace-normal leading-[1.7]\" id=\"p-5\">Lipsa spa\u021biului \u00een cimitirul din Kavala a f\u0103cut ca opera\u021biunea s\u0103 devin\u0103 urgent\u0103. Practicile conven\u021bionale de exhumare, aplicate de obicei la trei p\u00e2n\u0103 la cinci ani, nu pot fi folosite \u00een aceste cazuri.<\/p>\n<p class=\"font-claude-response-body break-words whitespace-normal leading-[1.7]\" id=\"p-6\">Autorit\u0103\u021bile au subliniat c\u0103 planul asigur\u0103 un echilibru \u00eentre gestionarea practic\u0103 a cimitirului \u0219i respectul fa\u021b\u0103 de deceda\u021bi.<\/p>\n<h2 class=\"font-claude-response-body break-words whitespace-normal leading-[1.7]\" id=\"chapter-2\"><strong>Un precedent na\u021bional<\/strong><\/h2>\n<p class=\"font-claude-response-body break-words whitespace-normal leading-[1.7]\" id=\"p-7\">Cazul Kavala ar putea deveni un model pentru alte municipalit\u0103\u021bi din Grecia. Ministerul S\u0103n\u0103t\u0103\u021bii analizeaz\u0103 posibilitatea unor orient\u0103ri la nivel na\u021bional privind gestionarea \u00eenmorm\u00e2nt\u0103rilor din perioada pandemiei care nu au suferit descompunere.<\/p>\n<p class=\"font-claude-response-body break-words whitespace-normal leading-[1.7]\" id=\"p-8\">Oficialii au asigurat c\u0103 toate m\u0103surile vor acorda prioritate siguran\u021bei, demnit\u0103\u021bii \u0219i transparen\u021bei \u00een gestionarea acestei situa\u021bii f\u0103r\u0103 precedent.<\/p>\n","protected":false},"excerpt":{"rendered":"<p>Descoperirea a \u0219ocat autorit\u0103\u021bile locale \u0219i familiile \u00eendoliate. Cauza principal\u0103 este legat\u0103 direct de m\u0103surile stricte impuse \u00een timpul pandemiei COVID, scrie Daily Times. \u00cen timpul pandemiei, cadavrele victimelor COVID &hellip; <a href=\"https:\/\/microscopemedia.com\/?p=679115\" class=\"more-link\">Read More<\/a><\/p>\n","protected":false},"author":1,"featured_media":679116,"comment_status":"closed","ping_status":"closed","sticky":false,"template":"Default","format":"standard","meta":[],"categories":[1],"tags":[],"_links":{"self":[{"href":"https:\/\/microscopemedia.com\/index.php?rest_route=\/wp\/v2\/posts\/679115"}],"collection":[{"href":"https:\/\/microscopemedia.com\/index.php?rest_route=\/wp\/v2\/posts"}],"about":[{"href":"https:\/\/microscopemedia.com\/index.php?rest_route=\/wp\/v2\/types\/post"}],"author":[{"embeddable":true,"href":"https:\/\/microscopemedia.com\/index.php?rest_route=\/wp\/v2\/users\/1"}],"replies":[{"embeddable":true,"href":"https:\/\/microscopemedia.com\/index.php?rest_route=%2Fwp%2Fv2%2Fcomments&post=679115"}],"version-history":[{"count":0,"href":"https:\/\/microscopemedia.com\/index.php?rest_route=\/wp\/v2\/posts\/679115\/revisions"}],"wp:featuredmedia":[{"embeddable":true,"href":"https:\/\/microscopemedia.com\/index.php?rest_route=\/wp\/v2\/media\/679116"}],"wp:attachment":[{"href":"https:\/\/microscopemedia.com\/index.php?rest_route=%2Fwp%2Fv2%2Fmedia&parent=679115"}],"wp:term":[{"taxonomy":"category","embeddable":true,"href":"https:\/\/microscopemedia.com\/index.php?rest_route=%2Fwp%2Fv2%2Fcategories&post=679115"},{"taxonomy":"post_tag","embeddable":true,"href":"https:\/\/microscopemedia.com\/index.php?rest_route=%2Fwp%2Fv2%2Ftags&post=679115"}],"curies":[{"name":"wp","href":"https:\/\/api.w.org\/{rel}","templated":true}]}}