{"id":679119,"date":"2026-02-27T20:26:03","date_gmt":"2026-02-27T20:26:03","guid":{"rendered":"https:\/\/microscopemedia.com\/?p=679119"},"modified":"2026-02-27T20:26:03","modified_gmt":"2026-02-27T20:26:03","slug":"trump-ridica-posibilitatea-unei-preluari-amiabile-a-cubei-in-urma-discutiilor-cu-havana","status":"publish","type":"post","link":"https:\/\/microscopemedia.com\/?p=679119","title":{"rendered":"Trump ridic\u0103 posibilitatea unei \u201eprelu\u0103ri amiabile a Cubei\u201d \u00een urma discu\u021biilor cu Havana"},"content":{"rendered":"<div><img decoding=\"async\" src=\"https:\/\/microscopemedia.com\/wp-content\/uploads\/2026\/02\/trump-ridica-posibilitatea-unei-preluari-amiabile-a-cubei-in-urma-discutiilor-cu-havana.jpg\" class=\"ff-og-image-inserted\"><\/div>\n<p id=\"p-0\">Vorbind reporterilor \u00een fa\u021ba Casei Albe, \u00een timp ce pleca \u00eentr-o c\u0103l\u0103torie \u00een Texas, Trump a spus c\u0103 secretarul de stat Marco Rubio se afl\u0103 \u00een discu\u021bii cu liderii cubanezi \u201ela un nivel foarte \u00eenalt\u201d, scrie AP.<\/p>\n<p id=\"p-1\">\u201eGuvernul cubanez discut\u0103 cu noi\u201d, a spus pre\u0219edintele. \u201eNu au bani. Nu au nimic \u00een acest moment. Dar discut\u0103 cu noi \u0219i poate vom avea o preluare prietenoas\u0103 a Cubei\u201d.<\/p>\n<p id=\"p-2\">El a ad\u0103ugat: \u201eAm putea foarte bine s\u0103 ajungem la o preluare prietenoas\u0103 a Cubei\u201d.<\/p>\n<p id=\"p-3\">Trump nu a clarificat comentariile sale, dar p\u0103rea s\u0103 indice c\u0103 situa\u021bia cu Cuba, o insul\u0103 comunist\u0103 care se num\u0103r\u0103 printre cei mai \u00eenver\u0219una\u021bi adversari ai Washingtonului de zeci de ani, ajungea \u00eentr-un punct critic.<\/p>\n<p id=\"p-4\">Declara\u021biile sale au venit la dou\u0103 zile dup\u0103 ce guvernul cubanez a raportat c\u0103 o barc\u0103 rapid\u0103 \u00eenregistrat\u0103 \u00een Florida, care transporta 10 cubanezi \u00eenarma\u021bi din SUA, a deschis focul asupra solda\u021bilor de pe coasta de nord a insulei.<\/p>\n<p id=\"p-5\">Patru dintre cubanezii \u00eenarma\u021bi au fost uci\u0219i, iar \u0219ase au fost r\u0103ni\u021bi \u00een schimbul de focuri, potrivit guvernului cubanez. Un oficial cubanez a fost, de asemenea, r\u0103nit.<\/p>\n<p id=\"p-6\">Cuba se afl\u0103 \u00een aten\u021bia lui Trump cel pu\u021bin de la \u00eenceputul lunii ianuarie, dup\u0103 ce for\u021bele americane l-au \u00eenl\u0103turat pe unul dintre cei mai apropia\u021bi alia\u021bi ai Havanei, pre\u0219edintele socialist al Venezuelei, Nicol\u00e1s Maduro.<\/p>\n<h2 id=\"chapter-0\">Trump: Economia insulei, suficient de slab\u0103<\/h2>\n<p id=\"p-7\">Trump a sugerat, \u00een urma acelui raid, c\u0103 o ac\u021biune militar\u0103 \u00een Cuba ar putea s\u0103 nu fie necesar\u0103, deoarece economia insulei era suficient de slab\u0103 \u2013 \u00een special \u00een absen\u021ba livr\u0103rilor de petrol din Venezuela, care au \u00eencetat dup\u0103 ce Maduro a fost arestat \u2013 \u00eenc\u00e2t s\u0103 se pr\u0103bu\u0219easc\u0103 \u00een cur\u00e2nd de la sine.<\/p>\n<p id=\"p-8\">\u201eAvem o rela\u021bie de mul\u021bi ani cu Cuba. Aud despre Cuba de c\u00e2nd eram mic. Dar ei au mari probleme\u201d, a declarat el vineri.<\/p>\n<p id=\"p-9\">Apoi, referindu-se la comunitatea de exila\u021bi din insul\u0103 care tr\u0103iesc \u00een SUA, Trump a spus c\u0103 ar putea urma ceva \u201efoarte pozitiv pentru oamenii care au fost expulza\u021bi, sau mai r\u0103u, din Cuba \u0219i tr\u0103iesc aici\u201d. El nu a dat mai multe detalii.<\/p>\n<p id=\"p-10\">SUA men\u021bin un embargo comercial strict asupra Cubei din 1962, anul urm\u0103tor invaziei e\u0219uate a insulei din Golful Porcilor, sponsorizat\u0103 de CIA. Cu toate acestea, Trump a indicat la \u00eenceputul acestei luni c\u0103 sunt \u00een curs discu\u021bii cu oficialii cubanezi.<\/p>\n<p id=\"p-11\">Guvernul cubanez a confirmat la \u00eenceputul acestei s\u0103pt\u0103m\u00e2ni c\u0103 a comunicat cu oficialii americani \u00een urma \u00eempu\u0219c\u0103rii navei americane. Rubio a declarat c\u0103 Departamentul de Securitate Intern\u0103 \u0219i Paza de Coast\u0103 a SUA investigheaz\u0103 ceea ce s-a \u00eent\u00e2mplat.<\/p>\n<h3>Decretul semnat de Trump<\/h3>\n<p id=\"p-12\">Un decret semnat de Trump la sf\u00e2r\u0219itul lunii ianuarie promitea s\u0103 impun\u0103 tarife \u021b\u0103rilor care furnizeaz\u0103 petrol Cubei, amenin\u021b\u00e2nd s\u0103 paralizeze \u0219i mai mult o \u021bar\u0103 deja afectat\u0103 de o criz\u0103 energetic\u0103 tot mai profund\u0103, de\u0219i autorit\u0103\u021bile americane au indicat de atunci c\u0103 petrolul din Venezuela poate fi v\u00e2ndut intereselor cubaneze \u00een anumite cazuri.<\/p>\n<p id=\"p-13\">Carlos Fern\u00e1ndez de Coss\u00edo, viceministrul cubanez de externe, a postat vineri pe re\u021belele de socializare c\u0103 \u201eSUA men\u021bin embargoul asupra combustibilului impus Cubei \u00een vigoare, iar impactul acestuia ca form\u0103 de pedeaps\u0103 colectiv\u0103 este de neclintit\u201d.<\/p>\n<p id=\"p-14\">\u201eNimic din ceea ce s-a anun\u021bat \u00een ultimele zile nu schimb\u0103 aceast\u0103 realitate\u201d, a scris el pe X. \u201ePosibilitatea v\u00e2nz\u0103rilor condi\u021bionate c\u0103tre sectorul privat exista deja \u0219i nu atenueaz\u0103 impactul asupra popula\u021biei cubaneze\u201d.<\/p>\n<p id=\"p-15\">\u00centre timp, peste 40 de organiza\u021bii ale societ\u0103\u021bii civile din SUA au trimis vineri o scrisoare Congresului, cer\u00e2ndu-i s\u0103 \u201epresioneze administra\u021bia Trump s\u0103-\u0219i revizuiasc\u0103 politica agresiv\u0103 fa\u021b\u0103 de Cuba\u201d \u0219i afirm\u00e2nd c\u0103 eforturile de a reduce livr\u0103rile de petrol c\u0103tre insula din Caraibe ar provoca un colaps umanitar.<\/p>\n<p id=\"p-16\">Printre semnatari s-au num\u0103rat Alian\u021ba Bapti\u0219tilor, ActionAid USA \u0219i Biserica Presbiterian\u0103.<\/p>\n<p id=\"p-17\">\u201ePoliticile care impun \u00een mod deliberat foamete \u0219i suferin\u021be masive asupra a milioane de civili constituie o form\u0103 de pedeaps\u0103 colectiv\u0103 \u0219i, ca atare, reprezint\u0103 o \u00eenc\u0103lcare grav\u0103 a dreptului interna\u021bional umanitar\u201d, se arat\u0103 \u00een scrisoare.<\/p>\n","protected":false},"excerpt":{"rendered":"<p>Vorbind reporterilor \u00een fa\u021ba Casei Albe, \u00een timp ce pleca \u00eentr-o c\u0103l\u0103torie \u00een Texas, Trump a spus c\u0103 secretarul de stat Marco Rubio se afl\u0103 \u00een discu\u021bii cu liderii cubanezi &hellip; <a href=\"https:\/\/microscopemedia.com\/?p=679119\" class=\"more-link\">Read More<\/a><\/p>\n","protected":false},"author":1,"featured_media":679120,"comment_status":"closed","ping_status":"closed","sticky":false,"template":"Default","format":"standard","meta":[],"categories":[1],"tags":[],"_links":{"self":[{"href":"https:\/\/microscopemedia.com\/index.php?rest_route=\/wp\/v2\/posts\/679119"}],"collection":[{"href":"https:\/\/microscopemedia.com\/index.php?rest_route=\/wp\/v2\/posts"}],"about":[{"href":"https:\/\/microscopemedia.com\/index.php?rest_route=\/wp\/v2\/types\/post"}],"author":[{"embeddable":true,"href":"https:\/\/microscopemedia.com\/index.php?rest_route=\/wp\/v2\/users\/1"}],"replies":[{"embeddable":true,"href":"https:\/\/microscopemedia.com\/index.php?rest_route=%2Fwp%2Fv2%2Fcomments&post=679119"}],"version-history":[{"count":0,"href":"https:\/\/microscopemedia.com\/index.php?rest_route=\/wp\/v2\/posts\/679119\/revisions"}],"wp:featuredmedia":[{"embeddable":true,"href":"https:\/\/microscopemedia.com\/index.php?rest_route=\/wp\/v2\/media\/679120"}],"wp:attachment":[{"href":"https:\/\/microscopemedia.com\/index.php?rest_route=%2Fwp%2Fv2%2Fmedia&parent=679119"}],"wp:term":[{"taxonomy":"category","embeddable":true,"href":"https:\/\/microscopemedia.com\/index.php?rest_route=%2Fwp%2Fv2%2Fcategories&post=679119"},{"taxonomy":"post_tag","embeddable":true,"href":"https:\/\/microscopemedia.com\/index.php?rest_route=%2Fwp%2Fv2%2Ftags&post=679119"}],"curies":[{"name":"wp","href":"https:\/\/api.w.org\/{rel}","templated":true}]}}