{"id":679143,"date":"2026-02-28T01:36:04","date_gmt":"2026-02-28T01:36:04","guid":{"rendered":"https:\/\/microscopemedia.com\/?p=679143"},"modified":"2026-02-28T01:36:04","modified_gmt":"2026-02-28T01:36:04","slug":"ungaria-comisie-comuna-cu-slovacia-pentru-verificarea-conductei-drujba-orban-zelenski-minte-instalatia-este-functionala","status":"publish","type":"post","link":"https:\/\/microscopemedia.com\/?p=679143","title":{"rendered":"Ungaria, comisie comun\u0103 cu Slovacia pentru verificarea conductei Drujba. Orb\u00e1n: Zelenski minte, instala\u021bia este func\u021bional\u0103"},"content":{"rendered":"<div><img decoding=\"async\" src=\"https:\/\/microscopemedia.com\/wp-content\/uploads\/2026\/02\/ungaria-comisie-comuna-cu-slovacia-pentru-verificarea-conductei-drujba-orban-zelenski-minte-instalatia-este-functionala.jpg\" class=\"ff-og-image-inserted\"><\/div>\n<p id=\"p-0\">Budapesta \u0219i Bratislava acuz\u0103 Ucraina c\u0103 a blocat politic livr\u0103rile de petrol c\u0103tre cele dou\u0103 \u021b\u0103ri.&nbsp;\u201eAm convenit cu prim-ministrul Robert Fico s\u0103 \u00eenfiin\u021b\u0103m o comisie ungaro-slovac\u0103 de investigare pentru a clarifica situa\u021bia conductei Drujba\u201d, a transmis Orb\u00e1n vineri, pe <a href=\"https:\/\/x.com\/i\/status\/2027338983508680950\" target=\"_blank\" rel=\"noopener\">X<\/a>. El a precizat c\u0103 sarcina acestei comisii va fi \u201es\u0103 mearg\u0103 la fa\u021ba locului \u0219i s\u0103 se conving\u0103, cu propriii ochi, de realitate\u201d.<\/p>\n<h2 id=\"chapter-0\">Orb\u00e1n: Zelenski minte \u0219i la Bruxelles<\/h2>\n<p id=\"p-1\">Orb\u00e1n a cerut public ca inspectorii s\u0103 primeasc\u0103 acces \u00een Ucraina. \u201e\u00cei solicit pre\u0219edintelui Zelenski s\u0103 permit\u0103 accesul inspectorilor ungari \u0219i slovaci \u0219i s\u0103 reporneasc\u0103 imediat conducta Drujba\u201d, a scris premierul ungar.<\/p>\n<p id=\"p-2\">El sus\u021bine c\u0103 livr\u0103rile nu au fost reluate din motive politice: \u201e\u0218tim c\u0103 instala\u021bia este opera\u021bional\u0103. \u0218tim c\u0103 livr\u0103rile c\u0103tre Ungaria nu au fost reluate din cauza unei decizii politice a pre\u0219edintelui Zelenski\u201d. Premierul ungar a ad\u0103ugat c\u0103 liderul ucrainean ar ascunde adev\u0103rul inclusiv fa\u021b\u0103 de oficialii de la Bruxelles: \u201eMerge la Bruxelles \u0219i sus\u021bine c\u0103 aceast\u0103 conduct\u0103 nu poate fi repornit\u0103\u201d.<\/p>\n<h2 id=\"chapter-1\">\u201eRefuz\u0103 inspec\u021biile \u0219i ascunde adev\u0103rul\u201d<\/h2>\n<p id=\"p-3\">\u00cen cea mai recent\u0103 reac\u021bie, Orb\u00e1n l-a acuzat direct pe Volodimir Zelenski c\u0103 minte. \u201eS\u0103 fie clar: pre\u0219edintele Zelenski minte. \u0218tim c\u0103 nu exist\u0103 niciun obstacol tehnic pentru care petrolul s\u0103 nu poat\u0103 veni \u00een Ungaria prin conducta Drujba\u201d, a declarat el.<\/p>\n<p id=\"p-4\">Premierul ungar sus\u021bine c\u0103 Ucraina \u201erefuz\u0103 inspec\u021biile \u0219i ascunde adev\u0103rul\u201d \u0219i a avertizat c\u0103 situa\u021bia \u201econtinu\u0103 s\u0103 pun\u0103 \u00een pericol securitatea energetic\u0103 a Ungariei\u201d. \u201eTransporturile de petrol trebuie reluate imediat\u201d, a transmis Orb\u00e1n, subliniind c\u0103 Ungaria \u00ee\u0219i va proteja securitatea energetic\u0103.<\/p>\n","protected":false},"excerpt":{"rendered":"<p>Budapesta \u0219i Bratislava acuz\u0103 Ucraina c\u0103 a blocat politic livr\u0103rile de petrol c\u0103tre cele dou\u0103 \u021b\u0103ri.&nbsp;\u201eAm convenit cu prim-ministrul Robert Fico s\u0103 \u00eenfiin\u021b\u0103m o comisie ungaro-slovac\u0103 de investigare pentru a &hellip; <a href=\"https:\/\/microscopemedia.com\/?p=679143\" class=\"more-link\">Read More<\/a><\/p>\n","protected":false},"author":1,"featured_media":679144,"comment_status":"closed","ping_status":"closed","sticky":false,"template":"Default","format":"standard","meta":[],"categories":[1],"tags":[],"_links":{"self":[{"href":"https:\/\/microscopemedia.com\/index.php?rest_route=\/wp\/v2\/posts\/679143"}],"collection":[{"href":"https:\/\/microscopemedia.com\/index.php?rest_route=\/wp\/v2\/posts"}],"about":[{"href":"https:\/\/microscopemedia.com\/index.php?rest_route=\/wp\/v2\/types\/post"}],"author":[{"embeddable":true,"href":"https:\/\/microscopemedia.com\/index.php?rest_route=\/wp\/v2\/users\/1"}],"replies":[{"embeddable":true,"href":"https:\/\/microscopemedia.com\/index.php?rest_route=%2Fwp%2Fv2%2Fcomments&post=679143"}],"version-history":[{"count":0,"href":"https:\/\/microscopemedia.com\/index.php?rest_route=\/wp\/v2\/posts\/679143\/revisions"}],"wp:featuredmedia":[{"embeddable":true,"href":"https:\/\/microscopemedia.com\/index.php?rest_route=\/wp\/v2\/media\/679144"}],"wp:attachment":[{"href":"https:\/\/microscopemedia.com\/index.php?rest_route=%2Fwp%2Fv2%2Fmedia&parent=679143"}],"wp:term":[{"taxonomy":"category","embeddable":true,"href":"https:\/\/microscopemedia.com\/index.php?rest_route=%2Fwp%2Fv2%2Fcategories&post=679143"},{"taxonomy":"post_tag","embeddable":true,"href":"https:\/\/microscopemedia.com\/index.php?rest_route=%2Fwp%2Fv2%2Ftags&post=679143"}],"curies":[{"name":"wp","href":"https:\/\/api.w.org\/{rel}","templated":true}]}}