{"id":679145,"date":"2026-02-28T02:16:04","date_gmt":"2026-02-28T02:16:04","guid":{"rendered":"https:\/\/microscopemedia.com\/?p=679145"},"modified":"2026-02-28T02:16:04","modified_gmt":"2026-02-28T02:16:04","slug":"eurostat-romania-depaseste-media-ue-la-capitolul-discriminare","status":"publish","type":"post","link":"https:\/\/microscopemedia.com\/?p=679145","title":{"rendered":"Eurostat: Rom\u00e2nia dep\u0103\u0219e\u0219te media UE la capitolul discriminare"},"content":{"rendered":"<div><img decoding=\"async\" src=\"https:\/\/microscopemedia.com\/wp-content\/uploads\/2026\/02\/eurostat-romania-depaseste-media-ue-la-capitolul-discriminare.jpg\" class=\"ff-og-image-inserted\"><\/div>\n<p id=\"p-0\">Cifrele indic\u0103 o diferen\u021b\u0103 clar\u0103 \u00eentre persoanele n\u0103scute \u00een str\u0103in\u0103tate \u0219i cele n\u0103scute \u00een \u021bar\u0103 \u00een privin\u021ba experien\u021belor de discriminare.<\/p>\n<p id=\"p-1\">Concret, aproximativ 10,5% dintre persoanele n\u0103scute \u00een str\u0103in\u0103tate \u0219i care tr\u0103iesc \u00een Rom\u00e2nia spun c\u0103, \u00een ultimul an, s-au sim\u021bit tratate incorect \u00een locuri precum cafenele, magazine sau baze sportive. Prin compara\u021bie, la nivelul Uniunii Europene procentul este de 7,8%.<\/p>\n<h2 id=\"chapter-0\">Raport de trei la unu<\/h2>\n<p id=\"p-2\">\u00cen cazul persoanelor n\u0103scute \u00een Rom\u00e2nia, procentul este de aproximativ 3,5%, apropiat de media european\u0103 de 2,8%. Cu alte cuvinte, \u00een Rom\u00e2nia, cei veni\u021bi din alte \u021b\u0103ri declar\u0103 astfel de experien\u021be de aproape trei ori mai des dec\u00e2t cei n\u0103scu\u021bi aici.<\/p>\n<p id=\"p-3\"><a href=\"https:\/\/ec.europa.eu\/eurostat\/web\/products-eurostat-news\/w\/edn-20260227-1\" target=\"_blank\" rel=\"noopener\">Eurostat<\/a> precizeaz\u0103 c\u0103 este vorba despre \u201ediscriminare perceput\u0103\u201d, adic\u0103 experien\u021be declarate de responden\u021bi \u00een sondaje. Institu\u021bia explic\u0103 faptul c\u0103 \u201epercep\u021biile subiective ale discrimin\u0103rii pot fi influen\u021bate de diver\u0219i factori, precum nivelul de con\u0219tientizare, a\u0219tept\u0103rile, contextul juridic sau gradul de acceptare social\u0103\u201d, ceea ce \u00eenseamn\u0103 c\u0103 datele reflect\u0103 modul \u00een care oamenii se simt trata\u021bi, nu neap\u0103rat cazuri juridice dovedite.<\/p>\n<p id=\"p-4\">\u00cen cazul indicatorului privind discriminarea perceput\u0103, datele provin din anchete sociale europene, de tip sondaj, unde responden\u021bii sunt \u00eentreba\u021bi dac\u0103, \u00een ultimele 12 luni, s-au sim\u021bit discrimina\u021bi \u00een anumite situa\u021bii.<\/p>\n<h2 id=\"chapter-1\">Locuin\u021ba, cea mai mare problem\u0103<\/h2>\n<p id=\"p-5\">La nivel european, cea mai mare problem\u0103 este semnalat\u0103 \u00een cazul accesului la locuin\u021b\u0103: 12,5% dintre persoanele n\u0103scute \u00een str\u0103in\u0103tate spun c\u0103 s-au sim\u021bit discriminate c\u00e2nd au c\u0103utat o cas\u0103, fa\u021b\u0103 de doar 4,3% dintre persoanele n\u0103scute \u00een \u021bara de re\u0219edin\u021b\u0103.<\/p>\n<p id=\"p-6\">\u00cen rela\u021bia cu serviciile publice, diferen\u021ba este de asemenea vizibil\u0103: 9,7% vs 4,5%.<\/p>\n<h2 id=\"chapter-2\">Extremele Europei<\/h2>\n<p id=\"p-7\">Dac\u0103 ne uit\u0103m la clasament, Rom\u00e2nia nu este nici \u00een frunte, nici la coad\u0103. Cele mai mari procente ale persoanelor n\u0103scute \u00een str\u0103in\u0103tate care spun c\u0103 s-au sim\u021bit ratate incorect \u00een spa\u021bii publice se \u00eenregistreaz\u0103 \u00een \u021a\u0103rile de Jos (16,2%), Austria (13,9%), Danemarca (13,1%) \u0219i Finlanda (13,1%).<\/p>\n<p id=\"p-8\">La polul opus, diferen\u021bele dintre cei n\u0103scu\u021bi \u00een str\u0103in\u0103tate \u0219i cei n\u0103scu\u021bi \u00een \u021bar\u0103 sunt aproape inexistente \u00een Croa\u021bia (0,8% fa\u021b\u0103 de 0,7%) \u0219i Estonia (6,7% fa\u021b\u0103 de 6,4%).<\/p>\n<h2 id=\"chapter-3\">Rom\u00e2nia vs. vecinii<\/h2>\n<p id=\"p-9\">Privind la \u021b\u0103rile din jur, diferen\u021bele devin \u0219i mai clare. \u00cen Ungaria, doar aproximativ 2% dintre persoanele n\u0103scute \u00een str\u0103in\u0103tate spun c\u0103 s-au sim\u021bit tratate incorect \u00een spa\u021biile publice. \u00cen Grecia procentul este de 3,2%, iar \u00een Italia de 3,6% \u2013 mult sub nivelul raportat \u00een Rom\u00e2nia. \u021aara noastr\u0103 este mai apropiat\u0103 de Bulgaria, unde procentul celor care spun c\u0103 au avut astfel de experien\u021be ajunge la aproximativ 8-9%.<\/p>\n<p id=\"p-10\">Dincolo de cifre, raportul Eurostat constat\u0103 c\u0103 \u00een majoritatea statelor europene, oamenii n\u0103scu\u021bi \u00eentr-o alt\u0103 \u021bar\u0103 spun mai des c\u0103 s-au sim\u021bit trata\u021bi incorect \u00een spa\u021biul public. Situ\u00e2ndu-se peste media european\u0103 la acest capitol, Rom\u00e2nia nu face excep\u021bie.<\/p>\n","protected":false},"excerpt":{"rendered":"<p>Cifrele indic\u0103 o diferen\u021b\u0103 clar\u0103 \u00eentre persoanele n\u0103scute \u00een str\u0103in\u0103tate \u0219i cele n\u0103scute \u00een \u021bar\u0103 \u00een privin\u021ba experien\u021belor de discriminare. Concret, aproximativ 10,5% dintre persoanele n\u0103scute \u00een str\u0103in\u0103tate \u0219i care &hellip; <a href=\"https:\/\/microscopemedia.com\/?p=679145\" class=\"more-link\">Read More<\/a><\/p>\n","protected":false},"author":1,"featured_media":679146,"comment_status":"closed","ping_status":"closed","sticky":false,"template":"Default","format":"standard","meta":[],"categories":[1],"tags":[],"_links":{"self":[{"href":"https:\/\/microscopemedia.com\/index.php?rest_route=\/wp\/v2\/posts\/679145"}],"collection":[{"href":"https:\/\/microscopemedia.com\/index.php?rest_route=\/wp\/v2\/posts"}],"about":[{"href":"https:\/\/microscopemedia.com\/index.php?rest_route=\/wp\/v2\/types\/post"}],"author":[{"embeddable":true,"href":"https:\/\/microscopemedia.com\/index.php?rest_route=\/wp\/v2\/users\/1"}],"replies":[{"embeddable":true,"href":"https:\/\/microscopemedia.com\/index.php?rest_route=%2Fwp%2Fv2%2Fcomments&post=679145"}],"version-history":[{"count":0,"href":"https:\/\/microscopemedia.com\/index.php?rest_route=\/wp\/v2\/posts\/679145\/revisions"}],"wp:featuredmedia":[{"embeddable":true,"href":"https:\/\/microscopemedia.com\/index.php?rest_route=\/wp\/v2\/media\/679146"}],"wp:attachment":[{"href":"https:\/\/microscopemedia.com\/index.php?rest_route=%2Fwp%2Fv2%2Fmedia&parent=679145"}],"wp:term":[{"taxonomy":"category","embeddable":true,"href":"https:\/\/microscopemedia.com\/index.php?rest_route=%2Fwp%2Fv2%2Fcategories&post=679145"},{"taxonomy":"post_tag","embeddable":true,"href":"https:\/\/microscopemedia.com\/index.php?rest_route=%2Fwp%2Fv2%2Ftags&post=679145"}],"curies":[{"name":"wp","href":"https:\/\/api.w.org\/{rel}","templated":true}]}}