{"id":679173,"date":"2026-02-28T07:26:04","date_gmt":"2026-02-28T07:26:04","guid":{"rendered":"https:\/\/microscopemedia.com\/?p=679173"},"modified":"2026-02-28T07:26:04","modified_gmt":"2026-02-28T07:26:04","slug":"pakistan-ataca-jalalabad-in-afganistan-un-avion-pakistanez-doborat-si-pilotul-capturat","status":"publish","type":"post","link":"https:\/\/microscopemedia.com\/?p=679173","title":{"rendered":"Pakistan atac\u0103 Jalalabad, \u00een Afganistan; un avion pakistanez dobor\u00e2t \u0219i pilotul capturat"},"content":{"rendered":"<div><img decoding=\"async\" src=\"https:\/\/microscopemedia.com\/wp-content\/uploads\/2026\/02\/pakistan-ataca-jalalabad-in-afganistan-un-avion-pakistanez-doborat-si-pilotul-capturat.png\" class=\"ff-og-image-inserted\"><\/div>\n<p id=\"p-0\">La scurt timp, un avion de lupt\u0103 pakistanez s-a pr\u0103bu\u0219it, iar pilotul a fost capturat \u00een via\u021b\u0103, au anun\u021bat autorit\u0103\u021bile afgane, potrivit AFP.<\/p>\n<p id=\"p-1\">Martorii au relatat c\u0103 pilotul s-a catapultat \u00eenainte de a fi re\u021binut.<\/p>\n<p id=\"p-2\">De la \u00eenceputul opera\u021biunii, Islamabadul a declarat c\u0103 37 de loca\u021bii din Afganistan au fost vizate de atacuri aeriene.<\/p>\n<p id=\"p-3\">Pe plan interna\u021bional, Iran s-a oferit s\u0103 faciliteze dialogul \u00eentre cele dou\u0103 state vecine.<\/p>\n<p id=\"p-4\">\u0218efa diploma\u021biei europene, Kaja Kallas, a cerut dezescaladarea conflictului \u0219i reluarea negocierilor.<\/p>\n<p id=\"p-5\">De asemenea, Departamentul de Stat al SUA a reiterat sprijinul pentru \u201edreptul Pakistanului de a se ap\u0103ra\u201d \u00eempotriva atacurilor talibanilor afgani.<\/p>\n<p id=\"p-6\"><a href=\"https:\/\/www.mediafax.ro\/externe\/pakistanul-declara-razboi-deschis-cu-afganistanul-dupa-lovituri-reciproce-iata-cum-s-a-ajuns-la-razboi-23693839\" target=\"_blank\" rel=\"noopener\">Escaladarea<\/a> survine dup\u0103 luni de tensiuni \u0219i ciocniri sporadice de-a lungul frontierei de aproximativ 2.600 km, \u00een contextul acuza\u021biilor Islamabadului c\u0103 Kabul ad\u0103poste\u0219te militan\u021bi ai grup\u0103rii Tehreek-e-Taliban Pakistan (TTP), acuza\u021bie respins\u0103 de talibani.<\/p>\n<p id=\"p-7\">Ultima intensificare major\u0103 a violen\u021belor a \u00eenceput joi seara. Talibanii au declan\u0219at o ofensiv\u0103 \u00eempotriva unor posturi militare pakistaneze, ca r\u0103spuns la lovituri aeriene anterioare, soldate cu cel pu\u021bin 13 civili uci\u0219i, conform ONU.<\/p>\n<p id=\"p-8\">\u00cen trecut, episodul similar din octombrie 2025 a fost urmat de tentative diplomatice mediate de Turcia \u0219i Qatar, \u00eens\u0103 negocierile nu au dus la un acord durabil.<\/p>\n<p id=\"p-9\">Talibanii sus\u021bin c\u0103 teritoriul lor nu este folosit pentru a amenin\u021ba alte state, \u00een timp ce Pakistanul afirm\u0103 c\u0103 vizeaz\u0103 exclusiv infrastructura militan\u021bilor.<\/p>\n","protected":false},"excerpt":{"rendered":"<p>La scurt timp, un avion de lupt\u0103 pakistanez s-a pr\u0103bu\u0219it, iar pilotul a fost capturat \u00een via\u021b\u0103, au anun\u021bat autorit\u0103\u021bile afgane, potrivit AFP. Martorii au relatat c\u0103 pilotul s-a catapultat &hellip; <a href=\"https:\/\/microscopemedia.com\/?p=679173\" class=\"more-link\">Read More<\/a><\/p>\n","protected":false},"author":1,"featured_media":679174,"comment_status":"closed","ping_status":"closed","sticky":false,"template":"Default","format":"standard","meta":[],"categories":[1],"tags":[],"_links":{"self":[{"href":"https:\/\/microscopemedia.com\/index.php?rest_route=\/wp\/v2\/posts\/679173"}],"collection":[{"href":"https:\/\/microscopemedia.com\/index.php?rest_route=\/wp\/v2\/posts"}],"about":[{"href":"https:\/\/microscopemedia.com\/index.php?rest_route=\/wp\/v2\/types\/post"}],"author":[{"embeddable":true,"href":"https:\/\/microscopemedia.com\/index.php?rest_route=\/wp\/v2\/users\/1"}],"replies":[{"embeddable":true,"href":"https:\/\/microscopemedia.com\/index.php?rest_route=%2Fwp%2Fv2%2Fcomments&post=679173"}],"version-history":[{"count":0,"href":"https:\/\/microscopemedia.com\/index.php?rest_route=\/wp\/v2\/posts\/679173\/revisions"}],"wp:featuredmedia":[{"embeddable":true,"href":"https:\/\/microscopemedia.com\/index.php?rest_route=\/wp\/v2\/media\/679174"}],"wp:attachment":[{"href":"https:\/\/microscopemedia.com\/index.php?rest_route=%2Fwp%2Fv2%2Fmedia&parent=679173"}],"wp:term":[{"taxonomy":"category","embeddable":true,"href":"https:\/\/microscopemedia.com\/index.php?rest_route=%2Fwp%2Fv2%2Fcategories&post=679173"},{"taxonomy":"post_tag","embeddable":true,"href":"https:\/\/microscopemedia.com\/index.php?rest_route=%2Fwp%2Fv2%2Ftags&post=679173"}],"curies":[{"name":"wp","href":"https:\/\/api.w.org\/{rel}","templated":true}]}}