{"id":679179,"date":"2026-02-28T08:17:03","date_gmt":"2026-02-28T08:17:03","guid":{"rendered":"https:\/\/microscopemedia.com\/?p=679179"},"modified":"2026-02-28T08:17:03","modified_gmt":"2026-02-28T08:17:03","slug":"cod-galben-si-cod-portocaliu-de-inundatii-pe-rauri-din-bazinele-calmatui-si-arges","status":"publish","type":"post","link":"https:\/\/microscopemedia.com\/?p=679179","title":{"rendered":"Cod galben \u0219i cod portocaliu de inunda\u021bii pe r\u00e2uri din bazinele C\u0103lm\u0103\u021bui \u0219i Arge\u0219"},"content":{"rendered":"<p id=\"p-0\">Sunt prognozate scurgeri importante pe versan\u021bi, toren\u021bi \u0219i p\u00e2raie, cu risc de inunda\u021bii locale, precum \u0219i cre\u0219teri de debite \u0219i niveluri pe unele r\u00e2uri, exist\u00e2nd posibilitatea dep\u0103\u0219irii cotelor de ap\u0103rare.<\/p>\n<p id=\"p-1\">Potrivit speciali\u0219tilor, fenomenele sunt generate de situa\u021bia hidrometeorologic\u0103 actual\u0103, de prognoza pentru urm\u0103toarele 48 de ore, de propagarea viiturilor formate anterior \u00een amonte \u0219i de cedarea apei din stratul de z\u0103pad\u0103.<\/p>\n<p id=\"p-2\">\u00cen perioada 28 februarie 2026, ora 10:00 \u2013 2 martie 2026, ora 06:00, este instituit cod galben pe r\u00e2urile din urm\u0103toarele bazine hidrografice:<\/p>\n<p id=\"p-3\">C\u0103lm\u0103\u021bui (jude\u021bele Olt \u0219i Teleorman;<\/p>\n<p id=\"p-4\">Neajlov \u2013 sector aval de confluen\u021ba cu r\u00e2ul D\u00e2mbovnic (jude\u021bele Giurgiu, Arge\u0219, D\u00e2mbovi\u021ba \u0219i Teleorman)<\/p>\n<p id=\"p-5\">Sabar \u2013 sector aval de confluen\u021ba cu r\u00e2ul Potop (jude\u021bele D\u00e2mbovi\u021ba, Giurgiu \u0219i Ilfov)<\/p>\n<h2 id=\"chapter-0\">&nbsp;<img loading=\"lazy\" fetchpriority=\"high\" decoding=\"async\" class=\"alignnone  wp-image-23694395\" src=\"https:\/\/microscopemedia.com\/wp-content\/uploads\/2026\/02\/cod-galben-si-cod-portocaliu-de-inundatii-pe-rauri-din-bazinele-calmatui-si-arges.png\" alt width=\"498\" height=\"348\" srcset=\"https:\/\/microscopemedia.com\/wp-content\/uploads\/2026\/02\/cod-galben-si-cod-portocaliu-de-inundatii-pe-rauri-din-bazinele-calmatui-si-arges.png 300w, https:\/\/www.mediafax.ro\/wp-content\/uploads\/2026\/02\/captura.png 730w\" sizes=\"(max-width: 498px) 100vw, 498px\"><\/h2>\n<h2 id=\"chapter-1\">Cod portocaliu<\/h2>\n<p id=\"p-6\">\u00cen intervalul 28 februarie 2026, ora 10:00 \u2013 1 martie 2026, ora 12:00, este \u00een vigoare cod portocaliu pe:<\/p>\n<p id=\"p-7\">Neajlov \u2013 sector aval de confluen\u021ba cu r\u00e2ul D\u00e2mbovnic (jude\u021bele Giurgiu, Arge\u0219, D\u00e2mbovi\u021ba \u0219i Teleorman)<\/p>\n<p id=\"p-8\">Sabar \u2013 sector aval de confluen\u021ba cu r\u00e2ul \u0218u\u021ba p\u00e2n\u0103 \u00een amonte de S.H. Vidra (jude\u021bele D\u00e2mbovi\u021ba, Giurgiu \u0219i Ilfov)<\/p>\n<p id=\"p-9\">Hidrologii avertizeaz\u0103 c\u0103 fenomenele periculoase se pot manifesta \u0219i pe afluen\u021bi de grad inferior ai r\u00e2urilor vizate, precum \u0219i pe cursuri de ap\u0103 necadastrate din bazinele men\u021bionate.<\/p>\n<p id=\"p-10\">Autorit\u0103\u021bile recomand\u0103 urm\u0103rirea atent\u0103 a evolu\u021biei situa\u021biei hidrometeorologice \u0219i aplicarea m\u0103surilor prev\u0103zute \u00een regulamentul privind gestionarea situa\u021biilor de urgen\u021b\u0103 generate de fenomene hidrometeorologice periculoase, care pot conduce la inunda\u021bii, secet\u0103 hidrologic\u0103, incidente la construc\u021bii hidrotehnice sau polu\u0103ri accidentale ale cursurilor de ap\u0103.<\/p>\n","protected":false},"excerpt":{"rendered":"<p>Sunt prognozate scurgeri importante pe versan\u021bi, toren\u021bi \u0219i p\u00e2raie, cu risc de inunda\u021bii locale, precum \u0219i cre\u0219teri de debite \u0219i niveluri pe unele r\u00e2uri, exist\u00e2nd posibilitatea dep\u0103\u0219irii cotelor de ap\u0103rare. &hellip; <a href=\"https:\/\/microscopemedia.com\/?p=679179\" class=\"more-link\">Read More<\/a><\/p>\n","protected":false},"author":1,"featured_media":679180,"comment_status":"closed","ping_status":"closed","sticky":false,"template":"Default","format":"standard","meta":[],"categories":[1],"tags":[],"_links":{"self":[{"href":"https:\/\/microscopemedia.com\/index.php?rest_route=\/wp\/v2\/posts\/679179"}],"collection":[{"href":"https:\/\/microscopemedia.com\/index.php?rest_route=\/wp\/v2\/posts"}],"about":[{"href":"https:\/\/microscopemedia.com\/index.php?rest_route=\/wp\/v2\/types\/post"}],"author":[{"embeddable":true,"href":"https:\/\/microscopemedia.com\/index.php?rest_route=\/wp\/v2\/users\/1"}],"replies":[{"embeddable":true,"href":"https:\/\/microscopemedia.com\/index.php?rest_route=%2Fwp%2Fv2%2Fcomments&post=679179"}],"version-history":[{"count":0,"href":"https:\/\/microscopemedia.com\/index.php?rest_route=\/wp\/v2\/posts\/679179\/revisions"}],"wp:featuredmedia":[{"embeddable":true,"href":"https:\/\/microscopemedia.com\/index.php?rest_route=\/wp\/v2\/media\/679180"}],"wp:attachment":[{"href":"https:\/\/microscopemedia.com\/index.php?rest_route=%2Fwp%2Fv2%2Fmedia&parent=679179"}],"wp:term":[{"taxonomy":"category","embeddable":true,"href":"https:\/\/microscopemedia.com\/index.php?rest_route=%2Fwp%2Fv2%2Fcategories&post=679179"},{"taxonomy":"post_tag","embeddable":true,"href":"https:\/\/microscopemedia.com\/index.php?rest_route=%2Fwp%2Fv2%2Ftags&post=679179"}],"curies":[{"name":"wp","href":"https:\/\/api.w.org\/{rel}","templated":true}]}}