{"id":679193,"date":"2026-02-28T09:56:03","date_gmt":"2026-02-28T09:56:03","guid":{"rendered":"https:\/\/microscopemedia.com\/?p=679193"},"modified":"2026-02-28T09:56:03","modified_gmt":"2026-02-28T09:56:03","slug":"iran-fortele-armate-sunt-pe-deplin-pregatite-sa-faca-agresorii-sa-regrete-actiunile-lor","status":"publish","type":"post","link":"https:\/\/microscopemedia.com\/?p=679193","title":{"rendered":"Iran: For\u021bele armate sunt \u201epe deplin preg\u0103tite\u201d s\u0103 fac\u0103 agresorii s\u0103 regrete ac\u021biunile lor"},"content":{"rendered":"<div><img decoding=\"async\" src=\"https:\/\/microscopemedia.com\/wp-content\/uploads\/2026\/02\/iran-fortele-armate-sunt-pe-deplin-pregatite-sa-faca-agresorii-sa-regrete-actiunile-lor.png\" class=\"ff-og-image-inserted\"><\/div>\n<p id=\"p-0\">\u201eNoua agresiune militar\u0103 a Statelor Unite \u0219i a regimului sionist \u00eempotriva Iranului reprezint\u0103 o \u00eenc\u0103lcare a dreptului interna\u021bional \u0219i a principiilor Cartei Na\u021biunilor Unite. Republica Islamic\u0103 consider\u0103 aceast\u0103 agresiune o violare clar\u0103 a p\u0103cii \u0219i securit\u0103\u021bii interna\u021bionale \u0219i subliniaz\u0103 c\u0103 \u00ee\u0219i rezerv\u0103 dreptul legitim de a r\u0103spunde decisiv\u201d, se arat\u0103 \u00eentr-un comunicat oficial, citat de Al Jazeera.<\/p>\n<p id=\"p-1\">Ministerul a mai subliniat c\u0103 poporul iranian a demonstrat \u00eentotdeauna r\u0103bdare \u0219i re\u021binere pentru a preveni escaladarea \u0219i pentru a men\u021bine stabilitatea regional\u0103.<\/p>\n<p id=\"p-2\">De asemenea, a ad\u0103ugat c\u0103 for\u021bele armate sunt \u201epe deplin preg\u0103tite s\u0103 apere \u021bara \u0219i vor face agresorii s\u0103 regrete ac\u021biunile lor\u201d.<\/p>\n<p id=\"p-3\">Atacurile SUA \u0219i Israel au fost descrise drept \u201eun exemplu clar de agresiune armat\u0103\u201d, comunicatul invoc\u00e2nd Articolul 51 al Cartei ONU privind dreptul la autoap\u0103rare.<\/p>\n<p id=\"p-4\">\u201eIstoria arat\u0103 c\u0103 iranienii nu au cedat niciodat\u0103 \u00een fa\u021ba agresiunii. \u0218i de aceast\u0103 dat\u0103, r\u0103spunsul Iranului va fi decisiv, iar agresorii vor regreta ac\u021biunile ostile\u201d, se mai arat\u0103 \u00een comunicat.<\/p>\n","protected":false},"excerpt":{"rendered":"<p>\u201eNoua agresiune militar\u0103 a Statelor Unite \u0219i a regimului sionist \u00eempotriva Iranului reprezint\u0103 o \u00eenc\u0103lcare a dreptului interna\u021bional \u0219i a principiilor Cartei Na\u021biunilor Unite. Republica Islamic\u0103 consider\u0103 aceast\u0103 agresiune o &hellip; <a href=\"https:\/\/microscopemedia.com\/?p=679193\" class=\"more-link\">Read More<\/a><\/p>\n","protected":false},"author":1,"featured_media":679194,"comment_status":"closed","ping_status":"closed","sticky":false,"template":"Default","format":"standard","meta":[],"categories":[1],"tags":[],"_links":{"self":[{"href":"https:\/\/microscopemedia.com\/index.php?rest_route=\/wp\/v2\/posts\/679193"}],"collection":[{"href":"https:\/\/microscopemedia.com\/index.php?rest_route=\/wp\/v2\/posts"}],"about":[{"href":"https:\/\/microscopemedia.com\/index.php?rest_route=\/wp\/v2\/types\/post"}],"author":[{"embeddable":true,"href":"https:\/\/microscopemedia.com\/index.php?rest_route=\/wp\/v2\/users\/1"}],"replies":[{"embeddable":true,"href":"https:\/\/microscopemedia.com\/index.php?rest_route=%2Fwp%2Fv2%2Fcomments&post=679193"}],"version-history":[{"count":0,"href":"https:\/\/microscopemedia.com\/index.php?rest_route=\/wp\/v2\/posts\/679193\/revisions"}],"wp:featuredmedia":[{"embeddable":true,"href":"https:\/\/microscopemedia.com\/index.php?rest_route=\/wp\/v2\/media\/679194"}],"wp:attachment":[{"href":"https:\/\/microscopemedia.com\/index.php?rest_route=%2Fwp%2Fv2%2Fmedia&parent=679193"}],"wp:term":[{"taxonomy":"category","embeddable":true,"href":"https:\/\/microscopemedia.com\/index.php?rest_route=%2Fwp%2Fv2%2Fcategories&post=679193"},{"taxonomy":"post_tag","embeddable":true,"href":"https:\/\/microscopemedia.com\/index.php?rest_route=%2Fwp%2Fv2%2Ftags&post=679193"}],"curies":[{"name":"wp","href":"https:\/\/api.w.org\/{rel}","templated":true}]}}