{"id":679195,"date":"2026-02-28T10:06:04","date_gmt":"2026-02-28T10:06:04","guid":{"rendered":"https:\/\/microscopemedia.com\/?p=679195"},"modified":"2026-02-28T10:06:04","modified_gmt":"2026-02-28T10:06:04","slug":"ce-face-romania-dupa-ce-sua-si-israel-au-atacat-iranul-primele-masuri-ale-lui-nicusor-dan","status":"publish","type":"post","link":"https:\/\/microscopemedia.com\/?p=679195","title":{"rendered":"Ce face Rom\u00e2nia dup\u0103 ce SUA \u0219i Israel au atacat Iranul. Primele m\u0103suri ale lui Nicu\u0219or Dan"},"content":{"rendered":"<div><img decoding=\"async\" src=\"https:\/\/microscopemedia.com\/wp-content\/uploads\/2026\/02\/ce-face-romania-dupa-ce-sua-si-israel-au-atacat-iranul-primele-masuri-ale-lui-nicusor-dan.png\" class=\"ff-og-image-inserted\"><\/div>\n<p id=\"p-0\">Consilierul preziden\u021bial Marius Lazurc\u0103 a transmis c\u0103 \u201e\u0219efa Misiunii, ambasadoarea Mirela Grecu, \u0219i \u00eentregul personal al Ambasadei sunt \u00een siguran\u021b\u0103 \u0219i informeaz\u0103 constant asupra evenimentelor \u00een desf\u0103\u0219urare\u201d.<\/p>\n<p id=\"p-1\">Lazurc\u0103 a precizat c\u0103 este \u00een contact nemijlocit \u0219i cu ambasadorul Radu Ioanid \u0219i cu echipa Ambasadei Rom\u00e2niei la Tel Aviv.<\/p>\n<p id=\"p-2\"><strong>Potrivit consilierului preziden\u021bial, i-a fost comunicat pre\u0219edintelui c\u0103:<\/strong><\/p>\n<p id=\"p-3\">\u2013 \u00een ciuda disfunc\u021bionalit\u0103\u021bii re\u021belelor locale, se men\u021bine contactul cu Ambasada din Teheran<\/p>\n<p id=\"p-4\">\u2013 ambasadorul Grecu este \u00een contact cu o bun\u0103 parte dintre cet\u0103\u021benii rom\u00e2ni reziden\u021bi \u00een Iran<\/p>\n<p id=\"p-5\">\u2013 Ambasada nu a primit p\u00e2n\u0103 \u00een prezent solicit\u0103ri de asisten\u021b\u0103 consular\u0103 din partea vreunui cet\u0103\u021bean rom\u00e2n<\/p>\n<p id=\"p-6\">\u2013 Misiunea monitorizeaz\u0103 dinamica evenimentelor \u0219i situa\u021bia social\u0103 din Teheran \u0219i principalele ora\u0219e<\/p>\n","protected":false},"excerpt":{"rendered":"<p>Consilierul preziden\u021bial Marius Lazurc\u0103 a transmis c\u0103 \u201e\u0219efa Misiunii, ambasadoarea Mirela Grecu, \u0219i \u00eentregul personal al Ambasadei sunt \u00een siguran\u021b\u0103 \u0219i informeaz\u0103 constant asupra evenimentelor \u00een desf\u0103\u0219urare\u201d. Lazurc\u0103 a precizat &hellip; <a href=\"https:\/\/microscopemedia.com\/?p=679195\" class=\"more-link\">Read More<\/a><\/p>\n","protected":false},"author":1,"featured_media":679196,"comment_status":"closed","ping_status":"closed","sticky":false,"template":"Default","format":"standard","meta":[],"categories":[1],"tags":[],"_links":{"self":[{"href":"https:\/\/microscopemedia.com\/index.php?rest_route=\/wp\/v2\/posts\/679195"}],"collection":[{"href":"https:\/\/microscopemedia.com\/index.php?rest_route=\/wp\/v2\/posts"}],"about":[{"href":"https:\/\/microscopemedia.com\/index.php?rest_route=\/wp\/v2\/types\/post"}],"author":[{"embeddable":true,"href":"https:\/\/microscopemedia.com\/index.php?rest_route=\/wp\/v2\/users\/1"}],"replies":[{"embeddable":true,"href":"https:\/\/microscopemedia.com\/index.php?rest_route=%2Fwp%2Fv2%2Fcomments&post=679195"}],"version-history":[{"count":0,"href":"https:\/\/microscopemedia.com\/index.php?rest_route=\/wp\/v2\/posts\/679195\/revisions"}],"wp:featuredmedia":[{"embeddable":true,"href":"https:\/\/microscopemedia.com\/index.php?rest_route=\/wp\/v2\/media\/679196"}],"wp:attachment":[{"href":"https:\/\/microscopemedia.com\/index.php?rest_route=%2Fwp%2Fv2%2Fmedia&parent=679195"}],"wp:term":[{"taxonomy":"category","embeddable":true,"href":"https:\/\/microscopemedia.com\/index.php?rest_route=%2Fwp%2Fv2%2Fcategories&post=679195"},{"taxonomy":"post_tag","embeddable":true,"href":"https:\/\/microscopemedia.com\/index.php?rest_route=%2Fwp%2Fv2%2Ftags&post=679195"}],"curies":[{"name":"wp","href":"https:\/\/api.w.org\/{rel}","templated":true}]}}