{"id":679197,"date":"2026-02-28T10:26:03","date_gmt":"2026-02-28T10:26:03","guid":{"rendered":"https:\/\/microscopemedia.com\/?p=679197"},"modified":"2026-02-28T10:26:03","modified_gmt":"2026-02-28T10:26:03","slug":"ue-kaja-kallas-avertizeaza-ca-situatia-din-orientul-mijlociu-este-periculoasa-si-cere-protejarea-civililor","status":"publish","type":"post","link":"https:\/\/microscopemedia.com\/?p=679197","title":{"rendered":"UE: Kaja Kallas avertizeaz\u0103 c\u0103 situa\u021bia din Orientul Mijlociu este \u201epericuloas\u0103\u201d \u0219i cere protejarea civililor"},"content":{"rendered":"<div><img decoding=\"async\" src=\"https:\/\/microscopemedia.com\/wp-content\/uploads\/2026\/02\/ue-kaja-kallas-avertizeaza-ca-situatia-din-orientul-mijlociu-este-periculoasa-si-cere-protejarea-civililor.jpg\" class=\"ff-og-image-inserted\"><\/div>\n<p id=\"p-0\">\u201eRegimul iranian a ucis mii de oameni. Programele sale de rachete balistice \u0219i nucleare, \u00eempreun\u0103 cu sprijinul pentru grup\u0103ri teroriste, reprezint\u0103 o amenin\u021bare serioas\u0103 la adresa securit\u0103\u021bii globale\u201d, a scris Kaja Kallas, \u00eentr-un mesaj publicat pe <a href=\"https:\/\/x.com\/kajakallas\/status\/2027683279789252990\" target=\"_blank\" rel=\"noopener\">platforma<\/a> X.<\/p>\n<p id=\"p-1\">Ea a subliniat c\u0103 Uniunea European\u0103 a adoptat sanc\u021biuni ferme \u00eempotriva Iranului \u0219i a sus\u021binut solu\u021bii diplomatice, inclusiv \u00een dosarul nuclear.<\/p>\n<p id=\"p-2\">Oficialul european a precizat c\u0103 a discutat cu ministrul israelian de Externe, Gideon Saar, precum \u0219i cu al\u021bi mini\u0219tri din regiune, iar UE \u201ecoopereaz\u0103 \u00eendeaproape cu partenerii arabi pentru a explora c\u0103i diplomatice\u201d la situa\u021bia existent\u0103.<\/p>\n<p id=\"p-3\">\u201eProtec\u021bia civililor \u0219i respectarea dreptului interna\u021bional umanitar reprezint\u0103 o prioritate\u201d, a mai afirmat Kallas.<\/p>\n<p id=\"p-4\">Ea a ad\u0103ugat c\u0103 re\u021beaua consular\u0103 a UE este \u201epe deplin mobilizat\u0103 pentru a facilita plec\u0103rile cet\u0103\u021benilor europeni\u201d, iar personalul neesen\u021bial al Uniunii este retras din regiune.<\/p>\n<p id=\"p-5\">Totodat\u0103, ea a anun\u021bat c\u0103 misiunea naval\u0103 european\u0103 EUNAVFOR Aspides r\u0103m\u00e2ne \u201e\u00een alert\u0103 maxim\u0103\u201d \u00een Marea Ro\u0219ie \u0219i este preg\u0103tit\u0103 s\u0103 contribuie la men\u021binerea deschis\u0103 a coridorului maritim.<\/p>\n","protected":false},"excerpt":{"rendered":"<p>\u201eRegimul iranian a ucis mii de oameni. Programele sale de rachete balistice \u0219i nucleare, \u00eempreun\u0103 cu sprijinul pentru grup\u0103ri teroriste, reprezint\u0103 o amenin\u021bare serioas\u0103 la adresa securit\u0103\u021bii globale\u201d, a scris &hellip; <a href=\"https:\/\/microscopemedia.com\/?p=679197\" class=\"more-link\">Read More<\/a><\/p>\n","protected":false},"author":1,"featured_media":679198,"comment_status":"closed","ping_status":"closed","sticky":false,"template":"Default","format":"standard","meta":[],"categories":[1],"tags":[],"_links":{"self":[{"href":"https:\/\/microscopemedia.com\/index.php?rest_route=\/wp\/v2\/posts\/679197"}],"collection":[{"href":"https:\/\/microscopemedia.com\/index.php?rest_route=\/wp\/v2\/posts"}],"about":[{"href":"https:\/\/microscopemedia.com\/index.php?rest_route=\/wp\/v2\/types\/post"}],"author":[{"embeddable":true,"href":"https:\/\/microscopemedia.com\/index.php?rest_route=\/wp\/v2\/users\/1"}],"replies":[{"embeddable":true,"href":"https:\/\/microscopemedia.com\/index.php?rest_route=%2Fwp%2Fv2%2Fcomments&post=679197"}],"version-history":[{"count":0,"href":"https:\/\/microscopemedia.com\/index.php?rest_route=\/wp\/v2\/posts\/679197\/revisions"}],"wp:featuredmedia":[{"embeddable":true,"href":"https:\/\/microscopemedia.com\/index.php?rest_route=\/wp\/v2\/media\/679198"}],"wp:attachment":[{"href":"https:\/\/microscopemedia.com\/index.php?rest_route=%2Fwp%2Fv2%2Fmedia&parent=679197"}],"wp:term":[{"taxonomy":"category","embeddable":true,"href":"https:\/\/microscopemedia.com\/index.php?rest_route=%2Fwp%2Fv2%2Fcategories&post=679197"},{"taxonomy":"post_tag","embeddable":true,"href":"https:\/\/microscopemedia.com\/index.php?rest_route=%2Fwp%2Fv2%2Ftags&post=679197"}],"curies":[{"name":"wp","href":"https:\/\/api.w.org\/{rel}","templated":true}]}}