{"id":679207,"date":"2026-02-28T11:16:03","date_gmt":"2026-02-28T11:16:03","guid":{"rendered":"https:\/\/microscopemedia.com\/?p=679207"},"modified":"2026-02-28T11:16:03","modified_gmt":"2026-02-28T11:16:03","slug":"iata-ce-stim-pana-acum-despre-atacul-sua-israel-din-iran-si-raspunsul-teheranului","status":"publish","type":"post","link":"https:\/\/microscopemedia.com\/?p=679207","title":{"rendered":"Iat\u0103 ce \u0219tim p\u00e2n\u0103 acum despre atacul SUA-Israel din Iran \u0219i r\u0103spunsul Teheranului"},"content":{"rendered":"<div><img decoding=\"async\" src=\"https:\/\/microscopemedia.com\/wp-content\/uploads\/2026\/02\/iata-ce-stim-pana-acum-despre-atacul-sua-israel-din-iran-si-raspunsul-teheranului.jpg\" class=\"ff-og-image-inserted\"><\/div>\n<p><head><br \/>\n    <meta charset=\"utf-8\"><br \/>\n    <meta name=\"viewport\" content=\"width=device-width, initial-scale=1.0\"><br \/>\n    <meta name=\"HandheldFriendly\" content=\"true\"><br \/>\n    <meta name=\"MobileOptimized\" content=\"420\"><br \/>\n    <meta name=\"theme-color\" content=\"#000000\"><br \/>\n    <meta name=\"referrer\" content=\"origin-when-cross-origin\"><\/p>\n<link rel=\"Shortcut Icon\" type=\"image\/x-icon\" href=\"\/favicon.ico\">\n<link rel=\"preconnect\" href=\"\/\/www.googletagmanager.com\" crossorigin=\"use-credentials\"><link rel=\"dns-prefetch\" href=\"\/\/www.googletagmanager.com\">\n\t<link rel=\"preconnect\" href=\"\/\/ineed2s.ro\"><link rel=\"dns-prefetch\" href=\"\/\/ineed2s.ro\">\n\t<link rel=\"preconnect\" href=\"\/\/cookie-cdn.cookiepro.com\"><link rel=\"dns-prefetch\" href=\"\/\/cookie-cdn.cookiepro.com\">\n\t<link rel=\"preload\" href=\"https:\/\/www.mediafax.ro\/wp-content\/themes\/mediafax-twentyfour\/assets\/css\/fonts\/spline-sans-v10-latin_latin-ext-regular.woff2\" as=\"font\" type=\"font\/woff2\" crossorigin>\n\t<link rel=\"preload\" href=\"https:\/\/www.mediafax.ro\/wp-content\/themes\/mediafax-twentyfour\/assets\/css\/fonts\/spline-sans-v10-latin_latin-ext-700.woff2\" as=\"font\" type=\"font\/woff2\" crossorigin>\n\t<link rel=\"preload\" href=\"https:\/\/www.mediafax.ro\/wp-content\/themes\/mediafax-twentyfour\/assets\/css\/fonts\/gelasio-v12-latin_latin-ext-700.woff2\" as=\"font\" type=\"font\/woff2\" crossorigin>\n<p><meta name=\"robots\" content=\"index, follow, max-image-preview:large, max-snippet:-1, max-video-preview:-1\"><\/p>\n<p>\t<!-- This site is optimized with the Yoast SEO plugin v26.7 - https:\/\/yoast.com\/wordpress\/plugins\/seo\/ --><br \/>\n\t<title>Iat\u0103 ce \u0219tim p\u00e2n\u0103 acum despre atacul SUA-Israel din Iran \u0219i r\u0103spunsul Teheranului<\/title><br \/>\n\t<meta name=\"description\" content=\"Statele Unite \u0219i Israelul au lansat \u201eopera\u021biuni militare majore\u201d \u00eempotriva Iranului s\u00e2mb\u0103t\u0103 diminea\u021ba. Pre\u0219edintele american Donald Trump a declarat c\u0103 scopul este \u201edistrugerea rachetelor \u0219i a industriei de rachete a Iranului\u201d.\">\n\t<link rel=\"canonical\" href=\"https:\/\/www.mediafax.ro\/externe\/iata-ce-stim-pana-acum-despre-atacul-sua-israel-din-iran-si-raspunsul-teheranului-23694513\">\n\t<meta property=\"og:locale\" content=\"ro_RO\"><br \/>\n\t<meta property=\"og:type\" content=\"article\"><br \/>\n\t<meta property=\"og:title\" content=\"Iat\u0103 ce \u0219tim p\u00e2n\u0103 acum despre atacul SUA-Israel din Iran \u0219i r\u0103spunsul Teheranului\"><br \/>\n\t<meta property=\"og:description\" content=\"Statele Unite \u0219i Israelul au lansat \u201eopera\u021biuni militare majore\u201d \u00eempotriva Iranului s\u00e2mb\u0103t\u0103 diminea\u021ba. Pre\u0219edintele american Donald Trump a declarat c\u0103 scopul este \u201edistrugerea rachetelor \u0219i a industriei de rachete a Iranului\u201d.\"><br \/>\n\t<meta property=\"og:url\" content=\"https:\/\/www.mediafax.ro\/externe\/iata-ce-stim-pana-acum-despre-atacul-sua-israel-din-iran-si-raspunsul-teheranului-23694513\"><br \/>\n\t<meta property=\"og:site_name\" content=\"Mediafax\"><br \/>\n\t<meta property=\"article:publisher\" content=\"https:\/\/www.facebook.com\/mediafax.ro\"><br \/>\n\t<meta property=\"article:published_time\" content=\"2026-02-28T11:09:28+00:00\"><br \/>\n\t<meta property=\"og:image\" content=\"https:\/\/microscopemedia.com\/wp-content\/uploads\/2026\/02\/iata-ce-stim-pana-acum-despre-atacul-sua-israel-din-iran-si-raspunsul-teheranului.jpg\"><br \/>\n\t<meta property=\"og:image:width\" content=\"1280\"><br \/>\n\t<meta property=\"og:image:height\" content=\"960\"><br \/>\n\t<meta property=\"og:image:type\" content=\"image\/jpeg\"><br \/>\n\t<meta name=\"twitter:card\" content=\"summary_large_image\"><br \/>\n\t<meta name=\"twitter:creator\" content=\"@mediafax\"><br \/>\n\t<meta name=\"twitter:site\" content=\"@mediafax\"><br \/>\n\t<meta name=\"twitter:label1\" content=\"Scris de\"><br \/>\n\t<meta name=\"twitter:data1\" content=\"Gabriel\"><br \/>\n\t<meta name=\"twitter:label2\" content=\"Timp estimat pentru citire\"><br \/>\n\t<meta name=\"twitter:data2\" content=\"2 minute\"><\/p>\n<p>\t<!-- \/ Yoast SEO plugin. --><\/p>\n<link rel=\"dns-prefetch\" href=\"\/\/www.mediafax.ro\">\n<link rel=\"alternate\" type=\"application\/rss+xml\" title=\"Mediafax \u00bb Flux\" href=\"https:\/\/www.mediafax.ro\/feed\">\n<link rel=\"alternate\" title=\"oEmbed (JSON)\" type=\"application\/json+oembed\" href=\"https:\/\/www.mediafax.ro\/wp-json\/oembed\/1.0\/embed?url=https%3A%2F%2Fwww.mediafax.ro%2Fexterne%2Fiata-ce-stim-pana-acum-despre-atacul-sua-israel-din-iran-si-raspunsul-teheranului-23694513\">\n<link rel=\"alternate\" title=\"oEmbed (XML)\" type=\"text\/xml+oembed\" href=\"https:\/\/www.mediafax.ro\/wp-json\/oembed\/1.0\/embed?url=https%3A%2F%2Fwww.mediafax.ro%2Fexterne%2Fiata-ce-stim-pana-acum-despre-atacul-sua-israel-din-iran-si-raspunsul-teheranului-23694513&amp;format=xml\">\n<link rel=\"stylesheet\" id=\"ep_general_styles-css\" href=\"https:\/\/www.mediafax.ro\/wp-content\/plugins\/elasticpress\/dist\/css\/general-styles.css?ver=66295efe92a630617c00\" type=\"text\/css\" media=\"all\">\n<link rel=\"stylesheet\" id=\"searchterm-highlighting-css\" href=\"https:\/\/www.mediafax.ro\/wp-content\/plugins\/elasticpress\/dist\/css\/highlighting-styles.css?ver=252562c4ed9241547293\" type=\"text\/css\" media=\"all\">\n<link rel=\"EditURI\" type=\"application\/rsd+xml\" title=\"RSD\" href=\"https:\/\/www.mediafax.ro\/xmlrpc.php?rsd\">\n<link rel=\"shortlink\" href=\"https:\/\/www.mediafax.ro\/?p=23694513\">\n<link rel=\"amphtml\" href=\"https:\/\/www.mediafax.ro\/externe\/iata-ce-stim-pana-acum-despre-atacul-sua-israel-din-iran-si-raspunsul-teheranului-23694513\/amp\">\n<link rel=\"icon\" href=\"https:\/\/www.mediafax.ro\/\/wp-content\/uploads\/2025\/03\/cropped-339768054_716950890164337_481225591290846280_n-1-32x32.jpg\" sizes=\"32x32\">\n<link rel=\"icon\" href=\"https:\/\/www.mediafax.ro\/\/wp-content\/uploads\/2025\/03\/cropped-339768054_716950890164337_481225591290846280_n-1-192x192.jpg\" sizes=\"192x192\">\n<link rel=\"apple-touch-icon\" href=\"https:\/\/www.mediafax.ro\/\/wp-content\/uploads\/2025\/03\/cropped-339768054_716950890164337_481225591290846280_n-1-180x180.jpg\">\n<meta name=\"msapplication-TileImage\" content=\"https:\/\/www.mediafax.ro\/\/wp-content\/uploads\/2025\/03\/cropped-339768054_716950890164337_481225591290846280_n-1-270x270.jpg\"><\/p>\n<p>\t<!-- Cxense SATI script begin --><\/p>\n<p><!-- Cxense SATI script end --><\/p>\n<p><!-- Cxense SATI META begin --><br \/>\n    <meta name=\"cXenseParse:pageclass\" content=\"article\"><br \/>\n<meta name=\"cXenseParse:url\" content=\"https:\/\/www.mediafax.ro\/externe\/iata-ce-stim-pana-acum-despre-atacul-sua-israel-din-iran-si-raspunsul-teheranului-23694513\"><br \/>\n<!-- Cxense SATI META end --><\/p>\n<p><!-- Google Tag Manager --><\/p>\n<p><!-- End Google Tag Manager --><br \/>\n<\/head><body class=\"wp-singular post-template-default single single-post postid-23694513 single-format-standard wp-embed-responsive wp-theme-mediafax-twentyfour font-main font-13\" id=\"readabilityBody\"><br \/>\n<!-- Google Tag Manager (noscript) --><br \/>\n<noscript><\/noscript><br \/>\n<!-- End Google Tag Manager (noscript) --><\/p>\n<div class=\"container\">\n<div class=\"page_wrapper\">\n<div class=\"single__container\">\n<div class=\"single__content bg-white dark:bg-black md:w-1000 mg-x-auto\">\n<div class=\"single__text md:max-w-700 mg-x-auto\">\n<h2 id=\"chapter-0\">Ce \u0219tim p\u00e2n\u0103 acum despre conflictul din Orientul Mijlociu<\/h2>\n<ul>\n<li>Corpul Gardienilor Revolu\u021biei Islamice din Iran (IRGC) spune c\u0103 a lansat rachete asupra bazelor militare americane din Golful Persic, ca represalii pentru atacul major SUA\u2013Israel asupra Iranului. Au fost raportate explozii \u00een Bahrain, Kuweit, EAU \u0219i Qatar. O persoan\u0103 a fost ucis\u0103 de schije provenite de la o rachet\u0103 iranian\u0103 \u00een EAU, au declarat oficialii.<\/li>\n<li>Explozii au zguduit capitala iranian\u0103 Teheran, unde oamenii au raportat c\u0103 au v\u0103zut fum ridic\u00e2ndu-se din districtul care include palatul preziden\u021bial.<\/li>\n<li>Iranul a lansat, de asemenea, mai multe valuri de rachete asupra Israelului, cu explozii raportate pe cerul de deasupra Ierusalimului. For\u021bele de Ap\u0103rare ale Israelului (IDF) au declarat c\u0103 sistemele de ap\u0103rare antiaerian\u0103 ac\u021bionau pentru a dobor\u00ee \u201esalva de rachete\u201d lansat\u0103 din Iran.<\/li>\n<li>Oficiali israelieni au spus presei c\u0103, \u00een cadrul atacurilor, au fost viza\u021bi lideri de rang \u00eenalt ai regimului \u0219i ai armatei iraniene, inclusiv liderul suprem al Iranului, ayatollahul Ali Khamenei, \u0219i pre\u0219edintele Masoud Pezeshkian.<\/li>\n<li>Se crede c\u0103 Khamenei nu se afl\u0103 \u00een Teheran \u0219i a fost dus \u00eentr-o loca\u021bie securizat\u0103, \u00een timp ce presa iranian\u0103 relateaz\u0103 c\u0103 Pezeshkian este \u00een siguran\u021b\u0103.<\/li>\n<li>Pre\u0219edintele SUA, Donald Trump, a promis c\u0103 campania \u201emasiv\u0103 \u0219i \u00een desf\u0103\u0219urare\u201d \u00eempotriva Iranului \u00eei va zdrobi armata, \u00eei va elimina programul nuclear \u0219i va duce la o schimbare de guvern. \u201eObiectivul nostru este s\u0103 ap\u0103r\u0103m poporul american elimin\u00e2nd amenin\u021b\u0103rile iminente din partea regimului iranian, un grup vicios de oameni foarte duri, \u00eengrozitori\u201d, a spus el.<\/li>\n<li>Fox News citeaz\u0103 un oficial american care spune c\u0103 loviturile aeriene vor continua timp de mai multe zile, nu ore.<\/li>\n<li>Prim-ministrul israelian, Benjamin Netanyahu, a declarat c\u0103 opera\u021biunea are ca scop eliminarea unei \u201eamenin\u021b\u0103ri existen\u021biale\u201d.<\/li>\n<li>Discu\u021biile dintre SUA \u0219i Iran privind programul nuclear al Teheranului s-au \u00eencheiat f\u0103r\u0103 rezultat vineri, exist\u00e2nd sugestia c\u0103 noi discu\u021bii vor avea loc s\u0103pt\u0103m\u00e2na viitoare. Trump spusese c\u0103 \u201enu este mul\u021bumit\u201d de progresul discu\u021biilor.<\/li>\n<\/ul><\/div>\n<\/p><\/div>\n<\/p><\/div>\n<\/p><\/div>\n<\/p><\/div>\n<p><!-- Module: Floating search box --><br \/>\n<input type=\"checkbox\" id=\"searchbox-open\"><\/p>\n<p><!-- floating search box end --><\/p>\n<p>\t<!-- Navigator Share --><\/p>\n<p>\t<!-- START TRUVID SCRIPT --><\/p>\n<p>\t<!-- END TRUVID SCRIPT --><br \/>\n<!-- START TEADS SCRIPT --><\/p>\n<p><!-- END TEADS SCRIPT --><br \/>\n\t<!-- START LIBMON SCRIPT --><\/p>\n<p>\t<!-- END LIBMON SCRIPT --><\/p>\n<p><\/body><\/p>\n","protected":false},"excerpt":{"rendered":"<p>Iat\u0103 ce \u0219tim p\u00e2n\u0103 acum despre atacul SUA-Israel din Iran \u0219i r\u0103spunsul Teheranului Ce \u0219tim p\u00e2n\u0103 acum despre conflictul din Orientul Mijlociu Corpul Gardienilor Revolu\u021biei Islamice din Iran (IRGC) spune &hellip; <a href=\"https:\/\/microscopemedia.com\/?p=679207\" class=\"more-link\">Read More<\/a><\/p>\n","protected":false},"author":1,"featured_media":679208,"comment_status":"closed","ping_status":"closed","sticky":false,"template":"Default","format":"standard","meta":[],"categories":[1],"tags":[],"_links":{"self":[{"href":"https:\/\/microscopemedia.com\/index.php?rest_route=\/wp\/v2\/posts\/679207"}],"collection":[{"href":"https:\/\/microscopemedia.com\/index.php?rest_route=\/wp\/v2\/posts"}],"about":[{"href":"https:\/\/microscopemedia.com\/index.php?rest_route=\/wp\/v2\/types\/post"}],"author":[{"embeddable":true,"href":"https:\/\/microscopemedia.com\/index.php?rest_route=\/wp\/v2\/users\/1"}],"replies":[{"embeddable":true,"href":"https:\/\/microscopemedia.com\/index.php?rest_route=%2Fwp%2Fv2%2Fcomments&post=679207"}],"version-history":[{"count":0,"href":"https:\/\/microscopemedia.com\/index.php?rest_route=\/wp\/v2\/posts\/679207\/revisions"}],"wp:featuredmedia":[{"embeddable":true,"href":"https:\/\/microscopemedia.com\/index.php?rest_route=\/wp\/v2\/media\/679208"}],"wp:attachment":[{"href":"https:\/\/microscopemedia.com\/index.php?rest_route=%2Fwp%2Fv2%2Fmedia&parent=679207"}],"wp:term":[{"taxonomy":"category","embeddable":true,"href":"https:\/\/microscopemedia.com\/index.php?rest_route=%2Fwp%2Fv2%2Fcategories&post=679207"},{"taxonomy":"post_tag","embeddable":true,"href":"https:\/\/microscopemedia.com\/index.php?rest_route=%2Fwp%2Fv2%2Ftags&post=679207"}],"curies":[{"name":"wp","href":"https:\/\/api.w.org\/{rel}","templated":true}]}}