{"id":679211,"date":"2026-02-28T11:36:04","date_gmt":"2026-02-28T11:36:04","guid":{"rendered":"https:\/\/microscopemedia.com\/?p=679211"},"modified":"2026-02-28T11:36:04","modified_gmt":"2026-02-28T11:36:04","slug":"miruta-romania-nu-e-o-tara-saraca-e-o-tara-saracita-ce-spune-ministrul-apararii-despre-armata-voluntara-si-pensiile-militarilor","status":"publish","type":"post","link":"https:\/\/microscopemedia.com\/?p=679211","title":{"rendered":"Miru\u021b\u0103: \u201eRom\u00e2nia nu e o \u021bar\u0103 s\u0103rac\u0103, e o \u021bar\u0103 s\u0103r\u0103cit\u0103\u201d. Ce spune ministrul Ap\u0103r\u0103rii despre armata voluntar\u0103 \u0219i pensiile militarilor"},"content":{"rendered":"<div><img decoding=\"async\" src=\"https:\/\/microscopemedia.com\/wp-content\/uploads\/2026\/02\/miruta-romania-nu-e-o-tara-saraca-e-o-tara-saracita-ce-spune-ministrul-apararii-despre-armata-voluntara-si-pensiile-militarilor.jpg\" class=\"ff-og-image-inserted\"><\/div>\n<p class=\"font-claude-response-body break-words whitespace-normal leading-[1.7]\" id=\"p-0\">Rom\u00e2nia lanseaz\u0103 \u00een 2025 primul program de preg\u0103tire militar\u0103 voluntar\u0103 dup\u0103 19 ani. Tinerii \u00eentre 18 \u0219i 35 de ani pot urma o preg\u0103tire intensiv\u0103 de patru luni \u00een comunitatea militar\u0103. La final primesc aproximativ 15.000 de lei net. Ministerul vizeaz\u0103 \u00eentre 1.000 \u0219i 3.000 de pozi\u021bii, \u00een func\u021bie de bugetul alocat.<\/p>\n<p class=\"font-claude-response-body break-words whitespace-normal leading-[1.7]\" id=\"p-1\">Miru\u021b\u0103 a declarat c\u0103 serviciul militar voluntar este atractiv prin stabilitate \u0219i salarizare. \u201eEste un serviciu sigur. Este o armat\u0103 care s-a modernizat mult\u201d, a spus ministrul.<\/p>\n<p class=\"font-claude-response-body break-words whitespace-normal leading-[1.7]\" id=\"p-2\">Cei care aleg s\u0103 r\u0103m\u00e2n\u0103 \u00een sistem pot avansa la grade superioare sau pot urma cursuri de mai\u0219tri militari.<\/p>\n<h2 class=\"text-text-100 mt-3 -mb-1 text-[1.125rem] font-bold\" id=\"chapter-0\">Norma de hran\u0103 nu s-a t\u0103iat. Dar cine a vrut s\u0103 o taie?<\/h2>\n<p class=\"font-claude-response-body break-words whitespace-normal leading-[1.7]\" id=\"p-3\">Ministrul a confirmat c\u0103 propunerea de reducere a normei de hran\u0103 a existat, dar a fost blocat\u0103 cu argumente solide. \u201eNe-a venit cu ideea asta\u2026 Am luat date, am prezentat argumente \u0219i premier Bolojan a acceptat\u201d, a spus Miru\u021b\u0103, f\u0103r\u0103 s\u0103 dezv\u0103luie cine a ini\u021biat propunerea. Norma zilnic\u0103 variaz\u0103 \u00eentre 26 \u0219i 40 de lei, \u00een func\u021bie de specialitate.<\/p>\n<p class=\"font-claude-response-body break-words whitespace-normal leading-[1.7]\" id=\"p-4\">Legea nou\u0103 cre\u0219te v\u00e2rsta de pensionare a militarilor la 65 de ani p\u00e2n\u0103 \u00een 2035, fa\u021b\u0103 de 58 de ani \u00een prezent. Miru\u021b\u0103 a respins ideea c\u0103 to\u021bi militarii se pensioneaz\u0103 cu 13 ani mai devreme. \u201eAnul trecut, o singur\u0103 persoan\u0103 s-a pensionat cu reducere de 13 ani\u201d, a precizat el. V\u00e2rsta medie de pensionare \u00een Ministerul Ap\u0103r\u0103rii a fost de 52 de ani, iar pensia medie net\u0103 era de 5.800 de lei \u00een noiembrie.<\/p>\n<h2 class=\"text-text-100 mt-3 -mb-1 text-[1.125rem] font-bold\" id=\"chapter-1\">\u201eRom\u00e2nia e o \u021bar\u0103 s\u0103r\u0103cit\u0103, nu s\u0103rac\u0103\u201d<\/h2>\n<p class=\"font-claude-response-body break-words whitespace-normal leading-[1.7]\" id=\"p-5\">Miru\u021b\u0103 a fost direct \u00een privin\u021ba situa\u021biei economice. \u201eFactorul politic \u0219i-a b\u0103tut joc de banii publici \u00een ultimii ani. Au venit unii certa\u021bi cu \u0219coala, para\u0219uta\u021bi politic, \u0219i au \u00eenceput s\u0103 bat\u0103 bani \u00een st\u00e2nga \u0219i \u00een dreapta\u201d, a declarat ministrul. El a ad\u0103ugat c\u0103 guvernul actual \u00eencearc\u0103 s\u0103 corecteze aceste probleme prin reducerea cheltuielilor.<\/p>\n","protected":false},"excerpt":{"rendered":"<p>Rom\u00e2nia lanseaz\u0103 \u00een 2025 primul program de preg\u0103tire militar\u0103 voluntar\u0103 dup\u0103 19 ani. Tinerii \u00eentre 18 \u0219i 35 de ani pot urma o preg\u0103tire intensiv\u0103 de patru luni \u00een comunitatea &hellip; <a href=\"https:\/\/microscopemedia.com\/?p=679211\" class=\"more-link\">Read More<\/a><\/p>\n","protected":false},"author":1,"featured_media":679212,"comment_status":"closed","ping_status":"closed","sticky":false,"template":"Default","format":"standard","meta":[],"categories":[1],"tags":[],"_links":{"self":[{"href":"https:\/\/microscopemedia.com\/index.php?rest_route=\/wp\/v2\/posts\/679211"}],"collection":[{"href":"https:\/\/microscopemedia.com\/index.php?rest_route=\/wp\/v2\/posts"}],"about":[{"href":"https:\/\/microscopemedia.com\/index.php?rest_route=\/wp\/v2\/types\/post"}],"author":[{"embeddable":true,"href":"https:\/\/microscopemedia.com\/index.php?rest_route=\/wp\/v2\/users\/1"}],"replies":[{"embeddable":true,"href":"https:\/\/microscopemedia.com\/index.php?rest_route=%2Fwp%2Fv2%2Fcomments&post=679211"}],"version-history":[{"count":0,"href":"https:\/\/microscopemedia.com\/index.php?rest_route=\/wp\/v2\/posts\/679211\/revisions"}],"wp:featuredmedia":[{"embeddable":true,"href":"https:\/\/microscopemedia.com\/index.php?rest_route=\/wp\/v2\/media\/679212"}],"wp:attachment":[{"href":"https:\/\/microscopemedia.com\/index.php?rest_route=%2Fwp%2Fv2%2Fmedia&parent=679211"}],"wp:term":[{"taxonomy":"category","embeddable":true,"href":"https:\/\/microscopemedia.com\/index.php?rest_route=%2Fwp%2Fv2%2Fcategories&post=679211"},{"taxonomy":"post_tag","embeddable":true,"href":"https:\/\/microscopemedia.com\/index.php?rest_route=%2Fwp%2Fv2%2Ftags&post=679211"}],"curies":[{"name":"wp","href":"https:\/\/api.w.org\/{rel}","templated":true}]}}