{"id":679751,"date":"2026-03-03T09:46:03","date_gmt":"2026-03-03T09:46:03","guid":{"rendered":"https:\/\/microscopemedia.com\/?p=679751"},"modified":"2026-03-03T09:46:03","modified_gmt":"2026-03-03T09:46:03","slug":"agentia-uniunii-europene-pentru-azil-avertizeaza-asupra-riscului-unui-flux-de-refugiati-din-iran","status":"publish","type":"post","link":"https:\/\/microscopemedia.com\/?p=679751","title":{"rendered":"Agen\u021bia Uniunii Europene pentru azil avertizeaz\u0103 asupra riscului unui \u201eflux de refugia\u021bi\u201d din Iran"},"content":{"rendered":"<div><img decoding=\"async\" src=\"https:\/\/microscopemedia.com\/wp-content\/uploads\/2026\/03\/agentia-uniunii-europene-pentru-azil-avertizeaza-asupra-riscului-unui-flux-de-refugiati-din-iran.jpg\" class=\"ff-og-image-inserted\"><\/div>\n<p id=\"p-0\">\u201eCu o popula\u021bie de aproximativ 90 de milioane de locuitori, chiar \u0219i o destabilizare par\u021bial\u0103 ar putea genera fluxuri de refugia\u021bi de o amploare f\u0103r\u0103 precedent\u201d, se arat\u0103 \u00een raportul agen\u021biei de azil a Uniunii Europene, redactat chiar \u00eenainte de izbucnirea r\u0103zboiului \u00een weekend, potrivit <a href=\"https:\/\/www.lefigaro.fr\/international\/l-agence-de-l-ue-pour-l-asile-alerte-sur-le-risque-d-un-flux-de-refugies-venant-d-iran-20260303\" target=\"_blank\" rel=\"noopener\">Le Figaro<\/a>.<\/p>\n<p id=\"p-1\">\u201eStr\u0103mutarea a doar 10% din popula\u021bia Iranului ar fi suficient\u0103 pentru a rivaliza cu cele mai mari fluxuri de refugia\u021bi din ultimele decenii\u201d, au scris autorii \u00een documentul elaborat \u00eenainte de atacurile SUA-Israel. \u00centreba\u021bi de AFP despre o actualizare a evalu\u0103rii sale dup\u0103 izbucnirea r\u0103zboiului, reprezentan\u021bii agen\u021biei a r\u0103spuns c\u0103 \u201esitua\u021bia r\u0103m\u00e2ne foarte instabil\u0103 \u0219i ar fi iresponsabil s\u0103 se fac\u0103 declara\u021bii ipotetice\u201d.<\/p>\n<p id=\"p-2\">Num\u0103rul cererilor de azil depuse de <a href=\"https:\/\/www.mediafax.ro\/externe\/razboi-in-orientul-mijlociu-ziua-a-patra-israel-a-intrat-cu-trupe-la-sol-in-sudul-libanului-si-continua-atacurile-in-iran-netanyahu-respinge-ideea-unui-conflict-fara-sfarsit-ira-23696106\">iranieni<\/a> \u00een UE \u0219i \u00een \u021b\u0103rile vecine este \u00een prezent destul de redus. \u00cen 2025, acestea erau \u00een num\u0103r de 8000, mult \u00een urma afganilor (117.000) sau venezuelenilor (91.000). \u0218i atacurile Statelor Unite \u0219i Israelului \u00eempotriva Iranului nu au provocat p\u00e2n\u0103 \u00een prezent o str\u0103mutare masiv\u0103 a popula\u021biei.<\/p>\n<p id=\"p-3\">Dar \u201eamploarea riscului poten\u021bial este considerabil\u0103\u201d, a transmis agen\u021bia UE pentru azil. Mai ales c\u0103 Iranul este una dintre \u021b\u0103rile care g\u0103zduie\u0219te una dintre cele mai mari popula\u021bii de refugia\u021bi din lume, o situa\u021bie care ar putea provoca deplas\u0103ri \u00een cascad\u0103.<\/p>\n<p id=\"p-4\">Autorii raportului noteaz\u0103 c\u0103 scenariul unui val mare de refugia\u021bi iranieni este p\u00e2n\u0103 \u00een prezent \u201especulativ\u201d. Acesta ar implica ca ace\u0219ti exila\u021bi s\u0103 treac\u0103 prin Turcia \u0219i apoi s\u0103 se \u00eendrepte spre Europa.<\/p>\n<p id=\"p-5\">\u201eToate acestea sunt foarte volatile\u201d, afirm\u0103 un oficial european \u00een domeniul imigra\u021biei, care a dorit s\u0103 r\u0103m\u00e2n\u0103 anonim, deoarece subiectul este \u201edelicat\u201d.<\/p>\n<p id=\"p-6\">Dar subiectul este deja obiectul discu\u021biilor \u00eentre lideri. Pre\u0219edinta Comisiei Europene, Ursula von der Leyen, a declarat c\u0103 a schimbat opinii pe aceast\u0103 tem\u0103 cu pre\u0219edintele turc Recep Tayyip Erdogan.<\/p>\n<h2 id=\"chapter-0\">O sc\u0103dere de 19% \u00eentre 2024 \u0219i 2025<\/h2>\n<p id=\"p-7\">La fel cum au f\u0103cut-o cei 27 de mini\u0219tri de externe ai UE la o reuniune extraordinar\u0103 duminic\u0103. Luni, executivul european a declarat c\u0103 \u201e\u00ee\u0219i consolideaz\u0103 preg\u0103tirea\u201d \u00een aceast\u0103 chestiune prin monitorizarea \u201etendin\u021belor migra\u021biei\u201d \u0219i consolidarea cooper\u0103rii cu agen\u021biile ONU.<\/p>\n<p id=\"p-8\">\u00cen 2025, \u021b\u0103rile UE \u0219i vecinii s\u0103i (Norvegia \u0219i Elve\u021bia) au primit aproximativ 822.000 de cereri de azil, \u00een sc\u0103dere cu 19% fa\u021b\u0103 de anul precedent. Aceast\u0103 sc\u0103dere urmeaz\u0103 unei sc\u0103deri de 11% \u00een 2024.<\/p>\n<p id=\"p-9\">Sc\u0103derea din 2025 se datoreaz\u0103 \u00een mare parte diminu\u0103rii num\u0103rului de cereri depuse de sirieni, dup\u0103 c\u0103derea lui Bashar al-Assad. Num\u0103rul solicitan\u021bilor de azil nu a mai atins niciodat\u0103 nivelul crizei migra\u021biei din 2015, c\u00e2nd sute de mii de refugia\u021bi sirieni care fugeau de r\u0103zboi au ajuns \u00een Europa.<\/p>\n","protected":false},"excerpt":{"rendered":"<p>\u201eCu o popula\u021bie de aproximativ 90 de milioane de locuitori, chiar \u0219i o destabilizare par\u021bial\u0103 ar putea genera fluxuri de refugia\u021bi de o amploare f\u0103r\u0103 precedent\u201d, se arat\u0103 \u00een raportul &hellip; <a href=\"https:\/\/microscopemedia.com\/?p=679751\" class=\"more-link\">Read More<\/a><\/p>\n","protected":false},"author":1,"featured_media":679752,"comment_status":"closed","ping_status":"closed","sticky":false,"template":"Default","format":"standard","meta":[],"categories":[1],"tags":[],"_links":{"self":[{"href":"https:\/\/microscopemedia.com\/index.php?rest_route=\/wp\/v2\/posts\/679751"}],"collection":[{"href":"https:\/\/microscopemedia.com\/index.php?rest_route=\/wp\/v2\/posts"}],"about":[{"href":"https:\/\/microscopemedia.com\/index.php?rest_route=\/wp\/v2\/types\/post"}],"author":[{"embeddable":true,"href":"https:\/\/microscopemedia.com\/index.php?rest_route=\/wp\/v2\/users\/1"}],"replies":[{"embeddable":true,"href":"https:\/\/microscopemedia.com\/index.php?rest_route=%2Fwp%2Fv2%2Fcomments&post=679751"}],"version-history":[{"count":0,"href":"https:\/\/microscopemedia.com\/index.php?rest_route=\/wp\/v2\/posts\/679751\/revisions"}],"wp:featuredmedia":[{"embeddable":true,"href":"https:\/\/microscopemedia.com\/index.php?rest_route=\/wp\/v2\/media\/679752"}],"wp:attachment":[{"href":"https:\/\/microscopemedia.com\/index.php?rest_route=%2Fwp%2Fv2%2Fmedia&parent=679751"}],"wp:term":[{"taxonomy":"category","embeddable":true,"href":"https:\/\/microscopemedia.com\/index.php?rest_route=%2Fwp%2Fv2%2Fcategories&post=679751"},{"taxonomy":"post_tag","embeddable":true,"href":"https:\/\/microscopemedia.com\/index.php?rest_route=%2Fwp%2Fv2%2Ftags&post=679751"}],"curies":[{"name":"wp","href":"https:\/\/api.w.org\/{rel}","templated":true}]}}