{"id":680027,"date":"2026-03-04T17:36:03","date_gmt":"2026-03-04T17:36:03","guid":{"rendered":"https:\/\/microscopemedia.com\/?p=680027"},"modified":"2026-03-04T17:36:03","modified_gmt":"2026-03-04T17:36:03","slug":"bolojan-raspunde-psd-comunicatul-este-in-contradictie-cu-ce-s-a-intamplat-azi-si-cu-realitatea","status":"publish","type":"post","link":"https:\/\/microscopemedia.com\/?p=680027","title":{"rendered":"Bolojan r\u0103spunde PSD: Comunicatul este \u00een contradic\u021bie cu ce s-a \u00eent\u00e2mplat azi \u0219i cu realitatea"},"content":{"rendered":"<div><img decoding=\"async\" src=\"https:\/\/microscopemedia.com\/wp-content\/uploads\/2026\/03\/bolojan-raspunde-psd-comunicatul-este-in-contradictie-cu-ce-s-a-intamplat-azi-si-cu-realitatea.jpg\" class=\"ff-og-image-inserted\"><\/div>\n<p id=\"p-0\">Declara\u021biile au fost f\u0103cute miercuri \u00een cadrul unui interviu acordat postului B1 TV.<\/p>\n<p id=\"p-1\">\u201eBugetul este finalizat, dar cu provoc\u0103ri foarte importante\u201d, a spus Bolojan referindu-se la diminuarea deficitului \u0219i absorbirea tuturor fondurilor PNRR.<\/p>\n<p id=\"p-2\">\u00cen plus, el a negat informa\u021biile potrivit c\u0103rora \u00een discu\u021biile din coali\u021bie au existat probleme.<\/p>\n<p id=\"p-3\">\u201eLa \u0219edin\u021ba de coali\u021bie, ne-am \u00eenchis \u00een regul\u0103. \u00cent\u00e2lnirea a fost \u00een bun\u0103 regul\u0103 (\u2026) Comunicatul este \u00een contradic\u021bie cu ce s-a \u00eent\u00e2mplat azi \u0219i cu realitatea (\u2026) este de ne\u00een\u021beles de ce atunci c\u00e2nd discut\u0103m treburi serioase \u00een \u0219edin\u021be lucrurile sunt normale apoi \u00een comunicate, lucrurile sunt total diferite Asta nu ajut\u0103 (\u2026) nu \u00een\u021beleg de ce trebuie s\u0103 avem scandaluri\u201d, a mai spus Ilie Bolojan.<\/p>\n<p id=\"p-4\">\u0218eful Guvernului i-a criticat pe cei care fac propuneri privitoare la buget f\u0103r\u0103 acoperire financiar\u0103.<\/p>\n<p id=\"p-5\">\u201eNu r\u0103m\u00e2n dec\u00e2t spa\u021bii limitate (\u00een buget n.r.) orice propui suplimentar\u2026 dac\u0103 e\u0219ti un om responsabil, trebuie s\u0103 spui sursa de finan\u021bare (\u2026) \u00een toate discu\u021biile din aceast\u0103 perioad\u0103 nu am auzit astfel de propuneri\u201d, a explicat Ilie Bolojan.<\/p>\n<p id=\"p-6\">Premierul a estimat c\u0103 \u00een a doua jum\u0103tate a anului infla\u021bia se va stabiliza \u0219i a spus c\u0103 pentru cheltuieli privind categoriile nevoia\u0219e pot fi luate \u00een calcul fondurile europene. Altfel, trebuie s\u0103 reducem din cheltuieli sau din investi\u021bii, a mai spus prim-ministrul.<\/p>\n<p id=\"p-7\">Ilie Bolojan vrea s\u0103 trimit\u0103 bugetul la Parlament s\u0103pt\u0103m\u00e2na viitoare.<\/p>\n<p id=\"p-8\"><a href=\"https:\/\/www.mediafax.ro\/politic\/razboi-in-coalitia-de-guvernare-psd-il-acuza-pe-bolojan-ca-blocheaza-adoptarea-bugetului-23697209\">PSD<\/a> l-a acuzat pe premierul Ilie Bolojan c\u0103 blocheaz\u0103 adoptarea bugetului de stat. A inclus \u00een proiectul s\u0103u de buget o serie de prevederi care contravin total solicit\u0103rilor exprimate anterior de liderii partidelor, a sus\u021binut PSD. Social democra\u021bii se vor reuni pentru a stabili dac\u0103 voteaz\u0103 bugetul.<\/p>\n","protected":false},"excerpt":{"rendered":"<p>Declara\u021biile au fost f\u0103cute miercuri \u00een cadrul unui interviu acordat postului B1 TV. \u201eBugetul este finalizat, dar cu provoc\u0103ri foarte importante\u201d, a spus Bolojan referindu-se la diminuarea deficitului \u0219i absorbirea &hellip; <a href=\"https:\/\/microscopemedia.com\/?p=680027\" class=\"more-link\">Read More<\/a><\/p>\n","protected":false},"author":1,"featured_media":680028,"comment_status":"closed","ping_status":"closed","sticky":false,"template":"Default","format":"standard","meta":[],"categories":[1],"tags":[],"_links":{"self":[{"href":"https:\/\/microscopemedia.com\/index.php?rest_route=\/wp\/v2\/posts\/680027"}],"collection":[{"href":"https:\/\/microscopemedia.com\/index.php?rest_route=\/wp\/v2\/posts"}],"about":[{"href":"https:\/\/microscopemedia.com\/index.php?rest_route=\/wp\/v2\/types\/post"}],"author":[{"embeddable":true,"href":"https:\/\/microscopemedia.com\/index.php?rest_route=\/wp\/v2\/users\/1"}],"replies":[{"embeddable":true,"href":"https:\/\/microscopemedia.com\/index.php?rest_route=%2Fwp%2Fv2%2Fcomments&post=680027"}],"version-history":[{"count":0,"href":"https:\/\/microscopemedia.com\/index.php?rest_route=\/wp\/v2\/posts\/680027\/revisions"}],"wp:featuredmedia":[{"embeddable":true,"href":"https:\/\/microscopemedia.com\/index.php?rest_route=\/wp\/v2\/media\/680028"}],"wp:attachment":[{"href":"https:\/\/microscopemedia.com\/index.php?rest_route=%2Fwp%2Fv2%2Fmedia&parent=680027"}],"wp:term":[{"taxonomy":"category","embeddable":true,"href":"https:\/\/microscopemedia.com\/index.php?rest_route=%2Fwp%2Fv2%2Fcategories&post=680027"},{"taxonomy":"post_tag","embeddable":true,"href":"https:\/\/microscopemedia.com\/index.php?rest_route=%2Fwp%2Fv2%2Ftags&post=680027"}],"curies":[{"name":"wp","href":"https:\/\/api.w.org\/{rel}","templated":true}]}}