{"id":680031,"date":"2026-03-04T17:56:04","date_gmt":"2026-03-04T17:56:04","guid":{"rendered":"https:\/\/microscopemedia.com\/?p=680031"},"modified":"2026-03-04T17:56:04","modified_gmt":"2026-03-04T17:56:04","slug":"bolojan-despre-pretul-la-combustibil-nu-ne-dorim-sa-ajunga-la-10-lei-litrul-totul-depinde-de-durata-crizei-din-orientul-mijlociu","status":"publish","type":"post","link":"https:\/\/microscopemedia.com\/?p=680031","title":{"rendered":"Bolojan, despre pre\u021bul la combustibil: Nu ne dorim s\u0103 ajung\u0103 la 10 lei litrul. Totul depinde de durata crizei din Orientul Mijlociu"},"content":{"rendered":"<div><img decoding=\"async\" src=\"https:\/\/microscopemedia.com\/wp-content\/uploads\/2026\/03\/bolojan-despre-pretul-la-combustibil-nu-ne-dorim-sa-ajunga-la-10-lei-litrul-totul-depinde-de-durata-crizei-din-orientul-mijlociu.jpg\" class=\"ff-og-image-inserted\"><\/div>\n<p id=\"p-0\">Invitat miercuri seara la B1 TV, premierul Ilie Bolojan a fost \u00eentrebat dac\u0103 ne putem a\u0219tepta la o cre\u0219tere a pre\u021bului la combustibil, \u00een contextul evolu\u021biilor din Orientul Mijlociu, care implic\u0103 \u0219i blocarea tranzitului prin str\u00e2mtoarea Ormuz.<\/p>\n<p id=\"p-1\"><span class=\"cursor-pointer group\" title=\"Reda\u021bi \u00eencep\u00e2nd de la 0:00\"><span class=\"group-hover:bg-base-200 rounded p-0.5 -m-0.5\" data-start=\"580\" data-end=\"9440\">\u201eNu pot s\u0103 fac o astfel de predic\u021bie, eu nu-mi doresc acest lucru \u0219i sper s\u0103 nu se \u00eent\u00e2mple asta, dar trebuie s\u0103 recunoa\u0219tem c\u00e2teva lucruri.<\/span><\/span>&nbsp;<span class=\"cursor-pointer group\" title=\"Reda\u021bi \u00eencep\u00e2nd de la 0:11\"><span class=\"group-hover:bg-base-200 rounded p-0.5 -m-0.5\" data-start=\"10500\" data-end=\"22080\">A\u0219a cum \u0219ti\u021bi, r\u0103zboiul din zona Golfului a dus la blocarea \u00een propor\u021bie de 90% a traficului prin str\u00e2mtoarea Ormuz.<\/span><\/span>&nbsp;<span class=\"cursor-pointer group\" title=\"Reda\u021bi \u00eencep\u00e2nd de la 0:23\"><span class=\"group-hover:bg-base-200 rounded p-0.5 -m-0.5\" data-start=\"22960\" data-end=\"35760\">Asta \u00eenseamn\u0103 c\u0103 o parte din petrolul \u0219i din gazele lichefiate, care erau exportate de \u021b\u0103rile din Golf c\u0103tre toate \u021b\u0103rile din lume, nu mai pot fi exportate. <\/span><\/span><span class=\"cursor-pointer group\" title=\"Reda\u021bi \u00eencep\u00e2nd de la 0:36\"><span class=\"group-hover:bg-base-200 rounded p-0.5 -m-0.5\" data-start=\"35880\" data-end=\"45000\">Ca atare, oferta \u0219i ritmul de aprovizionare pe pie\u021bele globale s-a redus, ceea ce a generat un puseu de cre\u0219tere a pre\u021burilor.<\/span><\/span>&nbsp;<span class=\"cursor-pointer group\" title=\"Reda\u021bi \u00eencep\u00e2nd de la 0:46\"><span class=\"group-hover:bg-base-200 rounded p-0.5 -m-0.5\" data-start=\"45580\" data-end=\"48380\">Acesta este un fenomen general c\u00e2nd se \u00eent\u00e2mpl\u0103 astfel de crize\u201d, a afirmat Bolojan la B1 TV.&nbsp;<\/span><\/span><\/p>\n<h2 id=\"chapter-0\">Bolojan: C\u00e2t timp tranzitul prin str\u00e2mtoarea Ormuz r\u0103m\u00e2ne blocat, pie\u021bele globale vor reac\u021biona<\/h2>\n<p id=\"p-2\">Premierul a subliniat c\u0103 at\u00e2ta timp c\u00e2t tranzitul r\u0103m\u00e2ne blocat, pie\u021bele globale vor reac\u021biona, iar importatorii, inclusiv cei din Rom\u00e2nia, se vor aproviziona la pre\u021buri mai mari.<\/p>\n<p id=\"p-3\"><span class=\"cursor-pointer group\" title=\"Reda\u021bi \u00eencep\u00e2nd de la 1:14\"><span class=\"group-hover:bg-base-200 rounded p-0.5 -m-0.5 bg-primary\/25 transition-all duration-200\" data-start=\"74400\" data-end=\"86740\" data-active>\u201eTo\u021bi cei care import\u0103 \u0219i \u00een Rom\u00e2nia se vor aproviziona \u00eencep\u00e2nd de acum \u00eenainte \u2013 chiar dac\u0103 noi avem stocuri pentru c\u00e2teva luni de zile \u2013 la pre\u021buri ceva mai mari.<\/span><\/span>&nbsp;<span class=\"cursor-pointer group\" title=\"Reda\u021bi \u00eencep\u00e2nd de la 1:28\"><span class=\"group-hover:bg-base-200 rounded p-0.5 -m-0.5\" data-start=\"87620\" data-end=\"107420\">E adev\u0103rat c\u0103 pre\u021bul \u021bi\u021beiului nu se reflect\u0103 \u00een totalitate \u00een pre\u021bul benzinei sau motorinei, dar o cre\u0219tere a pre\u021bului \u021bi\u021beiului, c\u00e2t timp pre\u021bul benzinei este influen\u021bat \u00een propor\u021bie de 40-50% de pre\u021bul \u021bi\u021beiului, inevitabil se va reflecta\u201d, a mai spus Bolojan.&nbsp;<\/span><\/span><\/p>\n<p id=\"p-4\">Acesta a precizat faptul c\u0103 impactul asupra pre\u021burilor va fi mai mic \u00een situa\u021bia \u00een care criza se va \u00eencheia mai repede, \u00eens\u0103 dac\u0103 situa\u021bia se complic\u0103, atunci impactul poate s\u0103 fie unul mai mare.<\/p>\n<p id=\"p-5\"><span class=\"cursor-pointer group\" title=\"Reda\u021bi \u00eencep\u00e2nd de la 1:48\"><span class=\"group-hover:bg-base-200 rounded p-0.5 -m-0.5 bg-primary\/25 transition-all duration-200\" data-start=\"107740\" data-end=\"121200\" data-active>\u201eCu c\u00e2t aceast\u0103 criz\u0103 se termin\u0103 mai repede, impactul va fi mai mic, deci s-ar putea s\u0103 avem ni\u0219te cre\u0219teri marginale de tip emo\u021bional, sau de echilibrare de pre\u021buri pentru c\u0103 se cump\u0103r\u0103 ceva mai mult.<\/span><\/span>&nbsp;<span class=\"cursor-pointer group\" title=\"Reda\u021bi \u00eencep\u00e2nd de la 2:01\"><span class=\"group-hover:bg-base-200 rounded p-0.5 -m-0.5\" data-start=\"121320\" data-end=\"127400\">Cu c\u00e2t lucrurile se complic\u0103 mai mult, cu at\u00e2ta impactul poate s\u0103 fie mai mare\u201d, a punctat Bolojan.&nbsp;<\/span><\/span><\/p>\n<p id=\"p-6\">Aduc\u00e2ndu-i-se \u00een aten\u021bie faptul c\u0103 au fost mai multe scumpiri la pomp\u0103 \u00een ultimele dou\u0103 luni, de\u0219i conflictul din Orientul Mijlociu a izbucnit s\u0103pt\u0103m\u00e2na trecut\u0103, Bolojan a men\u021bionat c\u0103 pie\u021bele reac\u021bioneaz\u0103 la tensiunile interna\u021bionale, inclusiv la conflictul dintre Israel \u0219i Gaza \u0219i la evolu\u021biile din Iran. Premierul a comparat situa\u021bia cu reac\u021biile pie\u021belor financiare la instabilitate politic\u0103 intern\u0103.<\/p>\n<p id=\"p-7\"><span class=\"cursor-pointer group\" title=\"Reda\u021bi \u00eencep\u00e2nd de la 3:23\"><span class=\"group-hover:bg-base-200 rounded p-0.5 -m-0.5\" data-start=\"202880\" data-end=\"211100\">\u201eCre\u0219terea de pre\u021buri poate fi influen\u021bat\u0103 de cre\u0219terea tensiunilor interna\u021bionale.<\/span><\/span>&nbsp;<span class=\"cursor-pointer group\" title=\"Reda\u021bi \u00eencep\u00e2nd de la 3:31\"><span class=\"group-hover:bg-base-200 rounded p-0.5 -m-0.5\" data-start=\"211100\" data-end=\"224560\">G\u00e2ndi\u021bi-v\u0103 c\u0103 \u00een momentul \u00een care r\u0103zboiul din zona Israel, din Gaza, a \u00eenceput, el are poten\u021bial de contagiune \u00een zon\u0103.<\/span><\/span>&nbsp;<span class=\"cursor-pointer group\" title=\"Reda\u021bi \u00eencep\u00e2nd de la 3:45\"><span class=\"group-hover:bg-base-200 rounded p-0.5 -m-0.5\" data-start=\"224940\" data-end=\"228880\">Ceea ce s-a v\u0103zut \u0219i prin ceea ce s-a \u00eent\u00e2mplat \u00een Iran. <\/span><\/span><span class=\"cursor-pointer group\" title=\"Reda\u021bi \u00eencep\u00e2nd de la 3:49\"><span class=\"group-hover:bg-base-200 rounded p-0.5 -m-0.5 bg-primary\/25 transition-all duration-200\" data-start=\"229000\" data-end=\"243500\" data-active>\u00cen momentul \u00een care Statele Unite \u00ee\u0219i deplaseaz\u0103 \u00een zona Golfului, portavioanele, \u00een momentul \u00een care lucrurile se tensioneaz\u0103, pie\u021bele reac\u021bioneaz\u0103 la aceste informa\u021bii.<\/span><\/span>&nbsp;<span class=\"cursor-pointer group\" title=\"Reda\u021bi \u00eencep\u00e2nd de la 4:04\"><span class=\"group-hover:bg-base-200 rounded p-0.5 -m-0.5\" data-start=\"243580\" data-end=\"260760\">Exact cum \u00een Rom\u00e2nia, dac\u0103 \u0219tirile sunt \u00een permanen\u021b\u0103 panicarde, c\u0103 se \u00eent\u00e2mpl\u0103 o criz\u0103 politic\u0103, c\u0103 guvernul nu este stabil, (\u2026) dob\u00e2nzile la care se \u00eemprumut\u0103 Rom\u00e2nia, cresc cu c\u00e2teva procente\u201d, a punctat Bolojan.&nbsp;<\/span><\/span><\/p>\n<h2 id=\"chapter-1\">Bolojan, despre declara\u021biile contradictorii f\u0103cute de ministrul Energiei<\/h2>\n<p id=\"p-8\">Referitor la declara\u021biile contradictorii ale ministrului energiei privind posibilitatea ca pre\u021bul s\u0103 ajung\u0103 la 10 lei, Bolojan a afirmat c\u0103 \u00een astfel de contexte \u201ecel mai \u00een\u021belept lucru este sau s\u0103 nu faci multe declara\u021bii, sau s\u0103 fii prudent \u00een astfel de declara\u021bii, pentru c\u0103 unele cuvinte pot genera ni\u0219te efecte care \u00eenseamn\u0103 costuri\u201d.<\/p>\n","protected":false},"excerpt":{"rendered":"<p>Invitat miercuri seara la B1 TV, premierul Ilie Bolojan a fost \u00eentrebat dac\u0103 ne putem a\u0219tepta la o cre\u0219tere a pre\u021bului la combustibil, \u00een contextul evolu\u021biilor din Orientul Mijlociu, care &hellip; <a href=\"https:\/\/microscopemedia.com\/?p=680031\" class=\"more-link\">Read More<\/a><\/p>\n","protected":false},"author":1,"featured_media":680032,"comment_status":"closed","ping_status":"closed","sticky":false,"template":"Default","format":"standard","meta":[],"categories":[1],"tags":[],"_links":{"self":[{"href":"https:\/\/microscopemedia.com\/index.php?rest_route=\/wp\/v2\/posts\/680031"}],"collection":[{"href":"https:\/\/microscopemedia.com\/index.php?rest_route=\/wp\/v2\/posts"}],"about":[{"href":"https:\/\/microscopemedia.com\/index.php?rest_route=\/wp\/v2\/types\/post"}],"author":[{"embeddable":true,"href":"https:\/\/microscopemedia.com\/index.php?rest_route=\/wp\/v2\/users\/1"}],"replies":[{"embeddable":true,"href":"https:\/\/microscopemedia.com\/index.php?rest_route=%2Fwp%2Fv2%2Fcomments&post=680031"}],"version-history":[{"count":0,"href":"https:\/\/microscopemedia.com\/index.php?rest_route=\/wp\/v2\/posts\/680031\/revisions"}],"wp:featuredmedia":[{"embeddable":true,"href":"https:\/\/microscopemedia.com\/index.php?rest_route=\/wp\/v2\/media\/680032"}],"wp:attachment":[{"href":"https:\/\/microscopemedia.com\/index.php?rest_route=%2Fwp%2Fv2%2Fmedia&parent=680031"}],"wp:term":[{"taxonomy":"category","embeddable":true,"href":"https:\/\/microscopemedia.com\/index.php?rest_route=%2Fwp%2Fv2%2Fcategories&post=680031"},{"taxonomy":"post_tag","embeddable":true,"href":"https:\/\/microscopemedia.com\/index.php?rest_route=%2Fwp%2Fv2%2Ftags&post=680031"}],"curies":[{"name":"wp","href":"https:\/\/api.w.org\/{rel}","templated":true}]}}