{"id":680033,"date":"2026-03-04T18:16:03","date_gmt":"2026-03-04T18:16:03","guid":{"rendered":"https:\/\/microscopemedia.com\/?p=680033"},"modified":"2026-03-04T18:16:03","modified_gmt":"2026-03-04T18:16:03","slug":"ilie-bolojan-cea-mai-buna-solutie-este-ca-primariile-care-au-o-granita-administrativa-cu-o-resedinta-de-judet-sa-devina-primarii-de-sector","status":"publish","type":"post","link":"https:\/\/microscopemedia.com\/?p=680033","title":{"rendered":"Ilie Bolojan: cea mai bun\u0103 solu\u021bie este ca prim\u0103riile care au o grani\u021b\u0103 administrativ\u0103\u00a0cu o re\u0219edin\u021b\u0103 de jude\u021b, s\u0103 devin\u0103 prim\u0103rii de sector"},"content":{"rendered":"<div><img decoding=\"async\" src=\"https:\/\/microscopemedia.com\/wp-content\/uploads\/2026\/03\/ilie-bolojan-cea-mai-buna-solutie-este-ca-primariile-care-au-o-granita-administrativa-cu-o-resedinta-de-judet-sa-devina-primarii-de-sector.png\" class=\"ff-og-image-inserted\"><\/div>\n<p id=\"p-0\"><span class=\"cursor-pointer group\" title=\"Reda\u021bi \u00eencep\u00e2nd de la 7:04\"><span class=\"group-hover:bg-base-200 rounded p-0.5 -m-0.5\" data-start=\"424360\" data-end=\"431080\">Premierul Ilie Bolojan s-a declarat la postul de televiziune B1, \u00een favoarea comas\u0103rii unor localit\u0103\u021bi, \u00eens\u0103 \u00een baza unor decizii politice \u0219i a unor analize temeinice.<\/span><\/span><\/p>\n<p id=\"p-1\"><span class=\"cursor-pointer group\" title=\"Reda\u021bi \u00eencep\u00e2nd de la 7:04\"><span class=\"group-hover:bg-base-200 rounded p-0.5 -m-0.5\" data-start=\"424360\" data-end=\"431080\">\u201eDin punctul meu de vedere, dac\u0103 m\u00e2ine am comasa comunele sub 1500 de locuitori,<\/span><\/span>&nbsp;<span class=\"cursor-pointer group\" title=\"Reda\u021bi \u00eencep\u00e2nd de la 7:11\"><span class=\"group-hover:bg-base-200 rounded p-0.5 -m-0.5\" data-start=\"431360\" data-end=\"432460\">nu s-ar \u00eent\u00e2mpla nimic.<\/span><\/span>&nbsp;<span class=\"cursor-pointer group\" title=\"Reda\u021bi \u00eencep\u00e2nd de la 7:12\"><span class=\"group-hover:bg-base-200 rounded p-0.5 -m-0.5\" data-start=\"432460\" data-end=\"442340\">Dar aici nu trebuie s\u0103 facem comas\u0103ri f\u0103r\u0103 o analiz\u0103 care \u021bine cont de distan\u021be.<\/span><\/span>&nbsp;<span class=\"cursor-pointer group\" title=\"Reda\u021bi \u00eencep\u00e2nd de la 7:22\"><span class=\"group-hover:bg-base-200 rounded p-0.5 -m-0.5\" data-start=\"442440\" data-end=\"445580\">Uneori sunt comune care nu au un num\u0103r mare de locuitori,<\/span><\/span>&nbsp;<span class=\"cursor-pointer group\" title=\"Reda\u021bi \u00eencep\u00e2nd de la 7:26\"><span class=\"group-hover:bg-base-200 rounded p-0.5 -m-0.5\" data-start=\"445660\" data-end=\"450900\">dar au o distan\u021b\u0103 destul de mare, sunt \u00eempr\u0103\u0219tiate de condi\u021biile reale\u201d, a declarat Ilie Bolojan.<\/span><\/span><\/p>\n<p id=\"p-2\"><span class=\"cursor-pointer group\" title=\"Reda\u021bi \u00eencep\u00e2nd de la 7:31\"><span class=\"group-hover:bg-base-200 rounded p-0.5 -m-0.5\" data-start=\"451020\" data-end=\"455440\">Prim-ministrul sus\u021bine c\u0103 eventualele comas\u0103ri nu pot fi realizate dec\u00e2t dup\u0103 viitoarele alegeri locale. \u201eAcest lucru \u0219i \u00een \u021b\u0103rile \u00een care s-a f\u0103cut, de exemplu cum este Polonia,<\/span><\/span>&nbsp;<span class=\"cursor-pointer group\" title=\"Reda\u021bi \u00eencep\u00e2nd de la 7:36\"><span class=\"group-hover:bg-base-200 rounded p-0.5 -m-0.5\" data-start=\"455580\" data-end=\"458120\">care a trecut prin mai multe r\u00e2nduri de reorganiz\u0103ri,<\/span><\/span>&nbsp;<span class=\"cursor-pointer group\" title=\"Reda\u021bi \u00eencep\u00e2nd de la 7:38\"><span class=\"group-hover:bg-base-200 rounded p-0.5 -m-0.5\" data-start=\"458120\" data-end=\"461800\">a \u00eensemnat c\u0103 se ia o decizie, s\u0103 zicem, m\u00e2ine,<\/span><\/span>&nbsp;<span class=\"cursor-pointer group\" title=\"Reda\u021bi \u00eencep\u00e2nd de la 7:42\"><span class=\"group-hover:bg-base-200 rounded p-0.5 -m-0.5\" data-start=\"462280\" data-end=\"465020\">dar ea se aplic\u0103 de la alegerile urm\u0103toare,<\/span><\/span>&nbsp;<span class=\"cursor-pointer group\" title=\"Reda\u021bi \u00eencep\u00e2nd de la 7:45\"><span class=\"group-hover:bg-base-200 rounded p-0.5 -m-0.5\" data-start=\"465100\" data-end=\"466600\">sau de la urm\u0103torul r\u00e2nd de alegeri. <span class=\"cursor-pointer group\" title=\"Reda\u021bi \u00eencep\u00e2nd de la 7:52\">Ast\u0103zi, din punctul meu de vedere, dac\u0103 se va crea o mas\u0103 critic\u0103 pe tema asta,<\/span>&nbsp;<span class=\"cursor-pointer group\" title=\"Reda\u021bi \u00eencep\u00e2nd de la 7:59\">nu v\u0103d de ce, cel pu\u021bin eu personal sunt de acord cu acest lucru<\/span>\u201d, a spus premierul.<\/span><\/span><\/p>\n<p id=\"p-3\"><span class=\"cursor-pointer group\" title=\"Reda\u021bi \u00eencep\u00e2nd de la 8:15\"><span class=\"group-hover:bg-base-200 rounded p-0.5 -m-0.5\" data-start=\"494680\" data-end=\"500880\">Ilie Bolojan a venit \u0219i cu o solu\u021bie pentru organizarea zonelor metropolitane.<\/span><\/span><\/p>\n<p id=\"p-4\"><span class=\"cursor-pointer group\" title=\"Reda\u021bi \u00eencep\u00e2nd de la 8:15\"><span class=\"group-hover:bg-base-200 rounded p-0.5 -m-0.5\" data-start=\"494680\" data-end=\"500880\">\u201eDezvoltarea este concentrat\u0103 \u00een re\u0219edin\u021bele de jude\u021b,<\/span><\/span>&nbsp;<span class=\"cursor-pointer group\" title=\"Reda\u021bi \u00eencep\u00e2nd de la 8:21\"><span class=\"group-hover:bg-base-200 rounded p-0.5 -m-0.5\" data-start=\"500940\" data-end=\"504000\">c\u00e2t ne place, c\u00e2t nu ne place, sau \u00een zonele metropolitane. <\/span><\/span><span class=\"cursor-pointer group\" title=\"Reda\u021bi \u00eencep\u00e2nd de la 8:25\"><span class=\"group-hover:bg-base-200 rounded p-0.5 -m-0.5\" data-start=\"504540\" data-end=\"508080\">Acolo s-a concentrat dezvoltarea \u00een ultimii 20 de ani \u00een Rom\u00e2nia.<\/span><\/span>&nbsp;<span class=\"cursor-pointer group\" title=\"Reda\u021bi \u00eencep\u00e2nd de la 8:28\"><span class=\"group-hover:bg-base-200 rounded p-0.5 -m-0.5\" data-start=\"508080\" data-end=\"512120\">Pe l\u00e2ng\u0103 migra\u021bia extern\u0103 pe care am avut-o, am avut o migra\u021bie d<\/span><\/span><span class=\"cursor-pointer group\" title=\"Reda\u021bi \u00eencep\u00e2nd de la 8:33\"><span class=\"group-hover:bg-base-200 rounded p-0.5 -m-0.5\" data-start=\"513080\" data-end=\"514159\">in rural \u00een urban.<\/span><\/span><\/p>\n<p id=\"p-5\"><span class=\"cursor-pointer group\" title=\"Reda\u021bi \u00eencep\u00e2nd de la 8:39\"><span class=\"group-hover:bg-base-200 rounded p-0.5 -m-0.5\" data-start=\"519400\" data-end=\"525080\">Problemele pe care le avem ast\u0103zi este c\u0103 \u00eentre re\u0219edin\u021ba de jude\u021b \u0219i zona metropolitan\u0103<\/span><\/span>&nbsp;<span class=\"cursor-pointer group\" title=\"Reda\u021bi \u00eencep\u00e2nd de la 8:46\"><span class=\"group-hover:bg-base-200 rounded p-0.5 -m-0.5\" data-start=\"526020\" data-end=\"531460\">nu exist\u0103 o planificare a dezvolt\u0103rii, pentru c\u0103 actuala legisla\u021bie care \u021bine<\/span><\/span>&nbsp;<span class=\"cursor-pointer group\" title=\"Reda\u021bi \u00eencep\u00e2nd de la 8:51\"><span class=\"group-hover:bg-base-200 rounded p-0.5 -m-0.5\" data-start=\"531460\" data-end=\"540360\">de zone metropolitane nu d\u0103 o autoritate unei singure prim\u0103riii de re\u0219edin\u021b\u0103,<\/span><\/span>&nbsp;<span class=\"cursor-pointer group\" title=\"Reda\u021bi \u00eencep\u00e2nd de la 9:01\"><span class=\"group-hover:bg-base-200 rounded p-0.5 -m-0.5\" data-start=\"540760\" data-end=\"542040\">ci \u00eenseamn\u0103 consens.<\/span><\/span>&nbsp;<span class=\"cursor-pointer group\" title=\"Reda\u021bi \u00eencep\u00e2nd de la 9:02\"><span class=\"group-hover:bg-base-200 rounded p-0.5 -m-0.5\" data-start=\"542140\" data-end=\"546780\">Ori acolo unde primarii au avut o rela\u021bie bun\u0103, unde au fost rezonabili,<\/span><\/span>&nbsp;<span class=\"cursor-pointer group\" title=\"Reda\u021bi \u00eencep\u00e2nd de la 9:07\"><span class=\"group-hover:bg-base-200 rounded p-0.5 -m-0.5\" data-start=\"546860\" data-end=\"549080\">unde s-au \u00een\u021beles, au putut face proiecte \u00een comun,<\/span><\/span>&nbsp;<span class=\"cursor-pointer group\" title=\"Reda\u021bi \u00eencep\u00e2nd de la 9:10\"><span class=\"group-hover:bg-base-200 rounded p-0.5 -m-0.5\" data-start=\"549560\" data-end=\"558880\">g\u00e2ndi\u021bi-v\u0103 cu c\u00e2t o zon\u0103 este mai divizat\u0103, cu c\u00e2t problemele sunt mai \u00eemp\u0103r\u021bite,<\/span><\/span>&nbsp;<span class=\"cursor-pointer group\" title=\"Reda\u021bi \u00eencep\u00e2nd de la 9:19\"><span class=\"group-hover:bg-base-200 rounded p-0.5 -m-0.5\" data-start=\"558880\" data-end=\"561780\">cu at\u00e2ta \u0219ansa s\u0103 faci proiecte combinate, scade.<\/span><\/span>&nbsp;<span class=\"cursor-pointer group\" title=\"Reda\u021bi \u00eencep\u00e2nd de la 9:22\"><span class=\"group-hover:bg-base-200 rounded p-0.5 -m-0.5\" data-start=\"561940\" data-end=\"567040\">Deci cea mai bun\u0103 solu\u021bie este c\u0103 prim\u0103riile care au o grani\u021b\u0103 administrativ\u0103<\/span><\/span>&nbsp;<span class=\"cursor-pointer group\" title=\"Reda\u021bi \u00eencep\u00e2nd de la 9:27\"><span class=\"group-hover:bg-base-200 rounded p-0.5 -m-0.5\" data-start=\"567040\" data-end=\"571240\">cu o re\u0219edin\u021b\u0103 de jude\u021b, indiferent care ea, s\u0103 devin\u0103 prim\u0103rii de sector. <\/span><\/span><span class=\"cursor-pointer group\" title=\"Reda\u021bi \u00eencep\u00e2nd de la 9:33\"><span class=\"group-hover:bg-base-200 rounded p-0.5 -m-0.5\" data-start=\"572600\" data-end=\"574860\">Un mandat, dou\u0103 mandate, trei mandate.<\/span><\/span>&nbsp;<span class=\"cursor-pointer group\" title=\"Reda\u021bi \u00eencep\u00e2nd de la 9:36\"><span class=\"group-hover:bg-base-200 rounded p-0.5 -m-0.5\" data-start=\"575720\" data-end=\"579120\">Planurile de dezvoltare mari le face prim\u0103ria de re\u0219edin\u021b\u0103<\/span><\/span><span class=\"cursor-pointer group\" title=\"Reda\u021bi \u00eencep\u00e2nd de la 9:39\"><span class=\"group-hover:bg-base-200 rounded p-0.5 -m-0.5\" data-start=\"579200\" data-end=\"580600\">.<\/span><\/span>&nbsp;<span class=\"cursor-pointer group\" title=\"Reda\u021bi \u00eencep\u00e2nd de la 9:41\"><span class=\"group-hover:bg-base-200 rounded p-0.5 -m-0.5\" data-start=\"581000\" data-end=\"586440\">Foarte multe din aceste zone sunt zone dormitor pentru re\u0219edin\u021ba de jude\u021b\u201d, a spus Ilie Bolojan.<\/span><\/span><\/p>\n<p id=\"p-6\"><span class=\"cursor-pointer group\" title=\"Reda\u021bi \u00eencep\u00e2nd de la 9:46\"><span class=\"group-hover:bg-base-200 rounded p-0.5 -m-0.5\" data-start=\"586440\" data-end=\"590920\">Premierul a dat ca exemplu<\/span><\/span><span class=\"cursor-pointer group\" title=\"Reda\u021bi \u00eencep\u00e2nd de la 9:52\"><span class=\"group-hover:bg-base-200 rounded p-0.5 -m-0.5\" data-start=\"591740\" data-end=\"597440\"> zone de prim\u0103rii extinse, a\u0219a cum exist\u0103 \u00een lume, \u00een zona <\/span><\/span><span class=\"cursor-pointer group\" title=\"Reda\u021bi \u00eencep\u00e2nd de la 9:58\"><span class=\"group-hover:bg-base-200 rounded p-0.5 -m-0.5\" data-start=\"597960\" data-end=\"603340\">unor ora\u0219e mari, unde sunt sisteme de zone metropolitane,<\/span><\/span>&nbsp;<span class=\"cursor-pointer group\" title=\"Reda\u021bi \u00eencep\u00e2nd de la 10:03\"><span class=\"group-hover:bg-base-200 rounded p-0.5 -m-0.5\" data-start=\"603440\" data-end=\"607220\">dar organizate \u0219i planificate. Asta ar \u00eensemna c\u0103 prim\u0103ria din re\u0219edin\u021b\u0103<\/span><\/span>&nbsp;<span class=\"cursor-pointer group\" title=\"Reda\u021bi \u00eencep\u00e2nd de la 10:07\"><span class=\"group-hover:bg-base-200 rounded p-0.5 -m-0.5\" data-start=\"607220\" data-end=\"611280\">se ocup\u0103 de transportul \u00een comun, de circula\u021bie, de sistemele mari,<\/span><\/span>&nbsp;<span class=\"cursor-pointer group\" title=\"Reda\u021bi \u00eencep\u00e2nd de la 10:11\"><span class=\"group-hover:bg-base-200 rounded p-0.5 -m-0.5\" data-start=\"611280\" data-end=\"615180\">de urbanismul mare, iar prim\u0103ria din comuna respectiv\u0103<\/span><\/span>&nbsp;<span class=\"cursor-pointer group\" title=\"Reda\u021bi \u00eencep\u00e2nd de la 10:15\"><span class=\"group-hover:bg-base-200 rounded p-0.5 -m-0.5\" data-start=\"615180\" data-end=\"620040\">r\u0103m\u00e2ne cu str\u0103zile secundare.<\/span><\/span><\/p>\n<p id=\"p-7\">&nbsp;<\/p>\n","protected":false},"excerpt":{"rendered":"<p>Premierul Ilie Bolojan s-a declarat la postul de televiziune B1, \u00een favoarea comas\u0103rii unor localit\u0103\u021bi, \u00eens\u0103 \u00een baza unor decizii politice \u0219i a unor analize temeinice. \u201eDin punctul meu de &hellip; <a href=\"https:\/\/microscopemedia.com\/?p=680033\" class=\"more-link\">Read More<\/a><\/p>\n","protected":false},"author":1,"featured_media":680034,"comment_status":"closed","ping_status":"closed","sticky":false,"template":"Default","format":"standard","meta":[],"categories":[1],"tags":[],"_links":{"self":[{"href":"https:\/\/microscopemedia.com\/index.php?rest_route=\/wp\/v2\/posts\/680033"}],"collection":[{"href":"https:\/\/microscopemedia.com\/index.php?rest_route=\/wp\/v2\/posts"}],"about":[{"href":"https:\/\/microscopemedia.com\/index.php?rest_route=\/wp\/v2\/types\/post"}],"author":[{"embeddable":true,"href":"https:\/\/microscopemedia.com\/index.php?rest_route=\/wp\/v2\/users\/1"}],"replies":[{"embeddable":true,"href":"https:\/\/microscopemedia.com\/index.php?rest_route=%2Fwp%2Fv2%2Fcomments&post=680033"}],"version-history":[{"count":0,"href":"https:\/\/microscopemedia.com\/index.php?rest_route=\/wp\/v2\/posts\/680033\/revisions"}],"wp:featuredmedia":[{"embeddable":true,"href":"https:\/\/microscopemedia.com\/index.php?rest_route=\/wp\/v2\/media\/680034"}],"wp:attachment":[{"href":"https:\/\/microscopemedia.com\/index.php?rest_route=%2Fwp%2Fv2%2Fmedia&parent=680033"}],"wp:term":[{"taxonomy":"category","embeddable":true,"href":"https:\/\/microscopemedia.com\/index.php?rest_route=%2Fwp%2Fv2%2Fcategories&post=680033"},{"taxonomy":"post_tag","embeddable":true,"href":"https:\/\/microscopemedia.com\/index.php?rest_route=%2Fwp%2Fv2%2Ftags&post=680033"}],"curies":[{"name":"wp","href":"https:\/\/api.w.org\/{rel}","templated":true}]}}