{"id":680035,"date":"2026-03-04T18:26:04","date_gmt":"2026-03-04T18:26:04","guid":{"rendered":"https:\/\/microscopemedia.com\/?p=680035"},"modified":"2026-03-04T18:26:04","modified_gmt":"2026-03-04T18:26:04","slug":"continuarea-plafonarii-la-gaze-pe-agenda-guvernului-ilie-bolojan-sper-ca-maine-vom-adopta-o-ordonanta-care-sa-asigure-ca-pretul-la-gaz-nu-va-creste","status":"publish","type":"post","link":"https:\/\/microscopemedia.com\/?p=680035","title":{"rendered":"Continuarea plafon\u0103rii la gaze, pe agenda Guvernului. Ilie Bolojan: Sper c\u0103 m\u00e2ine vom adopta o ordonan\u021b\u0103 care s\u0103 asigure c\u0103 pre\u021bul la gaz nu va cre\u0219te"},"content":{"rendered":"<div><img decoding=\"async\" src=\"https:\/\/microscopemedia.com\/wp-content\/uploads\/2026\/03\/continuarea-plafonarii-la-gaze-pe-agenda-guvernului-ilie-bolojan-sper-ca-maine-vom-adopta-o-ordonanta-care-sa-asigure-ca-pretul-la-gaz-nu-va-creste.jpg\" class=\"ff-og-image-inserted\"><\/div>\n<p id=\"p-0\">Premierul Ilie Bolojan a anun\u021bat c\u0103 sper\u0103 ca \u00een \u0219edin\u021ba de joi s\u0103 fie adoptat proiectul de ordonan\u021b\u0103 de urgen\u021b\u0103 prin care se introduc pre\u021buri reglementate la gaze naturale pe tot lan\u021bul, pentru ca Rom\u00e2nia s\u0103 se asigure c\u0103 pre\u021bul la gaz nu va cre\u0219te \u00een perioada urm\u0103toare m\u0103car pe acest segment.<\/p>\n<p id=\"p-1\">\u201e\u00cen ceea ce prive\u0219te partea de gaz, acolo suntem \u00eentr-o situa\u021bie \u00een care <a href=\"https:\/\/www.mediafax.ro\/economic\/sunt-afectate-de-razboiul-din-iran-importurile-in-romania-si-tranzitul-gazelor-din-sud-spre-ucraina-moldova-si-europa-centrala-raspunsul-sefului-transgaz-23696730\">Rom\u00e2nia \u00ee\u0219i asigur\u0103 \u00eentr-o pondere destul de mare componenta de gaz<\/a> \u0219i sper c\u0103 m\u00e2ine vom adopta un act normativ, o ordonan\u021b\u0103, care s\u0103 asigure c\u0103 pre\u021bul la gaz nu va cre\u0219te \u00een perioada urm\u0103toare \u0219i s\u0103 ne protej\u0103m indirect, cel pu\u021bin pe aceast\u0103 component\u0103\u201d, a declarat premierul Ilie Bolojan, miercuri seara, \u00een platoul B1.<\/p>\n<p id=\"p-2\">Este vorba de proiectul de ordonan\u021b\u0103 de urgen\u021b\u0103 privind m\u0103surile aplicabile clien\u0163ilor finali casnici din pia\u0163a de gaze naturale \u00een perioada 1 aprilie 2026 \u2013 31 martie 2027,publicat de Ministerul Energiei \u00een transparen\u021b\u0103 decizional\u0103 pe 17 februarie.<\/p>\n<blockquote readability=\"22.713777777778\">\n<p id=\"p-3\">\u201eTrebuie s\u0103 recunoa\u0219tem c\u0103 \u00eentotdeauna pre\u021bul la electricitate, <a href=\"https:\/\/www.mediafax.ro\/economic\/ce-spune-sefa-omv-petrom-despre-pretul-reglementat-la-gaze-din-proiectul-de-oug-privind-masurile-dupa-expirarea-plafonarii-23691711\">pre\u021bul la gaz<\/a>, pre\u021bul la combustibil sunt elemente de baz\u0103 a unei structuri mari de produse, influen\u021beaz\u0103 foarte mult infla\u021bia \u0219i orice cre\u0219tere a acestor tarife pe care le uziteaz\u0103 larg to\u021bi cet\u0103\u021benii \u0219i economia \u00eenseamn\u0103 elemente de infla\u021bie. \u0218i unul din motivele pentru care am adoptat aceast\u0103 propunere, de fapt o vom pune \u00een practic\u0103 m\u00e2ine, de a plafona pre\u021burile la gaz, \u00een afar\u0103 de a nu avea puseuri de cre\u0219teri de pre\u021b, aceast\u0103 m\u0103sur\u0103 are \u00een vedere perioada de tranzi\u021bie din care s\u0103 nu mai avem un puseu infla\u021bionist p\u00e2n\u0103 anul viitor c\u00e2nd, intr\u00e2nd \u00een exploatare resursele suplimentare din Marea Neagr\u0103, cu siguran\u021b\u0103 Rom\u00e2nia va fi \u00een totalitate independent\u0103 pe componenta de gaz \u0219i nu mai depindem foarte mult de ceea ce se \u00eent\u00e2mpl\u0103 pe pie\u021bele global. Dar \u0219i aici, g\u00e2ndi\u021bi-v\u0103 c\u0103 toate contractele de export, de v\u00e2nz\u0103ri, se raporteaz\u0103 la pre\u021burile care sunt la bursele europene, de exemplu, \u0219i inevitabil orice fel de mi\u0219care ne influen\u021beaz\u0103 indirect\u201d, a detaliat \u0219eful Executivului.<\/p>\n<\/blockquote>\n<h2 id=\"chapter-0\">Ce prevede proiectul<\/h2>\n<p id=\"p-4\">Proiectul de act normativ are drept scop <a href=\"https:\/\/www.mediafax.ro\/economic\/care-este-noua-schema-de-ajutor-la-gaze-pentru-clientii-casnici-ministerul-energiei-propune-trecerea-treptata-la-o-piata-liberalizata-23688451\">continuarea protej\u0103rii consumatorilor casnici de gaze naturale<\/a>&nbsp;pentru perioada 1 aprilie 2026 \u2013 31 martie 2027 \u0219i trecerea treptat\u0103 la o pia\u021b\u0103 liberalizat\u0103 de gaze naturale pentru consumatorii casnici, iar \u201e\u00eenainte de liberalizarea complet\u0103 s\u0103 se poat\u0103 asigura preg\u0103tirea temeinic\u0103 a m\u0103surilor de sprijin care se vor acorda punctual consumatorilor afecta\u021bi de s\u0103r\u0103cia energetic\u0103\u201d.<\/p>\n<p id=\"p-5\">Astfel, <a href=\"https:\/\/www.mediafax.ro\/economic\/razvan-popescu-ceo-romgaz-cred-ca-vom-fi-pregatiti-tehnic-ca-odata-cu-iesirea-din-plafonare-la-1-aprilie-sa-putem-sa-fim-in-piata-furnizarii-gazelor-23691660\">pre\u021bul propus este de 110 lei\/MWh la produc\u0103tori<\/a>, fa\u021b\u0103 de 120 de lei\/MWh, c\u00e2t este cel reglementat \u00een prezent. Conform actualei scheme, p\u00e2n\u0103 la 31 martie, popula\u021bia beneficiaz\u0103 de un plafon de 0,31 lei\/kWh, iar firmele cu consum de p\u00e2n\u0103 la 50.000 MWh pe an \u2013 de unul de 0,37 lei\/kWh, \u00een timp ce CET-urile beneficiaz\u0103 de pre\u021b reglementat de 120 lei\/MWh dac\u0103 acestea cump\u0103r\u0103 de la produc\u0103torii interni sau de 370 lei\/MWh, dac\u0103 achizi\u021bioneaz\u0103 de la furnizori.<\/p>\n<p id=\"p-6\">De amintit c\u0103, potrivit declara\u021biilor pentru Mediafax ale unui oficial din cadrul Executivului comunitar, <span><a href=\"https:\/\/www.mediafax.ro\/economic\/exclusiv-oficial-de-la-bruxelles-romania-a-anuntat-informal-comisia-ca-vrea-sa-introduca-un-nou-mecanism-de-stabilire-a-pretului-la-gaze-dupa-expirarea-plafonarii-ce-spune-directiva-ue-23689725\">Rom\u00e2nia notificase informal, dar ar trebui s\u0103 notifice oficial Comisia European\u0103<\/a> <\/span>cu privire la proiectul de ordonan\u021b\u0103 de urgen\u021b\u0103 conform obliga\u021biile cuprinse \u00een Directiva privind gazele naturale.<\/p>\n","protected":false},"excerpt":{"rendered":"<p>Premierul Ilie Bolojan a anun\u021bat c\u0103 sper\u0103 ca \u00een \u0219edin\u021ba de joi s\u0103 fie adoptat proiectul de ordonan\u021b\u0103 de urgen\u021b\u0103 prin care se introduc pre\u021buri reglementate la gaze naturale pe &hellip; <a href=\"https:\/\/microscopemedia.com\/?p=680035\" class=\"more-link\">Read More<\/a><\/p>\n","protected":false},"author":1,"featured_media":680036,"comment_status":"closed","ping_status":"closed","sticky":false,"template":"Default","format":"standard","meta":[],"categories":[1],"tags":[],"_links":{"self":[{"href":"https:\/\/microscopemedia.com\/index.php?rest_route=\/wp\/v2\/posts\/680035"}],"collection":[{"href":"https:\/\/microscopemedia.com\/index.php?rest_route=\/wp\/v2\/posts"}],"about":[{"href":"https:\/\/microscopemedia.com\/index.php?rest_route=\/wp\/v2\/types\/post"}],"author":[{"embeddable":true,"href":"https:\/\/microscopemedia.com\/index.php?rest_route=\/wp\/v2\/users\/1"}],"replies":[{"embeddable":true,"href":"https:\/\/microscopemedia.com\/index.php?rest_route=%2Fwp%2Fv2%2Fcomments&post=680035"}],"version-history":[{"count":0,"href":"https:\/\/microscopemedia.com\/index.php?rest_route=\/wp\/v2\/posts\/680035\/revisions"}],"wp:featuredmedia":[{"embeddable":true,"href":"https:\/\/microscopemedia.com\/index.php?rest_route=\/wp\/v2\/media\/680036"}],"wp:attachment":[{"href":"https:\/\/microscopemedia.com\/index.php?rest_route=%2Fwp%2Fv2%2Fmedia&parent=680035"}],"wp:term":[{"taxonomy":"category","embeddable":true,"href":"https:\/\/microscopemedia.com\/index.php?rest_route=%2Fwp%2Fv2%2Fcategories&post=680035"},{"taxonomy":"post_tag","embeddable":true,"href":"https:\/\/microscopemedia.com\/index.php?rest_route=%2Fwp%2Fv2%2Ftags&post=680035"}],"curies":[{"name":"wp","href":"https:\/\/api.w.org\/{rel}","templated":true}]}}