{"id":680039,"date":"2026-03-04T18:56:03","date_gmt":"2026-03-04T18:56:03","guid":{"rendered":"https:\/\/microscopemedia.com\/?p=680039"},"modified":"2026-03-04T18:56:03","modified_gmt":"2026-03-04T18:56:03","slug":"razboiul-din-orientul-mijlociu-ziua-5-israel-si-sua-cresc-presiunea-si-loviturile-senatul-sua-se-pregateste-sa-l-opreasca-pe-trump","status":"publish","type":"post","link":"https:\/\/microscopemedia.com\/?p=680039","title":{"rendered":"R\u0103zboiul din Orientul Mijlociu, ziua 5. Israel \u0219i SUA cresc presiunea \u0219i loviturile \/ Senatul SUA se preg\u0103te\u0219te s\u0103-l opreasc\u0103 pe Trump"},"content":{"rendered":"<div><img decoding=\"async\" src=\"https:\/\/microscopemedia.com\/wp-content\/uploads\/2026\/03\/razboiul-din-orientul-mijlociu-ziua-5-israel-si-sua-cresc-presiunea-si-loviturile-senatul-sua-se-pregateste-sa-l-opreasca-pe-trump.jpg\" class=\"ff-og-image-inserted\"><\/div>\n<h2 id=\"chapter-0\">Pre\u0219edintele iranian Masoud Pezeshkian reac\u021bioneaz\u0103 la tensiunile SUA-Spania<\/h2>\n<p id=\"p-0\">Pre\u0219edintele iranian Masoud Pezeshkian a reac\u021bionat la tensiunile SUA-Spania, dup\u0103 ce mar\u021bi, pre\u0219edintele american Donald Trump a anun\u021bat c\u0103 va \u00eenrerupe rela\u021biile comerciale cu Spania \u00eentruc\u00e2t \u021bara nu a permis accesul SUA \u00een bazele militare.<\/p>\n<p id=\"p-1\">\u201eConduita responsabil\u0103 a Spaniei \u00een opozi\u021bia cu \u00eenc\u0103lc\u0103rile flagrante ale drepturilor omului \u0219i agresiunea militar\u0103 a coali\u021biei sionist-americane \u00eempotriva unor \u021b\u0103ri, inclusiv Iranul, arat\u0103 c\u0103 etica \u0219i con\u0219tiin\u021bele trezite \u00eenc\u0103 exist\u0103 \u00een Occident. \u00cei felicit pe oficialii spanioli pentru pozi\u021biile lor\u201d, se arat\u0103 \u00een mesajul postat de Pezeshkian pe X.<\/p>\n<h2 id=\"chapter-1\">VIDEO. Cum s-a golit str\u00e2mtoarea Ormuz \u00een c\u00e2teva zile<\/h2>\n<h2 id=\"chapter-2\">Iranul a amenin\u021bat c\u0103 va viza ambasadele israeliene din \u00eentreaga lume dac\u0103 Israelul \u00eei atac\u0103 misiunea din Liban<\/h2>\n<p id=\"p-2\">\u201eDac\u0103 Israelul comite o astfel de crim\u0103, ne va obliga s\u0103 facem din toate ambasadele israeliene din \u00eentreaga lume \u021binta noastr\u0103 legitim\u0103\u201d, a declarat Abolfazl Shekarchi, purt\u0103tor de cuv\u00e2nt al for\u021belor armate ale regimului islamic.<\/p>\n<p id=\"p-3\">Mar\u021bi, Avichay Adraee, un purt\u0103tor de cuv\u00e2nt al IDF, i-a avertizat pe reprezentan\u021bii regimului iranian care se afl\u0103 \u00eenc\u0103 \u00een Liban s\u0103 plece imediat \u00eenainte de a fi viza\u021bi, acord\u00e2ndu-le 24 de ore pentru a pleca.<\/p>\n<h2 id=\"chapter-3\">Senatul va vota \u00een aceast\u0103 noapte pentru a-l obliga pe Trump s\u0103 \u00eenceteze atacurile asupra Iranului<\/h2>\n<p id=\"p-4\">Senatul urmeaz\u0103 s\u0103 ia un vot ini\u021bial miercuri, \u00een jurul orei 16:00, ora estic\u0103\/ SUA, privind blocarea pre\u0219edintelui Donald Trump de a ordona noi atacuri asupra Iranului, oferind primul test al sprijinului Congresului pentru o campanie lansat\u0103 de Trump f\u0103r\u0103 consim\u021b\u0103m\u00e2ntul s\u0103u.<\/p>\n<h2 id=\"chapter-4\">SUA consum\u0103 rapid arme de precizie \u0219i interceptoare antirachet\u0103 la doar c\u00e2teva zile de la \u00eenceputul campaniei din Iran<\/h2>\n<p id=\"p-5\">Oficialii avertizeaz\u0103 c\u0103 stocurile sunt utilizate at\u00e2t de repede \u00eenc\u00e2t armata ar putea fi \u201ela c\u00e2teva zile distan\u021b\u0103\u201d de a stabili priorit\u0103\u021bile amenin\u021b\u0103rilor viitoare pe care s\u0103 le intercepteze, noteaz\u0103&nbsp;<a href=\"https:\/\/www.washingtonpost.com\/world\/2026\/03\/04\/us-iran-israel-strikes-trump-live-updates\/#link-K2VSFSJ24ZHCXBCE4RDUVE6LBQ\" target=\"_blank\" rel=\"noopener\">The Washington Post<\/a>.<\/p>\n<p id=\"p-6\">Senatorul Mark Warner a declarat c\u0103 \u201emuni\u021biile noastre sunt insuficiente\u201d.<\/p>\n<p id=\"p-7\">Potrivit CNN, oficialii americani au declarat Congresului c\u0103 dronele Shahed ale Iranului reprezint\u0103 o provocare major\u0103 \u0219i c\u0103 ap\u0103rarea aerian\u0103 \u201enu va putea s\u0103 le intercepteze pe toate\u201d.<\/p>\n<p id=\"p-8\">De asemenea, parlamentarii au avertizat c\u0103 conflictul ar putea deveni o \u201eproblem\u0103 de matematic\u0103\u201d, deoarece stocurile de interceptori se epuizeaz\u0103.<\/p>\n<p id=\"p-9\">Senatorul Mark Kelly a declarat c\u0103 \u201enu avem o ofert\u0103 nelimitat\u0103\u201d, \u00een timp ce oficialii au recunoscut c\u0103 dronele \u201ereprezint\u0103 o problem\u0103 mai mare dec\u00e2t se anticipase\u201d.<\/p>\n","protected":false},"excerpt":{"rendered":"<p>Pre\u0219edintele iranian Masoud Pezeshkian reac\u021bioneaz\u0103 la tensiunile SUA-Spania Pre\u0219edintele iranian Masoud Pezeshkian a reac\u021bionat la tensiunile SUA-Spania, dup\u0103 ce mar\u021bi, pre\u0219edintele american Donald Trump a anun\u021bat c\u0103 va \u00eenrerupe rela\u021biile &hellip; <a href=\"https:\/\/microscopemedia.com\/?p=680039\" class=\"more-link\">Read More<\/a><\/p>\n","protected":false},"author":1,"featured_media":680040,"comment_status":"closed","ping_status":"closed","sticky":false,"template":"Default","format":"standard","meta":[],"categories":[1],"tags":[],"_links":{"self":[{"href":"https:\/\/microscopemedia.com\/index.php?rest_route=\/wp\/v2\/posts\/680039"}],"collection":[{"href":"https:\/\/microscopemedia.com\/index.php?rest_route=\/wp\/v2\/posts"}],"about":[{"href":"https:\/\/microscopemedia.com\/index.php?rest_route=\/wp\/v2\/types\/post"}],"author":[{"embeddable":true,"href":"https:\/\/microscopemedia.com\/index.php?rest_route=\/wp\/v2\/users\/1"}],"replies":[{"embeddable":true,"href":"https:\/\/microscopemedia.com\/index.php?rest_route=%2Fwp%2Fv2%2Fcomments&post=680039"}],"version-history":[{"count":0,"href":"https:\/\/microscopemedia.com\/index.php?rest_route=\/wp\/v2\/posts\/680039\/revisions"}],"wp:featuredmedia":[{"embeddable":true,"href":"https:\/\/microscopemedia.com\/index.php?rest_route=\/wp\/v2\/media\/680040"}],"wp:attachment":[{"href":"https:\/\/microscopemedia.com\/index.php?rest_route=%2Fwp%2Fv2%2Fmedia&parent=680039"}],"wp:term":[{"taxonomy":"category","embeddable":true,"href":"https:\/\/microscopemedia.com\/index.php?rest_route=%2Fwp%2Fv2%2Fcategories&post=680039"},{"taxonomy":"post_tag","embeddable":true,"href":"https:\/\/microscopemedia.com\/index.php?rest_route=%2Fwp%2Fv2%2Ftags&post=680039"}],"curies":[{"name":"wp","href":"https:\/\/api.w.org\/{rel}","templated":true}]}}