{"id":680041,"date":"2026-03-04T19:16:03","date_gmt":"2026-03-04T19:16:03","guid":{"rendered":"https:\/\/microscopemedia.com\/?p=680041"},"modified":"2026-03-04T19:16:03","modified_gmt":"2026-03-04T19:16:03","slug":"anuntul-casei-albe-despre-o-eventuala-operatiune-terestra-a-armatei-sua-in-iran","status":"publish","type":"post","link":"https:\/\/microscopemedia.com\/?p=680041","title":{"rendered":"Anun\u021bul Casei Albe despre o eventual\u0103 opera\u021biune terestr\u0103 a armatei SUA \u00een Iran"},"content":{"rendered":"<div><img decoding=\"async\" src=\"https:\/\/microscopemedia.com\/wp-content\/uploads\/2026\/03\/anuntul-casei-albe-despre-o-eventuala-operatiune-terestra-a-armatei-sua-in-iran.jpg\" class=\"ff-og-image-inserted\"><\/div>\n<p id=\"p-0\">Anun\u021bul a fost f\u0103cut miercuri de secretarul de pres\u0103 al Casei Albe, Karoline Leavitt, potrivit <a href=\"https:\/\/edition.cnn.com\/world\/live-news\/iran-war-us-israel-trump-03-04-26?t=1772650933789\" target=\"_blank\" rel=\"noopener\">CNN<\/a>. Ea a spus c\u0103 prezen\u021ba trupelor americane pe teren \u00een Iran nu face parte din plan \u201e\u00een acest moment\u201d.<\/p>\n<p id=\"p-1\">\u201eNu fac parte din planul pentru aceast\u0103 opera\u021biune \u00een acest moment, dar cu siguran\u021b\u0103 nu voi elimina niciodat\u0103 op\u021biunile militare \u00een numele pre\u0219edintelui Statelor Unite sau al comandantului suprem \u0219i, \u00een mod \u00een\u021belept, el nu face acela\u0219i lucru pentru sine\u201d, a declarat Karoline Leavitt.<\/p>\n<p id=\"p-2\">Comentariile ei vin \u00een contextul \u00een care \u0219eful Statului Major, generalul Dan Caine, a declarat tot miercuri c\u0103 SUA vor \u00eencepe \u201es\u0103 loveasc\u0103 progresiv mai ad\u00e2nc \u00een teritoriul iranian\u201d. De asemenea, secretarul american al Ap\u0103r\u0103rii, Pete Hegseth, i-a avertizat pe americani c\u0103 opera\u021biunile militare \u00eempotriva Teheranului sunt la \u00eenceput.<\/p>\n","protected":false},"excerpt":{"rendered":"<p>Anun\u021bul a fost f\u0103cut miercuri de secretarul de pres\u0103 al Casei Albe, Karoline Leavitt, potrivit CNN. Ea a spus c\u0103 prezen\u021ba trupelor americane pe teren \u00een Iran nu face parte &hellip; <a href=\"https:\/\/microscopemedia.com\/?p=680041\" class=\"more-link\">Read More<\/a><\/p>\n","protected":false},"author":1,"featured_media":680042,"comment_status":"closed","ping_status":"closed","sticky":false,"template":"Default","format":"standard","meta":[],"categories":[1],"tags":[],"_links":{"self":[{"href":"https:\/\/microscopemedia.com\/index.php?rest_route=\/wp\/v2\/posts\/680041"}],"collection":[{"href":"https:\/\/microscopemedia.com\/index.php?rest_route=\/wp\/v2\/posts"}],"about":[{"href":"https:\/\/microscopemedia.com\/index.php?rest_route=\/wp\/v2\/types\/post"}],"author":[{"embeddable":true,"href":"https:\/\/microscopemedia.com\/index.php?rest_route=\/wp\/v2\/users\/1"}],"replies":[{"embeddable":true,"href":"https:\/\/microscopemedia.com\/index.php?rest_route=%2Fwp%2Fv2%2Fcomments&post=680041"}],"version-history":[{"count":0,"href":"https:\/\/microscopemedia.com\/index.php?rest_route=\/wp\/v2\/posts\/680041\/revisions"}],"wp:featuredmedia":[{"embeddable":true,"href":"https:\/\/microscopemedia.com\/index.php?rest_route=\/wp\/v2\/media\/680042"}],"wp:attachment":[{"href":"https:\/\/microscopemedia.com\/index.php?rest_route=%2Fwp%2Fv2%2Fmedia&parent=680041"}],"wp:term":[{"taxonomy":"category","embeddable":true,"href":"https:\/\/microscopemedia.com\/index.php?rest_route=%2Fwp%2Fv2%2Fcategories&post=680041"},{"taxonomy":"post_tag","embeddable":true,"href":"https:\/\/microscopemedia.com\/index.php?rest_route=%2Fwp%2Fv2%2Ftags&post=680041"}],"curies":[{"name":"wp","href":"https:\/\/api.w.org\/{rel}","templated":true}]}}