{"id":680043,"date":"2026-03-04T19:26:04","date_gmt":"2026-03-04T19:26:04","guid":{"rendered":"https:\/\/microscopemedia.com\/?p=680043"},"modified":"2026-03-04T19:26:04","modified_gmt":"2026-03-04T19:26:04","slug":"seful-pentagonului-razboiul-cu-iranul-abia-a-inceput","status":"publish","type":"post","link":"https:\/\/microscopemedia.com\/?p=680043","title":{"rendered":"\u0218eful Pentagonului: R\u0103zboiul cu Iranul \u201eabia a \u00eenceput\u201d"},"content":{"rendered":"<div><img decoding=\"async\" src=\"https:\/\/microscopemedia.com\/wp-content\/uploads\/2026\/03\/seful-pentagonului-razboiul-cu-iranul-abia-a-inceput.jpg\" class=\"ff-og-image-inserted\"><\/div>\n<p id=\"p-0\">Pete Hegseth, \u0219eful Pentagonului, a afirmat miercuri faptul c\u0103 r\u0103zboiul cu Iranul \u201eabia a \u00eenceput\u201d. Avertismentele lui Hegseth \u0219i ale pre\u0219edintelui Comitetului \u0219efilor de stat major, generalul Dan Caine, cu privire la un conflict de lung\u0103 durat\u0103 au fost primele din partea oficialilor militari \u0219i \u00eent\u0103resc previziunile pre\u0219edintelui Donald Trump din ultimele zile, potrivit c\u0103rora campania \u00eempotriva Iranului ar putea dura mai multe s\u0103pt\u0103m\u00e2ni.<\/p>\n<p id=\"p-1\">\u201eAbia am \u00eenceput s\u0103 v\u00e2n\u0103m, s\u0103 demont\u0103m, s\u0103 demoraliz\u0103m, s\u0103 distrugem \u0219i s\u0103 \u00eenvingem capacit\u0103\u021bile lor\u201d, a spus Hegseth miercuri, potrivit <span><a href=\"https:\/\/www.politico.com\/news\/2026\/03\/04\/hegset-iran-war-just-begun-00811889\" target=\"_blank\" rel=\"noopener\">POLITICO<\/a><\/span>.<\/p>\n<p id=\"p-2\">Totodat\u0103, Hegseth a negat categoric c\u0103 SUA ar r\u0103m\u00e2ne f\u0103r\u0103 muni\u021bii, \u00eent\u0103rind afirma\u021biile lui Trump potrivit c\u0103rora Statele Unite dispun de un \u201estoc aproape nelimitat\u201d de arme din care s\u0103 se aprovizioneze.<\/p>\n<p id=\"p-3\">Pe de alt\u0103 parte, generalul Caine a subliniat c\u0103 loviturile au redus capacitatea Iranului de a lansa rachete \u0219i drone asupra \u021bintelor din \u00eentreaga regiune a Golfului.<\/p>\n<p id=\"p-4\">Iranul a provocat pierderi americanilor. Concret, \u0219ase solda\u021bi ai Armatei de Rezerv\u0103 a SUA au fost uci\u0219i duminic\u0103 \u00een Kuweit, dup\u0103 ce o dron\u0103 iranian\u0103 Shahed a lovit un centru de opera\u021biuni tactice care nu era complet protejat \u00eempotriva amenin\u021b\u0103rilor aeriene.<\/p>\n<h2 id=\"chapter-0\">Oficial american: \u201eVom \u00eencepe acum s\u0103 ne extindem \u00een interiorul \u021b\u0103rii\u201d<\/h2>\n<p id=\"p-5\">Recunosc\u00e2nd pierderile suferite de SUA, generalul Caine a anun\u021bat c\u0103 opera\u021biunea aerian\u0103 din Iran se va intensifica: \u201eVom \u00eencepe acum s\u0103 ne extindem \u00een interiorul \u021b\u0103rii, lovind din ce \u00een ce mai ad\u00e2nc \u00een teritoriul iranian \u0219i cre\u00e2nd o libertate de manevr\u0103 suplimentar\u0103 pentru for\u021bele americane\u201d.<\/p>\n<p id=\"p-6\">Comentariul \u0219efului Pentagonului vine dup\u0103 ce luni, pre\u0219edintele american Donald Trump a afirmat, referitor la atacurile lansate de SUA asupra Iranului, c\u0103 \u201enici m\u0103car nu am \u00eenceput s\u0103-i lovim cu putere. Valul mare nici m\u0103car nu a venit. Cel mare va veni \u00een cur\u00e2nd\u201d.<\/p>\n<p id=\"p-7\">Situa\u021bia din <span><a href=\"https:\/\/www.mediafax.ro\/externe\/razboiul-din-orientul-mijlociu-ziua-5-israel-si-sua-cresc-presiunea-si-loviturile-senatul-sua-se-pregateste-sa-l-opreasca-pe-trump-23697422\">Orientul Mijlociu<\/a><\/span> a escaladat \u00een weekend, dup\u0103 ce liderul suprem al Iranului, ayatollahul Ali Khamenei, a fost ucis \u00een urma unor atacuri lansate de SUA \u0219i Israel.<\/p>\n","protected":false},"excerpt":{"rendered":"<p>Pete Hegseth, \u0219eful Pentagonului, a afirmat miercuri faptul c\u0103 r\u0103zboiul cu Iranul \u201eabia a \u00eenceput\u201d. Avertismentele lui Hegseth \u0219i ale pre\u0219edintelui Comitetului \u0219efilor de stat major, generalul Dan Caine, cu &hellip; <a href=\"https:\/\/microscopemedia.com\/?p=680043\" class=\"more-link\">Read More<\/a><\/p>\n","protected":false},"author":1,"featured_media":680044,"comment_status":"closed","ping_status":"closed","sticky":false,"template":"Default","format":"standard","meta":[],"categories":[1],"tags":[],"_links":{"self":[{"href":"https:\/\/microscopemedia.com\/index.php?rest_route=\/wp\/v2\/posts\/680043"}],"collection":[{"href":"https:\/\/microscopemedia.com\/index.php?rest_route=\/wp\/v2\/posts"}],"about":[{"href":"https:\/\/microscopemedia.com\/index.php?rest_route=\/wp\/v2\/types\/post"}],"author":[{"embeddable":true,"href":"https:\/\/microscopemedia.com\/index.php?rest_route=\/wp\/v2\/users\/1"}],"replies":[{"embeddable":true,"href":"https:\/\/microscopemedia.com\/index.php?rest_route=%2Fwp%2Fv2%2Fcomments&post=680043"}],"version-history":[{"count":0,"href":"https:\/\/microscopemedia.com\/index.php?rest_route=\/wp\/v2\/posts\/680043\/revisions"}],"wp:featuredmedia":[{"embeddable":true,"href":"https:\/\/microscopemedia.com\/index.php?rest_route=\/wp\/v2\/media\/680044"}],"wp:attachment":[{"href":"https:\/\/microscopemedia.com\/index.php?rest_route=%2Fwp%2Fv2%2Fmedia&parent=680043"}],"wp:term":[{"taxonomy":"category","embeddable":true,"href":"https:\/\/microscopemedia.com\/index.php?rest_route=%2Fwp%2Fv2%2Fcategories&post=680043"},{"taxonomy":"post_tag","embeddable":true,"href":"https:\/\/microscopemedia.com\/index.php?rest_route=%2Fwp%2Fv2%2Ftags&post=680043"}],"curies":[{"name":"wp","href":"https:\/\/api.w.org\/{rel}","templated":true}]}}